{"id":5583,"date":"2015-12-27T08:56:42","date_gmt":"2015-12-27T08:56:42","guid":{"rendered":"http:\/\/miradordeatarfe.es\/?p=5583"},"modified":"2015-12-27T10:14:38","modified_gmt":"2015-12-27T10:14:38","slug":"lo-que-puede-hacer-un-autonomo-con-el-dinero-cobrado-de-su-paro","status":"publish","type":"post","link":"https:\/\/miradordeatarfe.es\/?p=5583","title":{"rendered":"Lo que puede hacer un aut\u00f3nomo con el dinero cobrado de su paro"},"content":{"rendered":"<p>Puede obtener la cantidad que justifique como inversi\u00f3n, con un m\u00e1ximo del 100% del importe de la prestaci\u00f3n<!--more--><\/p>\n<p>Aquellas personas que tengan previsto comenzar una actividad por cuenta propia pueden <strong>beneficiarse del pago \u00fanico para montar su negocio<\/strong>. Esta medida pretende incentivar el empleo aut\u00f3nomo abonando en un solo pago el importe total de la prestaci\u00f3n por desempleo que quede por cobrar. Lo que ocurre es que, para poder recibir el dinero, debe justificarse minuciosamente a qu\u00e9 se va a dedicar, pues no todo est\u00e1 permitido..<\/p>\n<div id=\"cds_gpt-MPU1\" class=\"c_publicidad c_roba estirar\">\u00a0En primer lugar, para disfrutar de este dinero del paro es preciso cumplir con una serie de <strong>obligaciones<\/strong>, entre las que se encuentran las siguientes:<\/div>\n<p>&#8211; Una vez que se recibe el importe de la prestaci\u00f3n es preciso <strong>comenzar la actividad por cuenta propia en el plazo m\u00e1ximo de un mes<\/strong>.<\/p>\n<p>&#8211; <strong>Presentar la documentaci\u00f3n<\/strong> que demuestre el comienzo de la actividad ante la entidad gestora.<\/p>\n<p>&#8211; La cantidad que se perciba debe destinarse <strong>a la aportaci\u00f3n social obligatoria en el caso de sociedades laborales o mercantiles o cooperativas<\/strong>, mientras que en el caso de los profesionales aut\u00f3nomos el dinero se invertir\u00e1 para la puesta en marcha del negocio.<\/p>\n<p>Hay una serie de condiciones tambi\u00e9n en funci\u00f3n de la actividad que se vaya a realizar.<\/p>\n<p>El <strong>trabajador aut\u00f3nomo o socio de entidad mercantil<\/strong> recibir\u00e1 la cuant\u00eda de la prestaci\u00f3n como pago \u00fanico y calculada en d\u00edas completos, de la cual se reducir\u00e1 el importe relativo al inter\u00e9s legal del dinero. Se puede reclamar y conseguir de manera exclusiva <strong>la cantidad que se justifique como inversi\u00f3n con un m\u00e1ximo del 100% del total de la prestaci\u00f3n<\/strong>, como recoge la web del SEPE. Tambi\u00e9n se puede destinar el pago \u00fanico a los gastos de constituci\u00f3n y funcionamiento de la nueva sociedad, entre los que se incluyen el pago de tributos y tasas. Hasta un m\u00e1ximo del 15% de la prestaci\u00f3n capitalizada se puede dedicar al pago de servicios como formaci\u00f3n, informaci\u00f3n o asesoramiento.<\/p>\n<p>Cuando se capitalice la prestaci\u00f3n para <strong>hacerse socio trabajador en una sociedad laboral o cooperativa<\/strong> existe la opci\u00f3n de conseguir en un solo pago la cantidad que toque desembolsar como aportaci\u00f3n al capital social o para financiar la cuota de ingreso en la cooperativa o para adquirir participaciones o acciones en la sociedad,<\/p>\n<div id=\"cds_gpt-MPU2\" class=\"c_publicidad c_roba estirar\">\u00a0El importe de la prestaci\u00f3n se puede dedicar a sufragar gastos de constituci\u00f3n y otros que intervengan en la puesta en marcha de la entidad, servicios espec\u00edficos de formaci\u00f3n y asesoramiento y el pago de tasas. Si no se consigue la totalidad de la prestaci\u00f3n en un solo pago puedes <strong>solicitar el abono del importe restante como subvenci\u00f3n para la cotizaci\u00f3n a la Seguridad Social<\/strong> durante el tiempo que dure la actividad.<\/div>\n<div class=\"c_publicidad c_roba estirar\"><\/div>\n<div class=\"c_publicidad c_roba estirar\"><a href=\"http:\/\/cincodias.com\/cincodias\/2015\/12\/21\/autonomos\/1450710788_953630.html\">http:\/\/cincodias.com\/cincodias\/2015\/12\/21\/autonomos\/1450710788_953630.html<\/a><\/div>\n","protected":false},"excerpt":{"rendered":"<p>Puede obtener la cantidad que justifique como inversi\u00f3n, con un m\u00e1ximo del 100% del importe&#8230;<\/p>\n","protected":false},"author":1,"featured_media":5585,"comment_status":"closed","ping_status":"closed","sticky":false,"template":"","format":"standard","meta":{"_coblocks_attr":"","_coblocks_dimensions":"","_coblocks_responsive_height":"","_coblocks_accordion_ie_support":"","jetpack_post_was_ever_published":false,"_jetpack_newsletter_access":"","_jetpack_dont_email_post_to_subs":false,"_jetpack_newsletter_tier_id":0,"_jetpack_memberships_contains_paywalled_content":false,"_jetpack_memberships_contains_paid_content":false,"footnotes":"","jetpack_publicize_message":"","jetpack_publicize_feature_enabled":true,"jetpack_social_post_already_shared":false,"jetpack_social_options":{"image_generator_settings":{"template":"highway","default_image_id":0,"enabled":false},"version":2}},"categories":[44,15],"tags":[266,1580],"class_list":["post-5583","post","type-post","status-publish","format-standard","has-post-thumbnail","hentry","category-noticias-de-hoy","category-ultimas-noticias","tag-autonomos","tag-emprendedores"],"jetpack_publicize_connections":[],"jetpack_featured_media_url":"https:\/\/i0.wp.com\/miradordeatarfe.es\/wp-content\/uploads\/2015\/12\/1450710788_953630_1450710931_noticia_normal.jpg?fit=664%2C443&ssl=1","jetpack_likes_enabled":true,"jetpack_sharing_enabled":true,"_links":{"self":[{"href":"https:\/\/miradordeatarfe.es\/index.php?rest_route=\/wp\/v2\/posts\/5583","targetHints":{"allow":["GET"]}}],"collection":[{"href":"https:\/\/miradordeatarfe.es\/index.php?rest_route=\/wp\/v2\/posts"}],"about":[{"href":"https:\/\/miradordeatarfe.es\/index.php?rest_route=\/wp\/v2\/types\/post"}],"author":[{"embeddable":true,"href":"https:\/\/miradordeatarfe.es\/index.php?rest_route=\/wp\/v2\/users\/1"}],"replies":[{"embeddable":true,"href":"https:\/\/miradordeatarfe.es\/index.php?rest_route=%2Fwp%2Fv2%2Fcomments&post=5583"}],"version-history":[{"count":1,"href":"https:\/\/miradordeatarfe.es\/index.php?rest_route=\/wp\/v2\/posts\/5583\/revisions"}],"predecessor-version":[{"id":5584,"href":"https:\/\/miradordeatarfe.es\/index.php?rest_route=\/wp\/v2\/posts\/5583\/revisions\/5584"}],"wp:featuredmedia":[{"embeddable":true,"href":"https:\/\/miradordeatarfe.es\/index.php?rest_route=\/wp\/v2\/media\/5585"}],"wp:attachment":[{"href":"https:\/\/miradordeatarfe.es\/index.php?rest_route=%2Fwp%2Fv2%2Fmedia&parent=5583"}],"wp:term":[{"taxonomy":"category","embeddable":true,"href":"https:\/\/miradordeatarfe.es\/index.php?rest_route=%2Fwp%2Fv2%2Fcategories&post=5583"},{"taxonomy":"post_tag","embeddable":true,"href":"https:\/\/miradordeatarfe.es\/index.php?rest_route=%2Fwp%2Fv2%2Ftags&post=5583"}],"curies":[{"name":"wp","href":"https:\/\/api.w.org\/{rel}","templated":true}]}}