{"id":5590,"date":"2015-12-29T06:20:51","date_gmt":"2015-12-29T06:20:51","guid":{"rendered":"http:\/\/miradordeatarfe.es\/?p=5590"},"modified":"2015-12-29T12:16:17","modified_gmt":"2015-12-29T12:16:17","slug":"el-increible-linchamiento-digital-de-la-extrema-derecha-a-una-diputada-del-psoe","status":"publish","type":"post","link":"https:\/\/miradordeatarfe.es\/?p=5590","title":{"rendered":"El incre\u00edble linchamiento digital de la extrema derecha a una diputada del PSOE"},"content":{"rendered":"<p class=\"mce\">Noelia Hern\u00e1ndez es una economista dedicada a la consultor\u00eda sobre internacionalizaci\u00f3n. No milita en ning\u00fan partido, pero desde esta legislatura es portavoz de Industria del PSPV-PSOE en las Corts Valencianes, donde es diputada. Su trayectoria pol\u00edtica y vital se vio brutalmente alterada el 6 de diciembre: desde ese d\u00eda, la extrema derecha, y cientos de personas an\u00f3nimas, la linchan a trav\u00e9s de las redes sociales. \u00bfEl motivo? Ninguno.<!--more--><\/p>\n<p class=\"mce\">La encarnizada persecuci\u00f3n a Hern\u00e1ndez arranca por casualidad.<strong> Una cuenta en Twitter ya suspendida (@EsFelina) bajo el nombre de Noelia Hern\u00e1ndez<\/strong>, que presentaba a una <strong>supuesta \u00abactivista militante\u00bb de Izquierda Unida<\/strong>, de formaci\u00f3n economista, escribe afirmaciones como estas: \u00abHay que pedir al congreso una ley para que las mujeres podamos abortar hasta con 9 meses e incluso reci\u00e9n nacido Nosotras mandamos\u00bb (6 de diciembre). \u00abEs a los 9 a\u00f1os donde debe existir consentimiento sexual La libertad sexual es primordial para todo el conjunto de los ciudadanos\u00bb (7 de diciembre).<\/p>\n<p class=\"mce\">La Diputada ha escrito en su blog un articulo2 DIFAMA QUE ALGO QUEDA\u00bb que reproducimos y dice lo siguiente:<\/p>\n<p>\u00ab<em>He de admitir que este no iba a ser mi primer post pero a veces la vida te enfrenta a situaciones inesperadas, desagradables, con las que nunca pensabas que te ibas a topar. La conclusi\u00f3n de lo que estoy pasando durante los \u00faltimos d\u00edas es que las redes sociales, aunque son un gran avance en la comunicaci\u00f3n y el flujo de informaci\u00f3n, pueden crear una indefensi\u00f3n contra la que no puedes luchar de ninguna manera y que esta sociedad 3.0 deber\u00eda plantearse c\u00f3mo pueden convivir la libertad de expresi\u00f3n y la protecci\u00f3n ante delitos contra el honor.<\/em><\/p>\n<p><em>Hace apenas unos meses decid\u00ed cambiar mi tranquila vida profesional y entrar en la pol\u00edtica de forma activa. Me dije a m\u00ed misma que quiz\u00e1 era el momento de devolverle a la sociedad lo que me hab\u00eda dado e intentar cambiar cosas que no me gustaban de nuestra pol\u00edtica actual. Entr\u00e9 a formar parte de la \u201cnueva pol\u00edtica\u201d, si bien en un partido tradicional y sin haber sido nunca antes militante. Un camino con fecha de retorno y sin intenci\u00f3n de perpetuarse.<\/em><\/p>\n<p><em>La democratizaci\u00f3n y globalizaci\u00f3n del flujo informativo tiene peligros pero el m\u00e1s grave es la falta de rigor al contrastar una noticia, as\u00ed como la proliferaci\u00f3n de pseudo \u201cmedios digitales\u201d que est\u00e1n acabando con el periodista profesional. El problema no es de la herramienta sino del que hace un mal uso de ella. \u00bfEn qu\u00e9 momento las redes sociales se han convertido en el or\u00e1culo de la verdad? \u00bfCon qu\u00e9 derecho alguien se ve en la situaci\u00f3n de juzgar, acosar e incluso atacar a alguien por algo que lea en una red social sin contrastar su veracidad? \u00bfDesde cu\u00e1ndo hay tanto odio hacia formas de pensar distintas? Durante estos d\u00edas, no solo se me ha difamado e injuriado mediante una suplantaci\u00f3n de personalidad en internet sino que he tenido que soportar el acoso y los insultos, incluso en persona, de gente que se cree en una situaci\u00f3n de superioridad moral para hacerlo, muchos de ellos ampar\u00e1ndose en la religi\u00f3n. Curioso que alguien que se considere cristiano tenga ese tipo de actitudes radicales con el pr\u00f3jimo y que la v\u00edctima, en este caso, sea la que carezca de la presunci\u00f3n de inocencia.<\/em><\/p>\n<p><em>Cuando una persona se expone a la vida p\u00fablica, asume una serie de consecuencias y entiende que, como todo en la vida, siempre habr\u00e1 gente a la que no le guste lo que haces. La cr\u00edtica constructiva es muy saludable. Sin embargo, para esto no te prepara nadie ni mucho menos para ver el sufrimiento y la impotencia de tu familia y los que te quieren.<\/em><\/p>\n<p><em>Y todo esto me hace reflexionar respecto a una falta de madurez y empat\u00eda como sociedad, ya que si se da credibilidad y se esparcen las informaciones sin verificarlas, te conviertes en cooperante de un delito y del ataque a la v\u00edctima. \u00bfRealmente queremos una sociedad en que linchemos a una persona por lo que se supone que dice en internet aunque se est\u00e9 advirtiendo que es v\u00edctima de un delito? \u00bfEs necesario lapidarla aunque sepas que es una suplantaci\u00f3n porque \u201cadem\u00e1s eres de izquierdas y mujer\u201d? Cu\u00e1nta cobard\u00eda tanto en los que acosan e insultan parapetados tras un nick, como los que usan este tipo de ataques para hacer da\u00f1o y calumniar. A m\u00ed, sinceramente, me ha mostrado una parte de la sociedad espa\u00f1ola que me asusta y de la que no me siento nada orgullosa como parte de este pa\u00eds.<\/em><\/p>\n<p><em>\u00bfQu\u00e9 repercusi\u00f3n tendr\u00e1 todo esto en mi reputaci\u00f3n y en mi honor? Difama que algo queda, ya se sabe. No estoy en posici\u00f3n de calibrarlo pero lo que tengo muy claro es que no voy a dejar de actuar como lo hago.\u00bb<\/em><\/p>\n<p>Noelia Hern\u00e1ndez<\/p>\n<p class=\"mce\">\n","protected":false},"excerpt":{"rendered":"<p>Noelia Hern\u00e1ndez es una economista dedicada a la consultor\u00eda sobre internacionalizaci\u00f3n. No milita en ning\u00fan&#8230;<\/p>\n","protected":false},"author":1,"featured_media":5592,"comment_status":"closed","ping_status":"closed","sticky":false,"template":"","format":"standard","meta":{"_coblocks_attr":"","_coblocks_dimensions":"","_coblocks_responsive_height":"","_coblocks_accordion_ie_support":"","jetpack_post_was_ever_published":false,"_jetpack_newsletter_access":"","_jetpack_dont_email_post_to_subs":false,"_jetpack_newsletter_tier_id":0,"_jetpack_memberships_contains_paywalled_content":false,"_jetpack_memberships_contains_paid_content":false,"footnotes":"","jetpack_publicize_message":"","jetpack_publicize_feature_enabled":true,"jetpack_social_post_already_shared":false,"jetpack_social_options":{"image_generator_settings":{"template":"highway","default_image_id":0,"enabled":false},"version":2}},"categories":[44,15],"tags":[1885,1884,1888,42,121,1887,1886],"class_list":["post-5590","post","type-post","status-publish","format-standard","has-post-thumbnail","hentry","category-noticias-de-hoy","category-ultimas-noticias","tag-amenazas","tag-insultos","tag-libertad-de-expresion","tag-politica","tag-redes-sociales","tag-reputacion","tag-vida-publica"],"jetpack_publicize_connections":[],"jetpack_featured_media_url":"https:\/\/i0.wp.com\/miradordeatarfe.es\/wp-content\/uploads\/2015\/12\/Noelia-Hernandez-Corts-Valencianes_EDIIMA20151222_0329_19.jpg?fit=643%2C327&ssl=1","jetpack_likes_enabled":true,"jetpack_sharing_enabled":true,"_links":{"self":[{"href":"https:\/\/miradordeatarfe.es\/index.php?rest_route=\/wp\/v2\/posts\/5590","targetHints":{"allow":["GET"]}}],"collection":[{"href":"https:\/\/miradordeatarfe.es\/index.php?rest_route=\/wp\/v2\/posts"}],"about":[{"href":"https:\/\/miradordeatarfe.es\/index.php?rest_route=\/wp\/v2\/types\/post"}],"author":[{"embeddable":true,"href":"https:\/\/miradordeatarfe.es\/index.php?rest_route=\/wp\/v2\/users\/1"}],"replies":[{"embeddable":true,"href":"https:\/\/miradordeatarfe.es\/index.php?rest_route=%2Fwp%2Fv2%2Fcomments&post=5590"}],"version-history":[{"count":2,"href":"https:\/\/miradordeatarfe.es\/index.php?rest_route=\/wp\/v2\/posts\/5590\/revisions"}],"predecessor-version":[{"id":5593,"href":"https:\/\/miradordeatarfe.es\/index.php?rest_route=\/wp\/v2\/posts\/5590\/revisions\/5593"}],"wp:featuredmedia":[{"embeddable":true,"href":"https:\/\/miradordeatarfe.es\/index.php?rest_route=\/wp\/v2\/media\/5592"}],"wp:attachment":[{"href":"https:\/\/miradordeatarfe.es\/index.php?rest_route=%2Fwp%2Fv2%2Fmedia&parent=5590"}],"wp:term":[{"taxonomy":"category","embeddable":true,"href":"https:\/\/miradordeatarfe.es\/index.php?rest_route=%2Fwp%2Fv2%2Fcategories&post=5590"},{"taxonomy":"post_tag","embeddable":true,"href":"https:\/\/miradordeatarfe.es\/index.php?rest_route=%2Fwp%2Fv2%2Ftags&post=5590"}],"curies":[{"name":"wp","href":"https:\/\/api.w.org\/{rel}","templated":true}]}}