{"id":55976,"date":"2022-09-10T11:31:20","date_gmt":"2022-09-10T09:31:20","guid":{"rendered":"https:\/\/miradordeatarfe.es\/?p=55976"},"modified":"2023-10-21T10:20:46","modified_gmt":"2023-10-21T08:20:46","slug":"atarfe-conferencia-sobre-las-huellas-del-pasado-en-medina-elvira","status":"publish","type":"post","link":"https:\/\/miradordeatarfe.es\/?p=55976","title":{"rendered":"ATARFE: CONFERENCIA SOBRE \u00abLAS HUELLAS DEL PASADO EN MEDINA ELVIRA\u00bb"},"content":{"rendered":"<h3 style=\"text-align: justify;\">La ASOCIACI\u00d3N CULTURAL AL CORA DE ILBIRA retoma el programa de actividades para el cuatrimestre septiembre-diciembre de 2022.<\/h3>\n<p style=\"text-align: justify;\">la Asociaci\u00f3n La Cora de Ilbiar espera contar con vuestra presencia el d<strong>\u00eda 19\/09 a las 19h, en el hall del C.C. Medina Elvira<\/strong>, donde se celebrar\u00e1\u00a0 la conferencia impartida por Do\u00f1a Mar\u00eda Gonz\u00e1lez Casta\u00f1on que\u00a0 nos va a acercar un poco m\u00e1s a seguir descubriendo nuestro pasado y el Yacimiento de Medina Elvira.<\/p>\n<p class=\"top-card-layout__headline break-words font-sans text-md leading-open text-color-text\" style=\"text-align: justify;\">Mar\u00eda Gonz\u00e1lez es T\u00e9cnica auxiliar del Museo de Am\u00e9rica (Departamento de Documentaci\u00f3n). Doctora en Historia Medieval. El Museo de Am\u00e9rica de Madrid es el \u00fanico museo en el mundo dedicado a la preservaci\u00f3n, investigaci\u00f3n y difusi\u00f3n del patrimonio del continente americano y los pueblos que lo han habitado hist\u00f3ricamente. La ponencia trata sobre <strong>\u00abLAS HUELLAS DEL PASADO EN MEDINA ELVIRA : LOS UTENSILIOS DE METAL\u00bb<\/strong><\/p>\n<p style=\"text-align: justify;\"><span class=\"js-work-more-abstract-untruncated\">El tradicional olvido sufrido por los objetos met\u00e1licos medievales en Espa\u00f1a, relegados casi siempre a estudios art\u00edsticos de piezas singulares, ha provocado que se deje de lado una valiosa informaci\u00f3n sobre las tecnolog\u00edas a disposici\u00f3n de la poblaci\u00f3n y sobre sus modos de vida, tanto en la esfera dom\u00e9stica como en el plano profesional y militar. Este breve trabajo trata, desde la experiencia personal, de poner de manifiesto y matizar los problemas que afectan a la investigaci\u00f3n arqueol\u00f3gica sobre la metalister\u00eda medieval, as\u00ed como establecer la necesidad de realizar clasificaciones tipol\u00f3gico-funcionales de los materiales, avanzando los primeros resultados en el caso de los metales procedentes de las excavaciones recientes de Madinat Ilbira.<\/span><\/p>\n<p>Agradecemos la colaboraci\u00f3n q presta nuestro Ayuntamiento, Diputacion y la C\u00e1tedra G\u00f3mez Moreno de la Universidad de Granada, y por supuesto vuestro apoyo como socios y socias<\/p>\n<div class=\"top-card__subline-item\"><a href=\"https:\/\/i0.wp.com\/miradordeatarfe.es\/wp-content\/uploads\/2022\/09\/WhatsApp-Image-2022-09-09-at-12.36.59.jpeg?ssl=1\"><img data-recalc-dims=\"1\" loading=\"lazy\" decoding=\"async\" class=\"alignnone  wp-image-55977\" src=\"https:\/\/i0.wp.com\/miradordeatarfe.es\/wp-content\/uploads\/2022\/09\/WhatsApp-Image-2022-09-09-at-12.36.59.jpeg?resize=640%2C362&#038;ssl=1\" alt=\"\" width=\"640\" height=\"362\" srcset=\"https:\/\/i0.wp.com\/miradordeatarfe.es\/wp-content\/uploads\/2022\/09\/WhatsApp-Image-2022-09-09-at-12.36.59.jpeg?w=840&amp;ssl=1 840w, https:\/\/i0.wp.com\/miradordeatarfe.es\/wp-content\/uploads\/2022\/09\/WhatsApp-Image-2022-09-09-at-12.36.59.jpeg?resize=300%2C170&amp;ssl=1 300w, https:\/\/i0.wp.com\/miradordeatarfe.es\/wp-content\/uploads\/2022\/09\/WhatsApp-Image-2022-09-09-at-12.36.59.jpeg?resize=768%2C434&amp;ssl=1 768w\" sizes=\"auto, (max-width: 640px) 100vw, 640px\" \/><\/a><\/div>\n","protected":false},"excerpt":{"rendered":"<p>La ASOCIACI\u00d3N CULTURAL AL CORA DE ILBIRA retoma el programa de actividades para el cuatrimestre&#8230;<\/p>\n","protected":false},"author":1,"featured_media":55980,"comment_status":"closed","ping_status":"closed","sticky":false,"template":"","format":"standard","meta":{"_coblocks_attr":"","_coblocks_dimensions":"","_coblocks_responsive_height":"","_coblocks_accordion_ie_support":"","jetpack_post_was_ever_published":false,"_jetpack_newsletter_access":"","_jetpack_dont_email_post_to_subs":false,"_jetpack_newsletter_tier_id":0,"_jetpack_memberships_contains_paywalled_content":false,"_jetpack_memberships_contains_paid_content":false,"footnotes":"","jetpack_publicize_message":"","jetpack_publicize_feature_enabled":true,"jetpack_social_post_already_shared":true,"jetpack_social_options":{"image_generator_settings":{"template":"highway","default_image_id":0,"enabled":false},"version":2}},"categories":[12,9029,5359,10431],"tags":[3485,2957,9490],"class_list":["post-55976","post","type-post","status-publish","format-standard","has-post-thumbnail","hentry","category-cultura","category-la-cora-de-ilbira","category-madinat-ilbira","category-medina-elvira-2","tag-conferencia","tag-madinat-ilbira","tag-utensilios-de-metal"],"jetpack_publicize_connections":[],"jetpack_featured_media_url":"https:\/\/i0.wp.com\/miradordeatarfe.es\/wp-content\/uploads\/2022\/09\/MAEGRFCE00552_P-2.jpg?fit=174%2C121&ssl=1","jetpack_likes_enabled":true,"jetpack_sharing_enabled":true,"_links":{"self":[{"href":"https:\/\/miradordeatarfe.es\/index.php?rest_route=\/wp\/v2\/posts\/55976","targetHints":{"allow":["GET"]}}],"collection":[{"href":"https:\/\/miradordeatarfe.es\/index.php?rest_route=\/wp\/v2\/posts"}],"about":[{"href":"https:\/\/miradordeatarfe.es\/index.php?rest_route=\/wp\/v2\/types\/post"}],"author":[{"embeddable":true,"href":"https:\/\/miradordeatarfe.es\/index.php?rest_route=\/wp\/v2\/users\/1"}],"replies":[{"embeddable":true,"href":"https:\/\/miradordeatarfe.es\/index.php?rest_route=%2Fwp%2Fv2%2Fcomments&post=55976"}],"version-history":[{"count":2,"href":"https:\/\/miradordeatarfe.es\/index.php?rest_route=\/wp\/v2\/posts\/55976\/revisions"}],"predecessor-version":[{"id":55993,"href":"https:\/\/miradordeatarfe.es\/index.php?rest_route=\/wp\/v2\/posts\/55976\/revisions\/55993"}],"wp:featuredmedia":[{"embeddable":true,"href":"https:\/\/miradordeatarfe.es\/index.php?rest_route=\/wp\/v2\/media\/55980"}],"wp:attachment":[{"href":"https:\/\/miradordeatarfe.es\/index.php?rest_route=%2Fwp%2Fv2%2Fmedia&parent=55976"}],"wp:term":[{"taxonomy":"category","embeddable":true,"href":"https:\/\/miradordeatarfe.es\/index.php?rest_route=%2Fwp%2Fv2%2Fcategories&post=55976"},{"taxonomy":"post_tag","embeddable":true,"href":"https:\/\/miradordeatarfe.es\/index.php?rest_route=%2Fwp%2Fv2%2Ftags&post=55976"}],"curies":[{"name":"wp","href":"https:\/\/api.w.org\/{rel}","templated":true}]}}