{"id":5601,"date":"2015-12-27T10:15:42","date_gmt":"2015-12-27T10:15:42","guid":{"rendered":"http:\/\/miradordeatarfe.es\/?p=5601"},"modified":"2015-12-27T10:23:40","modified_gmt":"2015-12-27T10:23:40","slug":"redoxon-y-viceversa-por-juan-alfredo-bellon","status":"publish","type":"post","link":"https:\/\/miradordeatarfe.es\/?p=5601","title":{"rendered":"REDOXON Y VICEVERSA por  Juan Alfredo Bell\u00f3n"},"content":{"rendered":"<p align=\"JUSTIFY\"><i><b>REDOXON Y VICEVERSA <\/b><\/i><b>Juan Alfredo Bell\u00f3n domingo 27-XII-2015<\/b><!--more--><\/p>\n<p align=\"JUSTIFY\">Estamos listos, pero listos de papeles. Con los resultados electorales y los premios de la loter\u00eda de Navidad, nos hemos quedado con los pies fr\u00edos, la cabeza caliente, el bolsillo tiritando y la ilusi\u00f3n intacta aunque bien jodida, a pesar de que siga valiendo el Refranero seg\u00fan el cual <i>de ilusi\u00f3n tambi\u00e9n se vive.<\/i> El caso es que <i>no hay mal que por bien no venga<\/i> ni mal o bien <i>que cien a\u00f1os dure, <\/i>ni cuerpo que lo resista, ni el pelo (de la cabeza de arriba) lo tendremos para siempre porque, en<i> cien a\u00f1os, todos calvos <\/i>y<i> m\u00e1s vale una vez rojo que ciento amarillo.<\/i><\/p>\n<p align=\"JUSTIFY\"><i> <\/i>Todo esto viene a cuento de los tiempos inmediatos tan espeluznantes que vivimos y que se nos deja vivir en este mundo traidor donde nada es verdad ni mentira y depende del color del cristal con que se mira. -\u00bfO no?- Como dir\u00eda Rajoy:<\/p>\n<p align=\"JUSTIFY\">\u00ad\u201cEl casho esh que cada cosha, a shu tiempo y a cada uno, shu caunare.<\/p>\n<p align=\"JUSTIFY\">\u00ad \u00bfO no? -Posh claro, sh\u00ed she\u00f1or. Hashta a eshto hemoh llegado. Usht\u00e9 she deshcalifica por sh\u00ed mishmo para el futuro porque pone en tela de juicio mi decencia mientras que yo lo deshcalifico a usht\u00e9 porque quiero y porque puedo. Palabra de Regishtrador de la Propiedad shacroshanta. No faltar\u00eda m\u00e1sh\u201d.<\/p>\n<p align=\"JUSTIFY\">El caso es que, con el batiburrillo que tenemos liado, no hay quien se aclare y el pa\u00eds se parece cada vez m\u00e1s a una jaula de grillos porque nadie se para, como hac\u00eda Antonio Machado, a distinguir las voces de los ecos y, a\u00fan as\u00ed, a saber entresacar de entre las voces una, esa voz aut\u00e9ntica que, sin desmerecer lo que de verdaderas tienen las dem\u00e1s, se convierte en nuestra voz gu\u00eda que, como la aguja de ganchillo, nos ayuda a desenmara\u00f1ar el nudo gordiano en que de pronto se ha convertido esta pu\u00f1etero pa\u00eds donde ya da igual Julio C\u00e9sar que Juli\u00e1n Cerezas y donde poca gente es capaz de saber que ni Santa Cruz es santa cruz, ni Santo Domingo es santo, ni Puerto Rico es tan rico p\u00b4a que lo veneren tanto. Ah, esa bendita y maldita iconoclastia, ese <i>viva la Pepa<\/i> y <i>abajo las cadenas<\/i> en que sabemos regodearnos como nadie.<\/p>\n<p align=\"JUSTIFY\">Sobre estas ruinas se levant\u00f3 en la II Rep\u00fablica el discurso de los <i>demonios familiares<\/i> de nuestro pueblo y la consiguiente receta del <i>jarabe de palo<\/i> y de la ineludible necesidad de una mano dura, a poder ser con uniforme, botas, sable y l\u00e1tigo para preservar nuestra <i>sacrosanta unidad de destino en lo universal, como<\/i> dec\u00eda el protomartir de la en\u00e9sima Cruzada. Por eso, aquel llorado testamento de <i>la Momia<\/i> a los espa\u00f1oles que nos ley\u00f3 en la tele Carnicerito de M\u00e1laga y que nos encomendaba no dejarnos llevar por los <i>demonios familiares, <\/i>a saber la desuni\u00f3n, la micronizaci\u00f3n de la politiquer\u00eda, el ate\u00edsmo y la desafecci\u00f3n de los valores patrios y religiosos de Espa\u00f1a como Vig\u00eda de Occidente, a poder ser con un Caudillo al frente.<\/p>\n<p align=\"JUSTIFY\">Y ya nadie entiende ni recuerda c\u00f3mo, sin casi darnos cuenta, se han vuelto a dar las circunstancias desdichadas que hicieron necesaria la intervenci\u00f3n divina y humana salvadoras en 1936, as\u00ed como las ulteriores limpiezas materiales y espirituales que Espa\u00f1a necesitaba a mayor gloria de Dios y para el bien de la Humanidad. Y si me equivoco al apelar al recuerdo de este <i>discurso preventivo, <\/i>d\u00edgaseme qu\u00e9 es si no la irrupci\u00f3n de tanto partiducho imberbe y desmemoriado, la creaci\u00f3n de tanta coalici\u00f3n demon\u00edaca, la constituci\u00f3n de tanta liga \u201cpel s\u00ed\u201d y \u201cpel no\u201d, de tanto derecho a decidir el suicidio patrio y el abismo nacional y universal.<\/p>\n<p align=\"JUSTIFY\">Para no hablar de la nueva irrupci\u00f3n del materialismo judeo-mas\u00f3nico, de la corrupci\u00f3n infinita de las costumbres, del abandono del decoro y de la ausencia m\u00e1s patente de la <i>hombr\u00eda de bien, <\/i>dicho sea con toda la intenci\u00f3n puesto que la *<i>hembr\u00eda de bien<\/i> no la nombra ni el <i>Diccionario <\/i>ni nuestro recio idioma, dada su inexistencia. \u00bfHasta d\u00f3nde hemos de llegar en este declive y deterioro nacionales y universales? \u00bfHasta cu\u00e1ndo, oh Catilinas, abusar\u00e9is de nuestra paciencia proteica y permitir\u00e9is que permanezcamos inanes en el cumplimiento de nuestros deberes salvadores para con la madre patria? \u00bfY c\u00f3mo podremos atajar de una vez la decadencia que nos acecha hasta lo m\u00e1s intimo de la columna vertebral, como la cabalgata madrile\u00f1a de Reinas Magas? \u00bfTendremos que llegar al Portal de Bel\u00e9n con la Ni\u00f1a Jesusa alternativa, su madre \u201cliviana\u201d Mar\u00eda, Jos\u00e9, su padre biol\u00f3gico putativo y el otro, la Paloma, el mulo y el Cabestro, etc.?<\/p>\n<p align=\"JUSTIFY\">El otro d\u00eda pas\u00e9 por mi farmacia de cabecera, a la que \u00faltimamente visito m\u00e1s de lo deseado pero menos de lo necesario y, hablando de la salud en t\u00e9rminos generales con el farmac\u00e9utico, le coment\u00e9 que este a\u00f1o me siento proclive al resfriado desde que me vacunaron contra la gripe a comienzos de oto\u00f1o, por estar yo incluido desde hace tiempo en lo que se llama poblaci\u00f3n de riesgo. Me aconsej\u00f3 uno de entre varios anti catarrales que tiene en su botica y me coment\u00f3 que \u00e9l toma tambi\u00e9n un medicamento inhibidor de los procesos producidos por enfriamiento estacional. Su nombre, <i>REDOXON<\/i>, es bien antiguo y conocido, aunque ligeramente retocado con la subespecificaci\u00f3n <i>INMUNO<\/i> <i>4<\/i>; el fabricante alem\u00e1n del f\u00e1ramaco es BAYER, hasta ahora el patr\u00f3n de Pep Guardiola; y la gracia de que presume es que \u201cayuda a protecci\u00f3n de las c\u00e9lulas frente al da\u00f1o oxidativo y al funcionamiento anormal del sistema inmunitario\u201d. Por \u00faltimo, se recomienda tomar \u201cdurante los cambios estacionales y en \u00e9pocas de gran actividad f\u00edsica o mental\u201d .<\/p>\n<p align=\"JUSTIFY\">Llegado aqu\u00ed, record\u00e9 el nombre antiguo del producto, recomendado en mi \u00e9poca de estudiante para fortalecernos frente a los excesos memor\u00edsticos de empollar a todo trapo y de cuya ingesta nos defend\u00edamos ante la insistencia paterna diciendo que su \u201cviceversa\u201d en clave, recurso entonces muy de moda por ser el nombre del la banda musical que tocaba y grababa con mi paisano Sabina (NO-XODER) no nos parec\u00eda recomendaci\u00f3n placentera ni conveniente, como tampoco lo era la del refr\u00e1n \u201cSi quieres llegar a viejo, guarda la leche en el pellejo\u201d.<\/p>\n<p align=\"JUSTIFY\">Lo que me viene al cuento y me da pie para responder a tanto alboroto del facher\u00edo y de la carcundia patrios como soportamos en nuestros d\u00edas: que se abstengan de joder y fastidiar, que tomen mucho REDOXON o viceversa, que se olviden del \u201cmucho CAF\u00c9\u201d y que vean que no se puede dar coces contra el aguij\u00f3n de la historia, que la memoria acabar\u00e1 por desenterrar lo que ellos con tanto celo ocultaron y por evidenciar que nunca podr\u00e1n prevalecer sino VICEVERSA contra los caminos de la igualdad, de la justicia y de la libertad. Que aunque sabemos que las personas somos los \u00fanicos animales capaces de tropezar dos veces en la misma piedra, tampoco es menos cierto que la historia avanza en espirales pero nunca se repite por mucho que algunos lo pretendan hasta con rogativas.<\/p>\n","protected":false},"excerpt":{"rendered":"<p>REDOXON Y VICEVERSA Juan Alfredo Bell\u00f3n domingo 27-XII-2015<\/p>\n","protected":false},"author":1,"featured_media":5602,"comment_status":"closed","ping_status":"closed","sticky":false,"template":"","format":"standard","meta":{"_coblocks_attr":"","_coblocks_dimensions":"","_coblocks_responsive_height":"","_coblocks_accordion_ie_support":"","jetpack_post_was_ever_published":false,"_jetpack_newsletter_access":"","_jetpack_dont_email_post_to_subs":false,"_jetpack_newsletter_tier_id":0,"_jetpack_memberships_contains_paywalled_content":false,"_jetpack_memberships_contains_paid_content":false,"footnotes":"","jetpack_publicize_message":"","jetpack_publicize_feature_enabled":true,"jetpack_social_post_already_shared":false,"jetpack_social_options":{"image_generator_settings":{"template":"highway","default_image_id":0,"enabled":false},"version":2}},"categories":[1161,36,44,15],"tags":[171,580],"class_list":["post-5601","post","type-post","status-publish","format-standard","has-post-thumbnail","hentry","category-ciudadania","category-opinion-de-juan-alfredo-bellon","category-noticias-de-hoy","category-ultimas-noticias","tag-elecciones","tag-votaciones"],"jetpack_publicize_connections":[],"jetpack_featured_media_url":"https:\/\/i0.wp.com\/miradordeatarfe.es\/wp-content\/uploads\/2015\/12\/red.jpeg?fit=328%2C153&ssl=1","jetpack_likes_enabled":true,"jetpack_sharing_enabled":true,"_links":{"self":[{"href":"https:\/\/miradordeatarfe.es\/index.php?rest_route=\/wp\/v2\/posts\/5601","targetHints":{"allow":["GET"]}}],"collection":[{"href":"https:\/\/miradordeatarfe.es\/index.php?rest_route=\/wp\/v2\/posts"}],"about":[{"href":"https:\/\/miradordeatarfe.es\/index.php?rest_route=\/wp\/v2\/types\/post"}],"author":[{"embeddable":true,"href":"https:\/\/miradordeatarfe.es\/index.php?rest_route=\/wp\/v2\/users\/1"}],"replies":[{"embeddable":true,"href":"https:\/\/miradordeatarfe.es\/index.php?rest_route=%2Fwp%2Fv2%2Fcomments&post=5601"}],"version-history":[{"count":1,"href":"https:\/\/miradordeatarfe.es\/index.php?rest_route=\/wp\/v2\/posts\/5601\/revisions"}],"predecessor-version":[{"id":5603,"href":"https:\/\/miradordeatarfe.es\/index.php?rest_route=\/wp\/v2\/posts\/5601\/revisions\/5603"}],"wp:featuredmedia":[{"embeddable":true,"href":"https:\/\/miradordeatarfe.es\/index.php?rest_route=\/wp\/v2\/media\/5602"}],"wp:attachment":[{"href":"https:\/\/miradordeatarfe.es\/index.php?rest_route=%2Fwp%2Fv2%2Fmedia&parent=5601"}],"wp:term":[{"taxonomy":"category","embeddable":true,"href":"https:\/\/miradordeatarfe.es\/index.php?rest_route=%2Fwp%2Fv2%2Fcategories&post=5601"},{"taxonomy":"post_tag","embeddable":true,"href":"https:\/\/miradordeatarfe.es\/index.php?rest_route=%2Fwp%2Fv2%2Ftags&post=5601"}],"curies":[{"name":"wp","href":"https:\/\/api.w.org\/{rel}","templated":true}]}}