{"id":56089,"date":"2022-09-18T11:13:30","date_gmt":"2022-09-18T09:13:30","guid":{"rendered":"https:\/\/miradordeatarfe.es\/?p=56089"},"modified":"2022-09-18T19:00:10","modified_gmt":"2022-09-18T17:00:10","slug":"serrat-impresionante-e-imprescindible-por-fuencisla-moreno","status":"publish","type":"post","link":"https:\/\/miradordeatarfe.es\/?p=56089","title":{"rendered":"\u00a1\u00a1Serrat, impresionante e imprescindible!! por Fuencisla Moreno"},"content":{"rendered":"<h3 dir=\"auto\">Fuencisla Moreno Rueda publicaba en facebook el 15 dejulio estas palabras: Un maravilloso discurso lleno de humanidad. Merece la pena leerlo.\u00a0 SERRAT TIENE DOS ACTUACIONES EN GRANADA EL 22 Y 23 DE SEPTIEMBRE<\/h3>\n<div dir=\"auto\" style=\"text-align: justify;\">\u00a0<\/div>\n<div dir=\"auto\" style=\"text-align: justify;\"><em>\u00abCon este reconocimiento de los m\u00e9ritos a mi persona ustedes tambi\u00e9n est\u00e1n reconociendo a un colectivo de mujeres y hombres que han construido camino a partir del oficio de cantar y de escribir canciones. Para los que creemos en el valor y la fuerza de las palabras es fundamental reconocer que aprend\u00ed el oficio de cantar y hacer canciones de otros, que a su vez lo hab\u00edan aprendido de otros.<\/em><\/div>\n<div dir=\"auto\" style=\"text-align: justify;\">\u00a0<\/div>\n<div dir=\"auto\" style=\"text-align: justify;\"><em>Me hace feliz pensar que tal vez con mi trabajo he podido ayudar a alg\u00fan aprendizaje. Me siento un hombre privilegiado que trabaja en lo que le gusta y al que adem\u00e1s le pagan por hacerlo. Me siento una persona querida y respetada. Me expreso y me comunico con los dem\u00e1s mirando a mi alrededor, pero tambi\u00e9n volviendo la mirada a mis interiores. Para eso escucho las voces de la calle dejando volar los pensamientos, pero tambi\u00e9n clavando los codos en la mesa. Escribir es mucho m\u00e1s que el fruto de momentos inspirados, es el resultado del esfuerzo y de la porf\u00eda por usar palabras, deshacer los mimbres, y si las musas (siempre escurridizas y enga\u00f1osas) acuden a darme una mano ser\u00e1n bienvenidas.<\/em><\/div>\n<div dir=\"auto\" style=\"text-align: justify;\">\u00a0<\/div>\n<div dir=\"auto\" style=\"text-align: justify;\"><em>El refr\u00e1n dice que quien canta, su mal espanta. Cantando se conjuran los demonios y se convierten sue\u00f1os en realidades. Cantando compartes lo que amas y te enfrentas a lo que incomoda. Las canciones viven en la memoria de la gente, viajan en los tiempos y lugares donde un d\u00eda tal vez fuimos felices. Algunas canciones son personales, intransferibles. Otras aglutinan sentimientos comunes y llegan a convertirse en libros. Todo momento tiene una banda sonora y todos tenemos nuestra canci\u00f3n. Esa canci\u00f3n que se hilvana en la entretela del alma y que uno acaba amando como se ama a s\u00ed mismo.<\/em><\/div>\n<div dir=\"auto\" style=\"text-align: justify;\">\u00a0<\/div>\n<div dir=\"auto\" style=\"text-align: justify;\"><em>Entre las muchas cosas he de agradecerle a la vida es que este oficio me ha llevado a caminar el mundo, vivir penurias econ\u00f3micas o pol\u00edticas de distintas gentes, de todo tipo y condici\u00f3n, conocer lugares distintos, otras costumbres, otras maneras. Todo ello me llev\u00f3 a concretar una idea de Patria sublimada. Fui consolidando esa idea de patria, que para unos es el territorio, para otros es el idioma, para otros la ni\u00f1ez, para algunos algo con lo que llenarse la boca y para otros con lo que llenarse la bolsa\u2026<\/em><\/div>\n<div dir=\"auto\" style=\"text-align: justify;\">\u00a0<\/div>\n<div dir=\"auto\" style=\"text-align: justify;\"><em>Mi madre dec\u00eda que su patria estaba donde sus hijos com\u00edan. Probablemente eso deben pensar las miles de madres que a lo largo y ancho del planeta caminan con sus hijos a cuestas, huyendo del dolor y de la guerra, dejando atr\u00e1s la tierra que los vio nacer; buscando un lugar donde sus hijos coman, crezcan y aprendan a convivir en paz. Vengo de una Europa mezquina y desalmada, de la orilla de un Mediterr\u00e1neo que fue trono e icono del pensamiento. Hoy me pregunto si alguien sabe decirme d\u00f3nde queda la patria de esta gente\u2026 .<\/em><\/div>\n<div dir=\"auto\" style=\"text-align: justify;\">\u00a0<\/div>\n<div dir=\"auto\" style=\"text-align: justify;\"><em>Soy como todos ustedes, fruto del tiempo y del mundo. Me ha tocado vivir un tiempo de confusi\u00f3n, angustia, soledad y falta de referentes. Se ha perdido la confianza en el sistema, en sus representantes y en sus instituciones. Los j\u00f3venes se sienten enga\u00f1ados, los mayores traicionados. Hoy m\u00e1s que nunca nos necesitamos los unos a los otros, porque todos somos importantes, y todos tenemos que sentirnos importantes.<\/em><\/div>\n<div dir=\"auto\" style=\"text-align: justify;\">\u00a0<\/div>\n<div dir=\"auto\" style=\"text-align: justify;\"><em>Los \u00faltimos a\u00f1os han sido de un extraordinario crecimiento tecnol\u00f3gico y cient\u00edfico, pero tambi\u00e9n ha sido muy grande la p\u00e9rdida de los valores morales de nuestra sociedad. Se han producido da\u00f1os terribles a la naturaleza, muchos de ellos irreparables. Es vergonzosa la corrupci\u00f3n que desde el poder se ha filtrado a toda la sociedad, m\u00e1s que una crisis econ\u00f3mica estamos atravesando una crisis de modelo de vida. Sin embargo, sorprende el conformismo con el que parte de la sociedad lo contempla, como si se tratara de una pesadilla de la que tarde o temprano despertaremos.<\/em><\/div>\n<div dir=\"auto\" style=\"text-align: justify;\">\u00a0<\/div>\n<div dir=\"auto\" style=\"text-align: justify;\"><em>Es necesario que recuperemos los valores democr\u00e1ticos y morales, que fueron sustituidos por la belleza y el mercado, donde todo tiene un precio. Debemos restaurar la memoria y reclamar un futuro para una juventud que necesita reconocerse y encontrar el camino.<\/em><\/div>\n<div dir=\"auto\" style=\"text-align: justify;\">\u00a0<\/div>\n<div dir=\"auto\" style=\"text-align: justify;\"><em>Mientras tanto, que los m\u00fasicos no paren de hacer sonar sus instrumentos, y que los poetas no dejen de usar la voz de los gritos de la angustia que nos vuelven sordos. Y que lo cotidiano no convierta en normalidad que se vuelvan piedra nuestros corazones\u00bb.<\/em><\/div>\n<div dir=\"auto\" style=\"text-align: justify;\">\u00a0<\/div>\n<div dir=\"auto\" style=\"text-align: justify;\">JOAN MANUEL SERRAT (1943)<\/div>\n<div dir=\"auto\" style=\"text-align: justify;\">Poeta y cantante espa\u00f1ol. Discurso del Nano al ser distinguido con el doctorado Honoris Causa de la Universidad de Costa Rica.<\/div>\n<div dir=\"auto\" style=\"text-align: justify;\">\u00a0<\/div>\n<div dir=\"auto\" style=\"text-align: justify;\">#Serrat<\/div>\n<div dir=\"auto\" style=\"text-align: justify;\">#DiscursoHonorisCausa<\/div>\n<div dir=\"auto\" style=\"text-align: justify;\">#JunioDe2022<\/div>\n<div dir=\"auto\" style=\"text-align: justify;\">#HistoriaXRedes<\/div>\n","protected":false},"excerpt":{"rendered":"<p>Fuencisla Moreno Rueda publicaba en facebook el 15 dejulio estas palabras: Un maravilloso discurso lleno&#8230;<\/p>\n","protected":false},"author":1,"featured_media":56090,"comment_status":"closed","ping_status":"closed","sticky":false,"template":"","format":"standard","meta":{"_coblocks_attr":"","_coblocks_dimensions":"","_coblocks_responsive_height":"","_coblocks_accordion_ie_support":"","jetpack_post_was_ever_published":false,"_jetpack_newsletter_access":"","_jetpack_dont_email_post_to_subs":false,"_jetpack_newsletter_tier_id":0,"_jetpack_memberships_contains_paywalled_content":false,"_jetpack_memberships_contains_paid_content":false,"footnotes":"","jetpack_publicize_message":"","jetpack_publicize_feature_enabled":true,"jetpack_social_post_already_shared":false,"jetpack_social_options":{"image_generator_settings":{"template":"highway","default_image_id":0,"enabled":false},"version":2}},"categories":[1161,2949,44,6937,15,10],"tags":[9514,9513,158],"class_list":["post-56089","post","type-post","status-publish","format-standard","has-post-thumbnail","hentry","category-ciudadania","category-opinion-de-fuencisla-moreno","category-noticias-de-hoy","category-sociedad","category-ultimas-noticias","category-salud","tag-cantautor","tag-joan-manuel-serrat","tag-musica"],"jetpack_publicize_connections":[],"jetpack_featured_media_url":"https:\/\/i0.wp.com\/miradordeatarfe.es\/wp-content\/uploads\/2022\/09\/292879363_941191253411708_1731791777446997247_n.jpg?fit=412%2C232&ssl=1","jetpack_likes_enabled":true,"jetpack_sharing_enabled":true,"_links":{"self":[{"href":"https:\/\/miradordeatarfe.es\/index.php?rest_route=\/wp\/v2\/posts\/56089","targetHints":{"allow":["GET"]}}],"collection":[{"href":"https:\/\/miradordeatarfe.es\/index.php?rest_route=\/wp\/v2\/posts"}],"about":[{"href":"https:\/\/miradordeatarfe.es\/index.php?rest_route=\/wp\/v2\/types\/post"}],"author":[{"embeddable":true,"href":"https:\/\/miradordeatarfe.es\/index.php?rest_route=\/wp\/v2\/users\/1"}],"replies":[{"embeddable":true,"href":"https:\/\/miradordeatarfe.es\/index.php?rest_route=%2Fwp%2Fv2%2Fcomments&post=56089"}],"version-history":[{"count":3,"href":"https:\/\/miradordeatarfe.es\/index.php?rest_route=\/wp\/v2\/posts\/56089\/revisions"}],"predecessor-version":[{"id":56119,"href":"https:\/\/miradordeatarfe.es\/index.php?rest_route=\/wp\/v2\/posts\/56089\/revisions\/56119"}],"wp:featuredmedia":[{"embeddable":true,"href":"https:\/\/miradordeatarfe.es\/index.php?rest_route=\/wp\/v2\/media\/56090"}],"wp:attachment":[{"href":"https:\/\/miradordeatarfe.es\/index.php?rest_route=%2Fwp%2Fv2%2Fmedia&parent=56089"}],"wp:term":[{"taxonomy":"category","embeddable":true,"href":"https:\/\/miradordeatarfe.es\/index.php?rest_route=%2Fwp%2Fv2%2Fcategories&post=56089"},{"taxonomy":"post_tag","embeddable":true,"href":"https:\/\/miradordeatarfe.es\/index.php?rest_route=%2Fwp%2Fv2%2Ftags&post=56089"}],"curies":[{"name":"wp","href":"https:\/\/api.w.org\/{rel}","templated":true}]}}