{"id":56155,"date":"2022-09-22T09:00:01","date_gmt":"2022-09-22T07:00:01","guid":{"rendered":"https:\/\/miradordeatarfe.es\/?p=56155"},"modified":"2022-09-19T17:24:52","modified_gmt":"2022-09-19T15:24:52","slug":"el-discurso-de-un-hombre-de-82-anos-que-eriza-la-piel-por-las-condiciones-en-las-que-vive-en-una-residencia-en-madrid","status":"publish","type":"post","link":"https:\/\/miradordeatarfe.es\/?p=56155","title":{"rendered":"El discurso de un hombre de 82 a\u00f1os que eriza la piel por las condiciones en las que vive en una residencia en Madrid"},"content":{"rendered":"<h3>El anciano ha relatado como han tenido que soportar temperaturas de 40\u00ba, como muchas veces no tienen ropa en los armarios y como pasan horas y horas sin comer nada, entre otras cosas<\/h3>\n<p>Mariano Tur\u00e9gano, un hombre de 82 a\u00f1os, residente de la Residencia y centro de d\u00eda Moscatelares, en San Sebasti\u00e1n de los Reyes, ha denunciado la situaci\u00f3n en la que est\u00e1n viviendo \u00e9l, su mujer y otras personas mayores en la citada residencia p\u00fablica madrile\u00f1a.<\/p>\n<p>El Ayuntamiento de San Sebasti\u00e1n de los Reyes presenci\u00f3 durante la sesi\u00f3n del jueves el inusual discurso de Mariano Tur\u00e9gano , quien se sub\u00eda a la tribuna con unos papeles bajo el brazo, para defender la dignidad y el respeto por los mayores.<\/p>\n<div class=\"code-block code-block-1\">\u00a0<\/div>\n<p>\u00abMi nombre es Mariano Tur\u00e9gano Garc\u00eda, tengo 82 a\u00f1os y vivo junto con otras 140 personas en la Residencia y centro de d\u00eda Moscatelares\u00bb, ha comenzado diciendo.<\/p>\n<p>Y ha continuado: \u00abHoy, hemos querido intervenir en este \u00f3rgano de representaci\u00f3n, que es tambi\u00e9n nuestro, para compartir con ustedes nuestro d\u00eda a d\u00eda que, es posible, que sea el suyo no dentro de tanto tiempo\u00bb.<\/p>\n<figure id=\"attachment_444163\" class=\"wp-caption aligncenter\" aria-describedby=\"caption-attachment-444163\"><img data-recalc-dims=\"1\" loading=\"lazy\" decoding=\"async\" class=\"wp-image-444163 size-medium td-animation-stack-type0-2\" src=\"https:\/\/i0.wp.com\/contrainformacion.es\/wp-content\/uploads\/2022\/09\/8-18-800x442.jpg?resize=640%2C354&#038;ssl=1\" sizes=\"auto, (max-width: 800px) 100vw, 800px\" srcset=\"https:\/\/contrainformacion.es\/wp-content\/uploads\/2022\/09\/8-18-800x442.jpg 800w, https:\/\/contrainformacion.es\/wp-content\/uploads\/2022\/09\/8-18-1024x566.jpg 1024w, https:\/\/contrainformacion.es\/wp-content\/uploads\/2022\/09\/8-18-150x83.jpg 150w, https:\/\/contrainformacion.es\/wp-content\/uploads\/2022\/09\/8-18-768x424.jpg 768w, https:\/\/contrainformacion.es\/wp-content\/uploads\/2022\/09\/8-18-696x385.jpg 696w, https:\/\/contrainformacion.es\/wp-content\/uploads\/2022\/09\/8-18-1068x590.jpg 1068w, https:\/\/contrainformacion.es\/wp-content\/uploads\/2022\/09\/8-18-760x420.jpg 760w, https:\/\/contrainformacion.es\/wp-content\/uploads\/2022\/09\/8-18.jpg 1243w\" alt=\"El discurso de un hombre de 82 a\u00f1os que eriza la piel por las condiciones en las que vive en una residencia en Madrid\" width=\"640\" height=\"354\" \/><figcaption id=\"caption-attachment-444163\" class=\"wp-caption-text\">El discurso de un hombre de 82 a\u00f1os que eriza la piel por las condiciones en las que vive en una residencia en Madrid<\/figcaption><\/figure>\n<h2><strong>\u00abLo p\u00fablico y lo privado se mezclan y la gesti\u00f3n de nuestro dinero se vuelve opaca\u00bb<\/strong><\/h2>\n<p>\u00abNuestro centro es responsabilidad de la Comunidad de Madrid en esa f\u00f3rmula un tanto torticera donde lo p\u00fablico y lo privado se mezclan y la gesti\u00f3n de nuestro dinero se vuelve opaca\u00bb.<\/p>\n<div class=\"td-a-rec td-a-rec-id-content_inline  \">\n<div id=\"videootv-906\" class=\"videootv\">\n<div id=\"videootv-widget-container-906\" class=\"videootv-widget-container\">\u00a0<\/div>\n<div id=\"videootv-carousel-holder\" class=\"videootv-fadeOut videootv-fadeIn\">\n<div id=\"videootv-carousel-element-0\" class=\"videootv-carousel-element\" data-link=\"https:\/\/contrainformacion.es\/maria-jesus-montero-destaca-el-ridiculo-en-el-que-han-dejado-a-feijoo-sus-propios-companeros-del-partido-popular-europeo\/?utm_source=videootv_recirculation&amp;utm_medium=carrusel\" data-target=\"_self\">\n<div class=\"videootv-carousel-element-photo-link\">\n<div class=\"videootv-carousel-element-photo-container\">\n<div class=\"videootv-carousel-element-title-container\">\n<div><span class=\"videootv-carousel-element-title\">\u25b7 Mar\u00eda Jes\u00fas Montero destaca el rid\u00edculo en el que han dejado a Feij\u00f3o sus propios com&#8230;<\/span><\/div>\n<\/div>\n<\/div>\n<\/div>\n<\/div>\n<div id=\"videootv-carousel-element-1\" class=\"videootv-carousel-element active\" data-link=\"https:\/\/contrainformacion.es\/gabriel-boric-la-politica-es-para-mejorar-la-calidad-de-vida-a-nuestro-pueblo-con-el-pueblo\/?utm_source=videootv_recirculation&amp;utm_medium=carrusel\" data-target=\"_self\">\n<div class=\"videootv-carousel-element-photo-link\">\n<div class=\"videootv-carousel-element-photo-container\">\n<div class=\"videootv-carousel-element-title-container\">\n<div><span class=\"videootv-carousel-element-title\">\u25b7 Gabriel Boric: \u00abLa pol\u00edtica es para mejorar la calidad de vida a nuestro pueblo con e&#8230;<\/span><\/div>\n<\/div>\n<\/div>\n<\/div>\n<\/div>\n<div id=\"videootv-carousel-element-2\" class=\"videootv-carousel-element\" data-link=\"https:\/\/contrainformacion.es\/monica-oltra-se-la-juega-hoy-ante-el-juez\/?utm_source=videootv_recirculation&amp;utm_medium=carrusel\" data-target=\"_self\">\n<div class=\"videootv-carousel-element-photo-link\">\n<div class=\"videootv-carousel-element-photo-container\">\n<div class=\"videootv-carousel-element-title-container\">\n<div><span class=\"videootv-carousel-element-title\">\u25b7 M\u00f3nica Oltra se la juega hoy ante el juez<\/span><\/div>\n<\/div>\n<\/div>\n<\/div>\n<\/div>\n<div id=\"videootv-carousel-element-3\" class=\"videootv-carousel-element\" data-link=\"https:\/\/contrainformacion.es\/derecho-o-etica-las-dos-vias-para-regular-el-metaverso\/?utm_source=videootv_recirculation&amp;utm_medium=carrusel\" data-target=\"_self\">\n<div class=\"videootv-carousel-element-photo-link\">\n<div class=\"videootv-carousel-element-photo-container\">\n<div class=\"videootv-carousel-element-title-container\">\n<div><span class=\"videootv-carousel-element-title\">\u25b7 \u00bfDerecho o \u00e9tica? Las dos v\u00edas para regular el metaverso<\/span><\/div>\n<\/div>\n<\/div>\n<\/div>\n<\/div>\n<div id=\"videootv-carousel-element-4\" class=\"videootv-carousel-element\" data-link=\"https:\/\/contrainformacion.es\/juan-carlos-i-incendia-twitter-tras-ofenderse-con-zarzuela-y-decir-yo-no-he-matado-a-nadie\/?utm_source=videootv_recirculation&amp;utm_medium=carrusel\" data-target=\"_self\">\n<div class=\"videootv-carousel-element-photo-link\">\n<div class=\"videootv-carousel-element-photo-container\">\n<div class=\"videootv-carousel-element-title-container\">\n<div><span class=\"videootv-carousel-element-title\">\u25b7 Juan Carlos I incendia Twitter tras ofenderse con Zarzuela y decir: \u00abYo no he matado &#8230;<\/span><\/div>\n<\/div>\n<\/div>\n<\/div>\n<\/div>\n<div id=\"videootv-carousel-next-arrow\" class=\"videootv-carousel-arrow\">\u00a0<\/div>\n<div id=\"videootv-carousel-previous-arrow\" class=\"videootv-carousel-arrow\">\u00a0<\/div>\n<div id=\"videootv-carousel-progress-bar\">\n<div id=\"videootv-carousel-progress-bar-slider\">\n<div class=\"videootv-carousel-element-progress\">\u00a0<\/div>\n<div class=\"videootv-carousel-element-progress\">\u00a0<\/div>\n<div class=\"videootv-carousel-element-progress\">\u00a0<\/div>\n<div class=\"videootv-carousel-element-progress\">\u00a0<\/div>\n<div class=\"videootv-carousel-element-progress\">\u00a0<\/div>\n<\/div>\n<\/div>\n<div id=\"videootv-carousel-read-more-wrapper-906\" class=\"videootv-carousel-read-more-wrapper\">\n<div class=\"videootv-carousel-read-more-container\">\n<div class=\"videootv-carousel-read-more-text\">Leer m\u00e1s&#8230;<\/div>\n<\/div>\n<\/div>\n<div id=\"videootv-carousel-brand-906\" class=\"videootv-carousel-brand\">\u00a0<\/div>\n<\/div>\n<\/div>\n<\/div>\n<p>\u00abEstamos hablando de la Residencia Moscatelares, en la Avenida de Marie Curie en San Sebasti\u00e1n de los Reyes. Ustedes pueden ver, desde fuera, la lamentable situaci\u00f3n en la que se encuentra el jard\u00edn que dise\u00f1aron para hacer un poco m\u00e1s amable la estancia de todos cuantos vivimos all\u00ed. Hoy no hay m\u00e1s que un secarral descuidado\u00bb.<\/p>\n<div class=\"code-block code-block-4\">\u00a0<\/div>\n<p>\u00abDentro, en nuestras habitaciones, hemos pasado el verano de 40\u00ba porque la Comunidad de Madrid mira para otro lado cuanto se trata de velar por la salud y el bienestar de sus ciudadanos\u00bb.<\/p>\n<h2><strong>Residentes hospitalizados por deshidrataci\u00f3n<\/strong><\/h2>\n<p>\u00abAlguno de nuestras compa\u00f1eras y compa\u00f1eros han sido hospitalizados este verano con altos niveles de deshidrataci\u00f3n, que agravan o desencadenaban otras patolog\u00edas\u00bb.<\/p>\n<p>\u00abHace una semana se comprometieron con nosotros a hacer las obras necesarias para la correcta climatizaci\u00f3n del centro. Hemos tenido que pelear mucho y salir en la prensa para conseguirlo. Ahora les toca a ustedes vigilar y hacer cumplir ese compromiso\u00bb.<\/p>\n<h2><strong>Medidas de seguridad inadecuadas<\/strong><\/h2>\n<p>\u00abTampoco el centro tiene las adecuadas medidas de seguridad y los compa\u00f1eros que no pueden, por problemas de salud, abandonar solos el centro, salen libremente y es la polic\u00eda quien, despu\u00e9s de horas, los encuentran perdidos por alg\u00fan supermercado y los identifican devolvi\u00e9ndoles al centro\u00bb.<\/p>\n<p>\u00abTambi\u00e9n la Comunidad de Madrid, despu\u00e9s de pelearlo, se ha comprometido a establecer un control efectivo y a optimizar la seguridad con puertas adecuadas. Nuevamente, les empleamos para que contribuyan a que esto se lleve a cabo y no permitan que sus ciudadanos, los suyos, los de San Sebasti\u00e1n de Los Reyes, estemos en estas condiciones. Quiz\u00e1s no es su orden prioritaria\u00bb.<\/p>\n<h2><strong>Falta de personal<\/strong><\/h2>\n<p>\u00abAhora voy a hablar de nuestra ciudad: de cuidadoras y cuidadores. La falta de personal hace que est\u00e9n trabajando en unas condiciones lamentables. Los 40\u00ba tambi\u00e9n son para ellos si tienen que hacer su trabajo y el de los puestos que no est\u00e1n cubiertos\u00bb.<\/p>\n<div class=\"code-block code-block-5\">\u00a0<\/div>\n<p>\u00abNos dicen que no encuentran personas que quieran trabajar, pero nosotros sabemos c\u00f3mo funciona todo esto. Hay en nuestro pa\u00eds un porcentaje muy alto de personas que, a\u00fan trabajando, no pueden llegar a fin de mes porque los sueldos son miserables\u00bb.<\/p>\n<p>\u00ab\u00bfSer\u00e1 posible tener una plantilla completa y estabilizada si las condiciones y los salarios son tan lamentables? La consecuencia es nuestra desatenci\u00f3n y esa desatenci\u00f3n puede precipitar situaciones tr\u00e1gicas\u00bb.<\/p>\n<p>\u00abHoy estoy yo aqu\u00ed en representaci\u00f3n de mis compa\u00f1eros y compa\u00f1eras, de los que pueden expresarse correctamente y reclamar sus derechos y tambi\u00e9n de los que desgraciadamente no pueden hacerlo porque sus capacidades cognitivas no son las de antes. Ellos no pueden protestar y muchas veces aprovechan esa condici\u00f3n para tapar las negligencias\u00bb.<\/p>\n<h2><strong>Sin ropa en los armarios<\/strong><\/h2>\n<p>\u00abPodr\u00eda extenderme mucho m\u00e1s explic\u00e1ndoles que no hay personal en lavander\u00eda y muchas veces no tenemos ropa en nuestros armarios porque los montones de prendas sin clasificar se acumulan en los s\u00f3tanos de la residencia\u00bb.<\/p>\n<h2><strong>Horas y horas sin comer nada<\/strong><\/h2>\n<p>\u00abPodr\u00eda decirles que la comida a veces es tan deleznable que estamos horas y horas sin comer nada. Podr\u00eda decirles que nuestra privacidad queda reducida al absurdo y que no podemos tener nada en nuestras habitaciones porque nos desaparece al instante\u00bb.<\/p>\n<p>\u00abHemos venido ya a este Ayuntamiento en otras ocasiones a pedir ayuda, que no son sus competencias nos dicen. Les voy a explicar por qu\u00e9 s\u00ed son sus competencias: porque nosotros somos ciudadanos y ciudadanas de San Sebasti\u00e1n de los Reyes. Ustedes tambi\u00e9n gobiernan para nosotros y gracias a nosotros\u00bb.<\/p>\n<p>\u00abPodemos mirar para otro lado mientras la ladrona pelea a una se\u00f1ora hasta robarle el bolso. Podemos hacerlo porque no somos polic\u00edas y no es nuestro trabajo \u00bfPero qu\u00e9 clase de personas ser\u00edamos? \u00bfAcaso no es un delito la omisi\u00f3n del deber de socorro?\u00bb<\/p>\n<p>\u00abNosotros no hemos nacido con 80 a\u00f1os. Hemos trabajado mucho, ustedes lo deber\u00edan de saber por qu\u00e9 hoy disfrutan de privilegios que nosotros peleamos, no para nosotros, sino para ustedes. Eso no se consigue mirando para otro lado. Es ins\u00f3lito que hoy estemos aqu\u00ed pidiendo vivir con dignidad\u00bb.<\/p>\n<p>\u00abAs\u00ed que no nos cuenten historias de competencias y p\u00f3nganse a trabajar torciendo la voluntad de quien tiene la responsabilidad e intenta eludirla\u00bb.<\/p>\n<p>\u00abNos gustar\u00eda irnos de aqu\u00ed con el compromiso de todos ustedes, los que nunca nos han escuchado y los que no han intentado ocuparse de nosotros. Vendremos, si es necesario, una y mil veces hasta que entiendan que s\u00ed, que s\u00ed es su asunto\u00bb.<\/p>\n<p>\u00abEl tiempo es lo \u00fanico que tenemos y pasa para todos. Esto es por nosotros, pero tambi\u00e9n por ustedes\u00bb, ha zanjado Mariano.<\/p>\n<h3 class=\"td-author-by\">Por <a href=\"https:\/\/contrainformacion.es\/author\/luna-izquierdo\/\" data-wpel-link=\"internal\">Luna Izquierdo<\/a><\/h3>\n<blockquote class=\"wp-embedded-content\" data-secret=\"KYZ8n2xY6V\"><p><a href=\"https:\/\/contrainformacion.es\/discurso-hombre-82-anos-eriza-piel-por-condiciones-en-las-que-vive-residencia-madrid\/\">El discurso de un hombre de 82 a\u00f1os que eriza la piel por las condiciones en las que vive en una residencia en Madrid<\/a><\/p><\/blockquote>\n<p><iframe loading=\"lazy\" class=\"wp-embedded-content\" sandbox=\"allow-scripts\" security=\"restricted\" style=\"position: absolute; visibility: hidden;\" title=\"\u00abEl discurso de un hombre de 82 a\u00f1os que eriza la piel por las condiciones en las que vive en una residencia en Madrid\u00bb \u2014 Contrainformaci\u00f3n\" src=\"https:\/\/contrainformacion.es\/discurso-hombre-82-anos-eriza-piel-por-condiciones-en-las-que-vive-residencia-madrid\/embed\/#?secret=bSfKHGdkjz#?secret=KYZ8n2xY6V\" data-secret=\"KYZ8n2xY6V\" width=\"600\" height=\"338\" frameborder=\"0\" marginwidth=\"0\" marginheight=\"0\" scrolling=\"no\"><\/iframe><\/p>\n","protected":false},"excerpt":{"rendered":"<p>El anciano ha relatado como han tenido que soportar temperaturas de 40\u00ba, como muchas veces&#8230;<\/p>\n","protected":false},"author":1,"featured_media":56156,"comment_status":"closed","ping_status":"closed","sticky":false,"template":"","format":"standard","meta":{"_coblocks_attr":"","_coblocks_dimensions":"","_coblocks_responsive_height":"","_coblocks_accordion_ie_support":"","jetpack_post_was_ever_published":false,"_jetpack_newsletter_access":"","_jetpack_dont_email_post_to_subs":false,"_jetpack_newsletter_tier_id":0,"_jetpack_memberships_contains_paywalled_content":false,"_jetpack_memberships_contains_paid_content":false,"footnotes":"","jetpack_publicize_message":"","jetpack_publicize_feature_enabled":true,"jetpack_social_post_already_shared":true,"jetpack_social_options":{"image_generator_settings":{"template":"highway","default_image_id":0,"enabled":false},"version":2}},"categories":[1161,7149,44,6937,15,10],"tags":[1178,178,1507],"class_list":["post-56155","post","type-post","status-publish","format-standard","has-post-thumbnail","hentry","category-ciudadania","category-coronavirus","category-noticias-de-hoy","category-sociedad","category-ultimas-noticias","category-salud","tag-ancianos","tag-competencias","tag-residencias"],"jetpack_publicize_connections":[],"jetpack_featured_media_url":"https:\/\/i0.wp.com\/miradordeatarfe.es\/wp-content\/uploads\/2022\/09\/indiceB.jpg?fit=302%2C167&ssl=1","jetpack_likes_enabled":true,"jetpack_sharing_enabled":true,"_links":{"self":[{"href":"https:\/\/miradordeatarfe.es\/index.php?rest_route=\/wp\/v2\/posts\/56155","targetHints":{"allow":["GET"]}}],"collection":[{"href":"https:\/\/miradordeatarfe.es\/index.php?rest_route=\/wp\/v2\/posts"}],"about":[{"href":"https:\/\/miradordeatarfe.es\/index.php?rest_route=\/wp\/v2\/types\/post"}],"author":[{"embeddable":true,"href":"https:\/\/miradordeatarfe.es\/index.php?rest_route=\/wp\/v2\/users\/1"}],"replies":[{"embeddable":true,"href":"https:\/\/miradordeatarfe.es\/index.php?rest_route=%2Fwp%2Fv2%2Fcomments&post=56155"}],"version-history":[{"count":1,"href":"https:\/\/miradordeatarfe.es\/index.php?rest_route=\/wp\/v2\/posts\/56155\/revisions"}],"predecessor-version":[{"id":56157,"href":"https:\/\/miradordeatarfe.es\/index.php?rest_route=\/wp\/v2\/posts\/56155\/revisions\/56157"}],"wp:featuredmedia":[{"embeddable":true,"href":"https:\/\/miradordeatarfe.es\/index.php?rest_route=\/wp\/v2\/media\/56156"}],"wp:attachment":[{"href":"https:\/\/miradordeatarfe.es\/index.php?rest_route=%2Fwp%2Fv2%2Fmedia&parent=56155"}],"wp:term":[{"taxonomy":"category","embeddable":true,"href":"https:\/\/miradordeatarfe.es\/index.php?rest_route=%2Fwp%2Fv2%2Fcategories&post=56155"},{"taxonomy":"post_tag","embeddable":true,"href":"https:\/\/miradordeatarfe.es\/index.php?rest_route=%2Fwp%2Fv2%2Ftags&post=56155"}],"curies":[{"name":"wp","href":"https:\/\/api.w.org\/{rel}","templated":true}]}}