{"id":5618,"date":"2015-12-31T08:38:42","date_gmt":"2015-12-31T08:38:42","guid":{"rendered":"http:\/\/miradordeatarfe.es\/?p=5618"},"modified":"2015-12-28T20:29:57","modified_gmt":"2015-12-28T20:29:57","slug":"el-momento-cumbre-del-deporte-en-2015","status":"publish","type":"post","link":"https:\/\/miradordeatarfe.es\/?p=5618","title":{"rendered":"El momento cumbre del deporte en 2015"},"content":{"rendered":"<div class=\"entradilla\" style=\"text-align: justify;\">Este 2015 ha sido un a\u00f1o pleno de acontecimientos deportivos donde nuestros compatriotas han lucido a gran nivel. \u00bfCu\u00e1l habr\u00e1 sido el momento cumbre del deporte en estos doce meses?<\/div>\n<p style=\"text-align: justify;\"><!--more--><\/p>\n<div id=\"HOTWordsTxt\">\n<p style=\"text-align: justify;\">El prop\u00f3sito de la <strong>Gran Encuesta del 2015<\/strong> no es otro que el de repasar este a\u00f1o que finaliza para localizar lo mejor y lo peor, los personajes de mayor impacto y ese momento cumbre que nos resultar\u00e1 dif\u00edcil de olvidar.<br \/>\nEntre las diversas cuestiones sobre las que hemos preguntado se encuentra el tema del deporte, probablemente la m\u00e1s importante de las cosas que no son en realidad importantes. Sobre este particular hemos consultado a los <strong>2.000 miembros del Club Opinamos<\/strong> que han participado en este estudio. Ellos provienen de 379 localidades distintas distribuidas por las 50 provincias de Espa\u00f1a y responden a diferentes edades, niveles de estudios e ingresos, con el objetivo de crear una foto fija de la poblaci\u00f3n espa\u00f1ola que nos sirva como muestra del conjunto de nuestra sociedad. Nuestros encuestados han respondido sobre<strong> cu\u00e1l les parec\u00eda el momento cumbre del deporte en este a\u00f1o 2015.<\/strong><br \/>\nDisciplinas minoritarias de nuestro deporte han obtenido cierto reconocimiento entre los ciudadanos encuestados. Un buen <strong>10\u20194 %<\/strong> de los espa\u00f1oles cataloga como momento cumbre deportivo el <strong>quinto campeonato del mundo de triatl\u00f3n logrado por Javier G\u00f3mez Noya<\/strong> y un estupendo <strong>13\u20191 %<\/strong> de los encuestados elige el<strong> bicampeonato del mundo de b\u00e1dminton, de la andaluza Carolina Mar\u00edn<\/strong>.<br \/>\nLos dos momentos m\u00e1s votados pertenecen a deportes con muchos m\u00e1s seguidores. La segunda plaza es para el <strong>FC. Barcelona<\/strong> y su imparable racha de triunfos en este 2015 con esa Liga, Copa y Champions, a la que ahora se ha unido el Mundial de Clubes. Para el equipo catal\u00e1n han ido el<strong> 25\u20194 %<\/strong> de los votos.<br \/>\nEl momento cumbre del deporte en 2015 seg\u00fan un excelente <strong>49\u20192 %<\/strong> de los espa\u00f1oles entrevistados fue la consecuci\u00f3n del <strong>Campeonato de Europa de Baloncesto<\/strong> por parte de nuestra Selecci\u00f3n Nacional.<\/p>\n<p style=\"text-align: justify;\">Las herramientas de segmentaci\u00f3n apenas si nos sirven para reafirmar la estad\u00edstica general. Tan s\u00f3lo es destacable que al dividir los resultados en funci\u00f3n del sexo, vemos que las <strong>mujeres<\/strong> muestran un mayor reconocimiento para los logros de <strong>Carolina Mar\u00edn<\/strong> a la que apoya un notable <strong>15\u20199 %<\/strong> de las espa\u00f1olas.<br \/>\nTambi\u00e9n, al segmentar por grupos de edad, se puede observar que los ciudadanos <strong>mayores de 60 a\u00f1os<\/strong> reparten mucho m\u00e1s sus votos, con mejores resultados para el FC. Barcelona, Carolina Mar\u00edn y Javier G\u00f3mez Noya que en el resto de edades.<\/p>\n<p style=\"text-align: justify;\">Las herramientas de segmentaci\u00f3n apenas si nos sirven para reafirmar la estad\u00edstica general. Tan s\u00f3lo es destacable que al dividir los resultados en funci\u00f3n del sexo, vemos que las <strong>mujeres<\/strong> muestran un mayor reconocimiento para los logros de <strong>Carolina Mar\u00edn<\/strong> a la que apoya un notable <strong>15\u20199 %<\/strong> de las espa\u00f1olas.<br \/>\nTambi\u00e9n, al segmentar por grupos de edad, se puede observar que los ciudadanos <strong>mayores de 60 a\u00f1os<\/strong> reparten mucho m\u00e1s sus votos, con mejores resultados para el FC. Barcelona, Carolina Mar\u00edn y Javier G\u00f3mez Noya que en el resto de edades.<\/p>\n<\/div>\n","protected":false},"excerpt":{"rendered":"<p>Este 2015 ha sido un a\u00f1o pleno de acontecimientos deportivos donde nuestros compatriotas han lucido&#8230;<\/p>\n","protected":false},"author":1,"featured_media":5619,"comment_status":"closed","ping_status":"closed","sticky":false,"template":"","format":"standard","meta":{"_coblocks_attr":"","_coblocks_dimensions":"","_coblocks_responsive_height":"","_coblocks_accordion_ie_support":"","jetpack_post_was_ever_published":false,"_jetpack_newsletter_access":"","_jetpack_dont_email_post_to_subs":false,"_jetpack_newsletter_tier_id":0,"_jetpack_memberships_contains_paywalled_content":false,"_jetpack_memberships_contains_paid_content":false,"footnotes":"","jetpack_publicize_message":"","jetpack_publicize_feature_enabled":true,"jetpack_social_post_already_shared":false,"jetpack_social_options":{"image_generator_settings":{"template":"highway","default_image_id":0,"enabled":false},"version":2}},"categories":[1161,9,44,15],"tags":[1892,123],"class_list":["post-5618","post","type-post","status-publish","format-standard","has-post-thumbnail","hentry","category-ciudadania","category-medio-ambiente","category-noticias-de-hoy","category-ultimas-noticias","tag-ano2015","tag-deportes"],"jetpack_publicize_connections":[],"jetpack_featured_media_url":"https:\/\/i0.wp.com\/miradordeatarfe.es\/wp-content\/uploads\/2015\/12\/Eurobasket-2015.jpg?fit=1200%2C450&ssl=1","jetpack_likes_enabled":true,"jetpack_sharing_enabled":true,"_links":{"self":[{"href":"https:\/\/miradordeatarfe.es\/index.php?rest_route=\/wp\/v2\/posts\/5618","targetHints":{"allow":["GET"]}}],"collection":[{"href":"https:\/\/miradordeatarfe.es\/index.php?rest_route=\/wp\/v2\/posts"}],"about":[{"href":"https:\/\/miradordeatarfe.es\/index.php?rest_route=\/wp\/v2\/types\/post"}],"author":[{"embeddable":true,"href":"https:\/\/miradordeatarfe.es\/index.php?rest_route=\/wp\/v2\/users\/1"}],"replies":[{"embeddable":true,"href":"https:\/\/miradordeatarfe.es\/index.php?rest_route=%2Fwp%2Fv2%2Fcomments&post=5618"}],"version-history":[{"count":1,"href":"https:\/\/miradordeatarfe.es\/index.php?rest_route=\/wp\/v2\/posts\/5618\/revisions"}],"predecessor-version":[{"id":5620,"href":"https:\/\/miradordeatarfe.es\/index.php?rest_route=\/wp\/v2\/posts\/5618\/revisions\/5620"}],"wp:featuredmedia":[{"embeddable":true,"href":"https:\/\/miradordeatarfe.es\/index.php?rest_route=\/wp\/v2\/media\/5619"}],"wp:attachment":[{"href":"https:\/\/miradordeatarfe.es\/index.php?rest_route=%2Fwp%2Fv2%2Fmedia&parent=5618"}],"wp:term":[{"taxonomy":"category","embeddable":true,"href":"https:\/\/miradordeatarfe.es\/index.php?rest_route=%2Fwp%2Fv2%2Fcategories&post=5618"},{"taxonomy":"post_tag","embeddable":true,"href":"https:\/\/miradordeatarfe.es\/index.php?rest_route=%2Fwp%2Fv2%2Ftags&post=5618"}],"curies":[{"name":"wp","href":"https:\/\/api.w.org\/{rel}","templated":true}]}}