{"id":56245,"date":"2022-09-28T10:45:16","date_gmt":"2022-09-28T08:45:16","guid":{"rendered":"https:\/\/miradordeatarfe.es\/?p=56245"},"modified":"2022-09-27T10:32:50","modified_gmt":"2022-09-27T08:32:50","slug":"la-noche-de-los-investigadores-programa-80-actividades-el-dia-30-en-el-paseo-del-salon","status":"publish","type":"post","link":"https:\/\/miradordeatarfe.es\/?p=56245","title":{"rendered":"La Noche de los Investigadores programa 80 actividades el d\u00eda 30 en el paseo del Sal\u00f3n"},"content":{"rendered":"<h3>M\u00e1s de 300 cient\u00edficos realizar\u00e1n talleres, demostraciones t\u00e9cnicas, presentar\u00e1n proyectos europeos de investigaci\u00f3n y organizar\u00e1n actividades para ni\u00f1os<\/h3>\n<div class=\"cuerpo\">\n<p>El Ayuntamiento de Granada se ha convertido en la casa de todos para presentar por primera vez la tercera Noche europea de los Investigadores. Este gesto simboliza el compromiso de la ciudad con la ciencia, el conocimiento y la investigaci\u00f3n como motores de desarrollo socioecon\u00f3mico, ha declarado el alcalde, Francisco Cuenca, durante la presentaci\u00f3n de las acciones Madame Curie del programa Horizonte 2020 de la Uni\u00f3n Europea, conocido popularmente como Noche de los Investigadores.<\/p>\n<p>\u00abEs el momento de que la ciudad se eche a la calle para compartir con nuestros investigadores, muchos de gran prestigio internacional, sus conocimientos y proyectos cient\u00edficos\u00bb, ha manifestado Francisco Cuenca. El alcalde ha valorado la importancia de la divulgaci\u00f3n cient\u00edfica y ha precisado que \u00abla educaci\u00f3n y la ciencia son las mejores herramientas para mejorar la sociedad\u00bb.<\/p>\n<p>En el proyecto local, convocado para el d\u00eda 30 de septiembre en el paseo del Sal\u00f3n, participan, entre otros organismos, la Universidad de Granada; el Consejo Superior de Investigaciones Cient\u00edficas a trav\u00e9s del Instituto de Astrof\u00edsica y la Estaci\u00f3n Experimental del Zaid\u00edn; las fundaciones Descubre, Progreso y Salud, de Investigaci\u00f3n Biosanitaria de Andaluc\u00eda oriental; el sistema sanitario andaluz y los parques de las Ciencias y el Tecnol\u00f3gico de la Salud.<\/p>\n<p>M\u00e1s de 300 investigadores saldr\u00e1n a la calle para divulgar sus conocimientos cient\u00edficos de una manera pr\u00e1ctica y l\u00fadica. Las 80 actividades programadas se desarrollar\u00e1n desde las 10 a las 21 horas. Las acciones de la ma\u00f1ana estar\u00e1n enfocadas hacia los alumnos de Primaria, Secundaria y Bachillerato. Las de la tarde, dirigidas al p\u00fablico en general. Al t\u00e9rmino de todas las actividades programadas tendr\u00e1 lugar una gala final con la actuaci\u00f3n de la banda de funk Befunkbop.<\/p>\n<p>El Paseo del Sal\u00f3n acoger\u00e1 en total 16 expositores, donde se realizar\u00e1n m\u00e1s de 40 talleres y demostraciones cient\u00edficas dirigidas al p\u00fablico en general: 9 de la UGR; uno de la Estaci\u00f3n Experimental del Zaid\u00edn; uno del Instituto de Astrof\u00edsica de Andaluc\u00eda; tres de la Fundaci\u00f3n Progreso y Salud; uno del Parque Tecnol\u00f3gico de la Salud de Granada, y uno de la Escuela Andaluza de Salud P\u00fablica.<\/p>\n<p>Tambi\u00e9n se contar\u00e1 con 2 puestos donde se realizar\u00e1n m\u00e1s de 30 microencuentros, as\u00ed como un expositor para el Corner Europeo para presentar 15 proyectos de investigaci\u00f3n europeos, y 7 para la zona del Kids Corner, donde habr\u00e1 actividades dirigidas a los m\u00e1s peque\u00f1os, como el planetario port\u00e1til del Parque de las Ciencias.<\/p>\n<p>No en vano, este a\u00f1o la Noche contar\u00e1 con m\u00e1s espacio para los ni\u00f1os: 6 carpas dedicadas en exclusiva a los m\u00e1s peque\u00f1os, adem\u00e1s de otros talleres para ni\u00f1os repartidos por la feria. Entre las novedades habr\u00e1 talleres de reanimaci\u00f3n cardiopulmonar (a cargo de la Fundaci\u00f3n PTS), un Planetario del Parque de las Ciencias y talleres de Ciencia y Arte, a cargo del Museo CajaGranada<\/p>\n<p>La organizaci\u00f3n de La Noche de los Investigadores 2016 de Granada conf\u00eda en superar los 14.000 visitantes que el a\u00f1o pasado asistieron a este evento, el mayor de estas caracter\u00edsticas que se organiza en Andaluc\u00eda.<\/p>\n<p>Los talleres de reanimaci\u00f3n cardiopulmonar, a cargo de la fundaci\u00f3n del PTS; de ciencia y arte, por parte del Museo de CajaGranada, y el planetario port\u00e1til del Parque de las Ciencias constituyen las novedades de la presente edici\u00f3n.<\/p>\n<p>El alcalde; la rectora de la Universidad, Pilar Aranda; el delegado de Innovaci\u00f3n de la Junta, Juan Jos\u00e9 Mart\u00edn, y representantes de los centros cient\u00edficos que organizan la Noche de los Investigadores han animado a los ciudadanos a salir a la calle para comprobar, gracias a las demostraciones y experimentos in situ, que sin ciencia no hay futuro.\u00a0<\/p>\n<p>EL INDEPENDIENTE DE GRANADA<\/p>\n<\/div>\n<p>FOTO:J. Algarra\/Ayto. Granada. El alcalde acciona un cohete en la presentaci\u00f3n de la Noche de los Investigadores.<\/p>\n<p>http:\/\/www.elindependientedegranada.es\/economia\/noche-investigadores-programa-80-actividades-dia-30-paseo-salon<\/p>\n","protected":false},"excerpt":{"rendered":"<p>M\u00e1s de 300 cient\u00edficos realizar\u00e1n talleres, demostraciones t\u00e9cnicas, presentar\u00e1n proyectos europeos de investigaci\u00f3n y organizar\u00e1n&#8230;<\/p>\n","protected":false},"author":1,"featured_media":56246,"comment_status":"closed","ping_status":"closed","sticky":false,"template":"","format":"standard","meta":{"_coblocks_attr":"","_coblocks_dimensions":"","_coblocks_responsive_height":"","_coblocks_accordion_ie_support":"","jetpack_post_was_ever_published":false,"_jetpack_newsletter_access":"","_jetpack_dont_email_post_to_subs":false,"_jetpack_newsletter_tier_id":0,"_jetpack_memberships_contains_paywalled_content":false,"_jetpack_memberships_contains_paid_content":false,"footnotes":"","jetpack_publicize_message":"","jetpack_publicize_feature_enabled":true,"jetpack_social_post_already_shared":true,"jetpack_social_options":{"image_generator_settings":{"template":"highway","default_image_id":0,"enabled":false},"version":2}},"categories":[1161,44,6937,6920,15],"tags":[53,129,9550],"class_list":["post-56245","post","type-post","status-publish","format-standard","has-post-thumbnail","hentry","category-ciudadania","category-noticias-de-hoy","category-sociedad","category-tecnologia","category-ultimas-noticias","tag-ciencia","tag-granada","tag-las-noche-de-los-investigadores"],"jetpack_publicize_connections":[],"jetpack_featured_media_url":"https:\/\/i0.wp.com\/miradordeatarfe.es\/wp-content\/uploads\/2022\/09\/la_noche_de_los_investigadores_5_red.jpg?fit=678%2C454&ssl=1","jetpack_likes_enabled":true,"jetpack_sharing_enabled":true,"_links":{"self":[{"href":"https:\/\/miradordeatarfe.es\/index.php?rest_route=\/wp\/v2\/posts\/56245","targetHints":{"allow":["GET"]}}],"collection":[{"href":"https:\/\/miradordeatarfe.es\/index.php?rest_route=\/wp\/v2\/posts"}],"about":[{"href":"https:\/\/miradordeatarfe.es\/index.php?rest_route=\/wp\/v2\/types\/post"}],"author":[{"embeddable":true,"href":"https:\/\/miradordeatarfe.es\/index.php?rest_route=\/wp\/v2\/users\/1"}],"replies":[{"embeddable":true,"href":"https:\/\/miradordeatarfe.es\/index.php?rest_route=%2Fwp%2Fv2%2Fcomments&post=56245"}],"version-history":[{"count":1,"href":"https:\/\/miradordeatarfe.es\/index.php?rest_route=\/wp\/v2\/posts\/56245\/revisions"}],"predecessor-version":[{"id":56247,"href":"https:\/\/miradordeatarfe.es\/index.php?rest_route=\/wp\/v2\/posts\/56245\/revisions\/56247"}],"wp:featuredmedia":[{"embeddable":true,"href":"https:\/\/miradordeatarfe.es\/index.php?rest_route=\/wp\/v2\/media\/56246"}],"wp:attachment":[{"href":"https:\/\/miradordeatarfe.es\/index.php?rest_route=%2Fwp%2Fv2%2Fmedia&parent=56245"}],"wp:term":[{"taxonomy":"category","embeddable":true,"href":"https:\/\/miradordeatarfe.es\/index.php?rest_route=%2Fwp%2Fv2%2Fcategories&post=56245"},{"taxonomy":"post_tag","embeddable":true,"href":"https:\/\/miradordeatarfe.es\/index.php?rest_route=%2Fwp%2Fv2%2Ftags&post=56245"}],"curies":[{"name":"wp","href":"https:\/\/api.w.org\/{rel}","templated":true}]}}