{"id":56269,"date":"2022-09-29T10:00:50","date_gmt":"2022-09-29T08:00:50","guid":{"rendered":"https:\/\/miradordeatarfe.es\/?p=56269"},"modified":"2022-09-27T12:12:00","modified_gmt":"2022-09-27T10:12:00","slug":"la-demora-en-la-atencion-primaria-en-andalucia-se-mantiene-igual-que-hace-medio-ano-citas-al-dia-siguiente-o-retrasos-de-semanas","status":"publish","type":"post","link":"https:\/\/miradordeatarfe.es\/?p=56269","title":{"rendered":"La demora en la atenci\u00f3n primaria en Andaluc\u00eda se mantiene igual que hace medio a\u00f1o: citas al d\u00eda siguiente o retrasos de semanas"},"content":{"rendered":"<h3 style=\"text-align: justify;\">Si bien la Junta de Andaluc\u00eda sit\u00faa la media de espera en 3,72 d\u00edas, hay ambulatorios en los que ver al m\u00e9dico de cabecera puede tardar m\u00e1s de una semana o que no haya huecos en la agenda y los sindicatos critican el \u201cdeterioro de la atenci\u00f3n primaria\u201d a pesar de haber m\u00e1s dinero,<\/h3>\n<p class=\"article-text\" style=\"text-align: justify;\">La atenci\u00f3n primaria de la sanidad p\u00fablica <a class=\"link\" href=\"https:\/\/www.eldiario.es\/andalucia\/mejora-atencion-primaria-llega-forma-desigual-andalucia-citas-instantaneas-no-posibilidad-cita_1_8977176.html\" target=\"_blank\" rel=\"noopener\" data-mrf-recirculation=\"links-noticia\">sigue encallada<\/a> en Andaluc\u00eda. A pesar del final de la pandemia de la Covid-19, que<a class=\"link\" href=\"https:\/\/www.eldiario.es\/andalucia\/mejora-atencion-primaria-llega-forma-desigual-andalucia-citas-instantaneas-no-posibilidad-cita_1_8977176.html\" data-mrf-recirculation=\"links-noticia\"> ha aligerado la situaci\u00f3n de los centros de salud<\/a>, la demora asistencial sigue generando problemas en muchos rincones de la comunidad. Si bien es cierto que hay ciudadanos que pueden tener cita con su m\u00e9dico de familia en apenas dos d\u00edas, la mayor\u00eda de casos a los que ha tenido acceso este medio dilatan la espera al menos una semana o no pueden solicitarla por no haber huecos en la agenda. Una realidad que contrasta con las buenas perspectivas anunciadas por la Consejer\u00eda de Salud al asegurar que la demora se sit\u00faa en 3,72 d\u00edas de media. Se trata de una cifra que ya manejaba el anterior consejero, Jes\u00fas Aguirre,<a class=\"link\" href=\"https:\/\/www.eldiario.es\/andalucia\/15-dias-ver-medico-familia-andalucia-realidad-multiplica-cinco-demora-asistencial-vende-salud_1_8759721.html\" data-mrf-recirculation=\"links-noticia\"> en febrero de este a\u00f1o.<\/a> Aunque la nueva titular del ramo, Catalina Garc\u00eda, aseguraba en sede parlamentaria que a principio de a\u00f1o la demora era de m\u00e1s de 5 d\u00edas.<\/p>\n<p class=\"article-text\" style=\"text-align: justify;\">El sector <a class=\"link\" href=\"https:\/\/www.eldiario.es\/andalucia\/nuevo-gerente-sas-compromete-mantener-12-000-sanitarios-temporales-andalucia-diciembre_1_9281907.html\" target=\"_blank\" rel=\"noopener\" data-mrf-recirculation=\"links-noticia\">acoge esta cifra con recelo<\/a> porque la experiencia diaria de gran parte de los ambulatorios no coincide con ella. No obstante, al tratarse de una media, sindicatos y profesionales dan por sentado que Salud aprovecha los datos positivos de aquellos centros de salud que tienen poca espera para obtener ese resultado al hacer n\u00fameros con los que m\u00e1s demora presentan. Mientras la nueva consejera del ramo, Catalina Garc\u00eda, aspira a conseguir que cada andaluz tenga acceso a su m\u00e9dico en 48 horas, el panorama dista de parecerse.<\/p>\n<p class=\"article-text\" style=\"text-align: justify;\">Seg\u00fan ha podido comprobar <a class=\"link\" href=\"https:\/\/elDiario.es\/andalucia\" target=\"_blank\" rel=\"noopener\" data-mrf-recirculation=\"links-noticia\">elDiario.es Andaluc\u00eda<\/a> a trav\u00e9s de m\u00e1s de un centenar de casos, la amplia mayor\u00eda de ellos no ten\u00edan una cita disponible ni telef\u00f3nica ni presencialmente hasta pasada una semana, sobre todo, en Sevilla, M\u00e1laga y Granada. Algunos de los preguntados s\u00ed pod\u00edan ver a su m\u00e9dico en apenas uno o dos d\u00edas y otros ni siquiera pod\u00edan tener acceso a una cita por no haber disponibilidad. Estos \u00faltimos son cada vez menos, pero sigue habiendo casos sin acceso a atenci\u00f3n primaria<a class=\"link\" href=\"https:\/\/www.eldiario.es\/andalucia\/mejora-atencion-primaria-llega-forma-desigual-andalucia-citas-instantaneas-no-posibilidad-cita_1_8977176.html\" data-mrf-recirculation=\"links-noticia\">. Como ya cont\u00f3 este medio hace medio a\u00f1o.<\/a><\/p>\n<p class=\"article-text\" style=\"text-align: justify;\">En Salud sacan pecho de las cifras generales cuando la consejera Garc\u00eda afirma que est\u00e1 habiendo una mejora en los ambulatorios gracias a una inversi\u00f3n de 14,7 millones de euros \u201csolo para las ocho primeras semanas del a\u00f1o\u201d que ha permitido que haya \u201c410 m\u00e9dicos de familia m\u00e1s que en 2019\u201d. Pero sindicatos, profesionales y pacientes no terminan de ver esta mejor\u00eda cuando tratan de pedir una cita y no tienen ninguna disponible a corto plazo.<\/p>\n<h3 class=\"article-text\" style=\"text-align: justify;\">La opci\u00f3n de urgencias<\/h3>\n<p class=\"article-text\" style=\"text-align: justify;\">Este es el caso de Francisco, un enfermo de diabetes que ha pasado todo el verano tratando de ver a su m\u00e9dico de cabecera con escaso \u00e9xito. \u201cTengo diabetes desde 2010, con insulina desde 2019. Llevo desde antes de verano con una tendinitis y tard\u00e9 en conseguir cita presencial casi tres semanas y ahora estoy esperando pruebas diagn\u00f3sticas para octubre\u201d. Adem\u00e1s, seg\u00fan relata, en junio su m\u00e9dico le recomend\u00f3 que se hiciese una revisi\u00f3n del pie diab\u00e9tico para actualizar el tratamiento, pero tampoco est\u00e1 encontrando facilidades.<\/p>\n<p class=\"article-text\" style=\"text-align: justify;\">\u201cLlevo intent\u00e1ndolo desde la primera semana de agosto. Me present\u00e9 en el centro de salud a las ocho de la ma\u00f1ana del pasado lunes y me dijeron en el mostrador que est\u00e1n dando solo entre tres y siete citas presenciales diarias, por lo que me dieron los tel\u00e9fonos para que lo intentara de nuevo a las ocho en punto a ver si ten\u00eda suerte\u201d. Tras mucho insistir, logr\u00f3 conseguir una cita llamando a las dos de la ma\u00f1ana para que su m\u00e9dico le viese este pasado martes. Una odisea.<\/p>\n<p class=\"article-text\" style=\"text-align: justify;\">Por casos como el de Francisco o el de ciudadanos que ni siquiera tienen posibilidad de pedir cita, las urgencias de los centros de salud tambi\u00e9n se ven colapsadas por la necesidad de los enfermos de que alguien les atienda. Un aspecto que se ha agravado en los \u00faltimos meses, a pesar de que la Junta de Andaluc\u00eda <a class=\"link\" href=\"https:\/\/www.eldiario.es\/andalucia\/andalucia-recopila-medidas-antiguas-vender-nuevo-plan-refuerzo-atencion-primaria-anuncio-moreno_1_8708226.html\" target=\"_blank\" rel=\"noopener\" data-mrf-recirculation=\"links-noticia\">traz\u00f3 un plan de mejora de la atenci\u00f3n primaria<\/a> que recog\u00eda la continuidad asistencial que permite que los m\u00e9dicos alarguen su jornada laboral o las consultas de acogida por las que los enfermeros hacen criba de los pacientes que acuden sin cita.<\/p>\n<h3 class=\"article-text\" style=\"text-align: justify;\">Aumentar la plantilla<\/h3>\n<p class=\"article-text\" style=\"text-align: justify;\">A pesar de que la realidad se empe\u00f1a en desmontarlo, la consejera Garc\u00eda afirma que la atenci\u00f3n primaria \u201cdispone de m\u00e1s actividad y menos demora, y ello es posible gracias a las reformas y al compromiso de los profesionales\u201d. Un compromiso del que no dudan los sindicatos, pero que flaquea cuando en periodos vacacionales como el verano el personal, ya escaso en los centros de salud, est\u00e1 ausente por sus descansos. Por eso, insisten, parte de la soluci\u00f3n pasa por aumentar las plantillas. M\u00e1s si cabe cuando el Sindicato M\u00e9dico advierte de que en un lustro se habr\u00e1n jubilado casi la mitad de los m\u00e9dicos de familia que hay actualmente en Andaluc\u00eda.<\/p>\n<p class=\"article-text\" style=\"text-align: justify;\">Precisamente, el portavoz de este sindicato, Rafael Carrasco, trata de arrojar luz sobre el problema de la atenci\u00f3n primaria: \u201cHay mucha heterogeneidad en Andaluc\u00eda. No es lo mismo vivir en un barrio como Pino Montano en Sevilla que vivir en la Sierra de C\u00f3rdoba. Dependiendo del nivel socioecon\u00f3mico y de la densidad de poblaci\u00f3n, el acceso al m\u00e9dico es distinto. Tambi\u00e9n lo es dependiendo el tipo de consulta que solicitemos\u201d. Al haber estas diferencias, \u201cel <a class=\"link\" href=\"https:\/\/www.sspa.juntadeandalucia.es\/servicioandaluzdesalud\/\" target=\"_blank\" rel=\"noopener\" data-mrf-recirculation=\"links-noticia\">Servicio Andaluz de Salud (SAS)<\/a> hace sus medias con estas realidades\u201d.<\/p>\n<h3 class=\"article-text\" style=\"text-align: justify;\">El \u201cdeterioro\u201d de la primaria<\/h3>\n<p class=\"article-text\" style=\"text-align: justify;\">\u201cLa situaci\u00f3n de la primaria, independientemente de los picos asistenciales, ha ido deterior\u00e1ndose en los \u00faltimos a\u00f1os, sin duda. Es verdad que se han hecho esfuerzos con la existencia de la continuidad asistencial para reducir esperas, pero seguimos en una situaci\u00f3n que no es en absoluto buena. Seguimos en una situaci\u00f3n en la que los m\u00e9dicos no tienen ni diez minutos para ver a sus pacientes. Hay que seguir poniendo medios y recursos para conseguir paliarlo\u201d. Rafael Carrasco advierte adem\u00e1s de que \u201c<a class=\"link\" href=\"https:\/\/www.eldiario.es\/andalucia\/sanidad-andaluza-encara-otono-deficit-personal-12-000-contratos-refuerzo-aire_1_9222596.html\" target=\"_blank\" rel=\"noopener\" data-mrf-recirculation=\"links-noticia\">faltan m\u00e9dicos<\/a>\u201d y que las administraciones deben trabajar para atraerlos.<\/p>\n<p class=\"article-text\" style=\"text-align: justify;\">Por su parte, Victorino Girela de CSIF asume que la atenci\u00f3n primaria \u201cest\u00e1 peor de lo que dicen en Salud\u201d. \u201cAntes de la pandemia, con menos recursos de personal, la demora de cita presencial estaba por debajo.\u00a0Ahora que tenemos cita telef\u00f3nica y presencial y te\u00f3ricamente m\u00e1s contratados, plan de accesibilidad y consulta de tarde, gastando te\u00f3ricamente m\u00e1s, resulta que tenemos m\u00e1s demora. Algo no se est\u00e1 haciendo bien\u201d. Una opini\u00f3n similar a la de los representantes de UGT y CCOO.<\/p>\n<h3 class=\"article-text\" style=\"text-align: justify;\">Mejor\u00eda \u201cpor la bajada de la demanda\u201d<\/h3>\n<p class=\"article-text\" style=\"text-align: justify;\">Antonio Mac\u00edas, portavoz sanitario en UGT, cree que el principal problema es la \u201cdesorganizaci\u00f3n\u201d y que la realidad \u201cdesmonta\u201d la demora media que dibuja la Consejer\u00eda de Salud. \u201cNo hay un plan de atenci\u00f3n primaria para resolver los atascos que se han producido con la Covid-19 o con las listas de espera. Nada de eso se ha resuelto\u201d. Mac\u00edas s\u00ed reconoce cierta mejor\u00eda, pero no por la gesti\u00f3n, sino por la bajada de la demanda por la pandemia. Sobre los datos, Jos\u00e9-Galindo Pelayo, de CCOO, cree que est\u00e1n \u201cmaquillados\u201d. \u201cNo es lo mismo sumar las citas de una zona rural, donde no hay tantos problemas, que las de grandes n\u00facleos de poblaci\u00f3n donde s\u00ed\u201d.<\/p>\n<p class=\"article-text\" style=\"text-align: justify;\">El portavoz de CCOO insiste en que hace falta crear un \u201cgrupo de trabajo\u201d para que todas las partes puedan trabajar en una soluci\u00f3n para la atenci\u00f3n primaria. \u201cSe est\u00e1 desmoronando y nadie est\u00e1 haciendo nada, por lo que es algo que nos preocupa mucho\u201d. Desde el sector recuerdan que la atenci\u00f3n primaria es la base de la sanidad p\u00fablica y que, si colapsa, todo el sistema acaba colapsando. \u201cEs urgente tomar medidas que palien los problemas que afectan no solo a los ciudadanos, sino tambi\u00e9n al personal, que est\u00e1 saturado\u201d, explican fuentes sanitarias.<\/p>\n<p><a href=\"https:\/\/www.eldiario.es\/autores\/alvaro_lopez\/\"><strong>\u00c1lvaro L\u00f3pez<\/strong><\/a><\/p>\n<div class=\"second-col\">\n<figure class=\"ni-figure\"><figcaption class=\"image-footer\"><span class=\"title\">La consejera de Salud, Catalina Garc\u00eda, aspira a que las citas con el m\u00e9dico de cabecera se puedan obtener en 48 horas <span class=\"author\"> Junta de Andaluc\u00eda<\/span> <\/span><\/figcaption><\/figure>\n<\/div>\n<footer class=\"news-info \" data-mrf-recirculation=\"firma\">\n<div class=\"info-wrapper\">\n<p>https:\/\/www.eldiario.es\/andalucia\/demora-atencion-primaria-andalucia-mantiene-igual-medio-ano-citas-dia-siguiente-retrasos-semanas_1_9551451.html<\/p>\n<\/div>\n<\/footer>\n","protected":false},"excerpt":{"rendered":"<p>Si bien la Junta de Andaluc\u00eda sit\u00faa la media de espera en 3,72 d\u00edas, hay&#8230;<\/p>\n","protected":false},"author":1,"featured_media":56270,"comment_status":"closed","ping_status":"closed","sticky":false,"template":"","format":"standard","meta":{"_coblocks_attr":"","_coblocks_dimensions":"","_coblocks_responsive_height":"","_coblocks_accordion_ie_support":"","jetpack_post_was_ever_published":false,"_jetpack_newsletter_access":"","_jetpack_dont_email_post_to_subs":false,"_jetpack_newsletter_tier_id":0,"_jetpack_memberships_contains_paywalled_content":false,"_jetpack_memberships_contains_paid_content":false,"footnotes":"","jetpack_publicize_message":"","jetpack_publicize_feature_enabled":true,"jetpack_social_post_already_shared":true,"jetpack_social_options":{"image_generator_settings":{"template":"highway","default_image_id":0,"enabled":false},"version":2}},"categories":[1161,44,7671,15,10],"tags":[9555,9556,409],"class_list":["post-56269","post","type-post","status-publish","format-standard","has-post-thumbnail","hentry","category-ciudadania","category-noticias-de-hoy","category-politica","category-ultimas-noticias","category-salud","tag-citas-medicas","tag-retrasos","tag-sanidad"],"jetpack_publicize_connections":[],"jetpack_featured_media_url":"https:\/\/i0.wp.com\/miradordeatarfe.es\/wp-content\/uploads\/2022\/09\/880751bb-38b0-43c2-97a8-8d4905b1c847_16-9-discover-aspect-ratio_default_0.jpg?fit=1200%2C675&ssl=1","jetpack_likes_enabled":true,"jetpack_sharing_enabled":true,"_links":{"self":[{"href":"https:\/\/miradordeatarfe.es\/index.php?rest_route=\/wp\/v2\/posts\/56269","targetHints":{"allow":["GET"]}}],"collection":[{"href":"https:\/\/miradordeatarfe.es\/index.php?rest_route=\/wp\/v2\/posts"}],"about":[{"href":"https:\/\/miradordeatarfe.es\/index.php?rest_route=\/wp\/v2\/types\/post"}],"author":[{"embeddable":true,"href":"https:\/\/miradordeatarfe.es\/index.php?rest_route=\/wp\/v2\/users\/1"}],"replies":[{"embeddable":true,"href":"https:\/\/miradordeatarfe.es\/index.php?rest_route=%2Fwp%2Fv2%2Fcomments&post=56269"}],"version-history":[{"count":1,"href":"https:\/\/miradordeatarfe.es\/index.php?rest_route=\/wp\/v2\/posts\/56269\/revisions"}],"predecessor-version":[{"id":56271,"href":"https:\/\/miradordeatarfe.es\/index.php?rest_route=\/wp\/v2\/posts\/56269\/revisions\/56271"}],"wp:featuredmedia":[{"embeddable":true,"href":"https:\/\/miradordeatarfe.es\/index.php?rest_route=\/wp\/v2\/media\/56270"}],"wp:attachment":[{"href":"https:\/\/miradordeatarfe.es\/index.php?rest_route=%2Fwp%2Fv2%2Fmedia&parent=56269"}],"wp:term":[{"taxonomy":"category","embeddable":true,"href":"https:\/\/miradordeatarfe.es\/index.php?rest_route=%2Fwp%2Fv2%2Fcategories&post=56269"},{"taxonomy":"post_tag","embeddable":true,"href":"https:\/\/miradordeatarfe.es\/index.php?rest_route=%2Fwp%2Fv2%2Ftags&post=56269"}],"curies":[{"name":"wp","href":"https:\/\/api.w.org\/{rel}","templated":true}]}}