{"id":56275,"date":"2022-09-28T09:26:50","date_gmt":"2022-09-28T07:26:50","guid":{"rendered":"https:\/\/miradordeatarfe.es\/?p=56275"},"modified":"2022-09-27T11:16:12","modified_gmt":"2022-09-27T09:16:12","slug":"la-natalidad-cae-en-granada-muy-por-debajo-de-los-niveles-de-la-posguerra","status":"publish","type":"post","link":"https:\/\/miradordeatarfe.es\/?p=56275","title":{"rendered":"La natalidad cae en Granada muy por debajo de los niveles de la posguerra"},"content":{"rendered":"<h3 style=\"text-align: justify;\">En el 2022, nacieron 3.457 beb\u00e9s, lo que supone un descenso significativo respecto a 2016. La natalidad del primer semestre del a\u00f1o es menos de la mitad que la de 1941<\/h3>\n<p class=\"mce\" style=\"text-align: justify;\">La ca\u00edda de la natalidad es uno de los problemas a los que se tendr\u00e1 que enfrentar la sociedad espa\u00f1ola en los pr\u00f3ximos a\u00f1os y la provincia de Granada no es una excepci\u00f3n. Seg\u00fan los datos publicados por el Instituto Nacional de Estad\u00edstica (INE) y consultados por este peri\u00f3dico, <strong class=\"mce\">el primer semestre del a\u00f1o se cerr\u00f3 con un 18,4% menos de nacimientos<\/strong> (3.457) en la provincia que los registrados para el mismo periodo en 2016 (4.237), los \u00faltimos datos fraccionados por meses en la web del INE.<\/p>\n<p class=\"mce\" style=\"text-align: justify;\">Esta ca\u00edda viene a constatar ese descenso imparable en el n\u00famero de alumbramientos, algo que queda tambi\u00e9n claro si miramos los datos de <strong class=\"mce\">1941,<\/strong> los m\u00e1s antiguos publicados por el instituto (y accesibles solo en PDF). De esta forma, <strong class=\"mce\">la provincia de Granada ha perdido en algo m\u00e1s de 80 a\u00f1os <\/strong>un\u00a061% de beb\u00e9s, pues en los primeros seis meses de aquel a\u00f1o de la posguerra vinieron al mundo 8.888 ni\u00f1os y ni\u00f1as en alg\u00fan pueblo de la provincia.<\/p>\n<p class=\"mce\" style=\"text-align: justify;\">As\u00ed, en el apartado dedicado a \u201cnacidos vivos por meses y provincias\u201d \u2013por aquel entonces se produc\u00edan muchas muertes de ni\u00f1os al dar a luz\u2013, entre enero y junio de 1941 se contabilizaron en la provincia de Granada m\u00e1s de 5.000 nacimientos menos respecto al primer semestre de este a\u00f1o. <strong class=\"mce\">En toda Espa\u00f1a<\/strong>, en ese periodo <strong class=\"mce\">se registraron 276.839 ni\u00f1os vivos.<\/strong> En los datos m\u00e1s actualizados del INE dicho indicador es de 159.705, una diferencia abismal, pues supone casi la mitad.<\/p>\n<p class=\"mce\" style=\"text-align: justify;\">Volviendo a las cifras m\u00e1s recientes, las de 2016, cuando la provincia se recuperaba de los estragos de la crisis econ\u00f3mica, ha continuado los \u00faltimos ejercicios. Si el primer semestre de ese a\u00f1o se sald\u00f3 en Granada con 4.237 nacimientos, en 2017 este dato fue de 3.877, una cantidad que se reducir\u00eda en la primera mitad de 2018 a 3.640. Al a\u00f1o siguiente, el c\u00f3mputo hasta junio se saldaba con 3.705 alumbramientos, lo que supuso una leve mejor\u00eda, aunque fue tan solo un espejismo, pues <strong class=\"mce\">en 2020 el n\u00famero de nacimientos cay\u00f3 bruscamente hasta los 3.457<\/strong> entre enero y junio.<\/p>\n<p class=\"mce\" style=\"text-align: justify;\">El INE tambi\u00e9n permite desagrupar las cifras de nacimientos<strong class=\"mce\"> por grupos de edad de la madre.<\/strong> As\u00ed el que alcanza los mayores registros es el comprendido entre los 30 y 34 a\u00f1os y los 35 a 39, que empatan con 913 nacimientos en los primeros seis meses de este a\u00f1o. El siguiente grupo de edad, con 686 nacimientos, es el de 25 a 29 a\u00f1os. A partir de aqu\u00ed la diferencia es bastante considerable, pues el siguiente grupo de edad es el de 20 a 24 (334), el de 40 a 44 (299), de 15 a 19 a\u00f1os (100), de 45 a 49 (22), de mayores de 50 (3) y, finalmente, las de menores de 15 (2).<\/p>\n<blockquote class=\"blockquote inset inset-L inset-L-w6\">\n<figure>\n<p>La provincia de Granada &#8216;ha perdido&#8217; en algo m\u00e1s de 80 a\u00f1os, 5.431 ni\u00f1os<\/p>\n<\/figure>\n<\/blockquote>\n<p class=\"mce\" style=\"text-align: justify;\">Aunque con el correspondiente descenso, <strong class=\"mce\">el ranking apenas var\u00eda con lo marcado hace seis a\u00f1os<\/strong>. En los primeros seis meses de 2016, fueron las mujeres de 30 a 34 a\u00f1os las que m\u00e1s hijos tuvieron (1.430), seguidas por las de 35-39 a\u00f1os (1.141). Le siguen, a notable distancia, las mujeres con edades comprendidas entre 25 a 29 a\u00f1os, 20 a 24, 40 a 44 a\u00f1os, 15 a 19 a\u00f1os y finalmente, las de 45 a 49 a\u00f1os. Seg\u00fan los datos facilitados por el INE para este periodo, no se produjeron alumbramientos entre mujeres con menos de 15 a\u00f1os ni con m\u00e1s de 50.<\/p>\n<p class=\"mce\" style=\"text-align: justify;\">De cualquier forma, esta bajada tan dr\u00e1stica de la natalidad <strong class=\"mce\">ya se inici\u00f3 hace 14 a\u00f1os<\/strong> con la irrupci\u00f3n de la crisis financiera a finales de 2007. Aunque fren\u00f3 su ca\u00edda a mitad de la d\u00e9cada pasada, cuando se produjo cierta recuperaci\u00f3n, no ha recuperado los valores de principios del siglo XXI, una \u00e9poca marcada por la bonanza econ\u00f3mica. Ni parece que la reversi\u00f3n sea posible a corto plazo. Esta coyuntura dibuja una pir\u00e1mide poblacional con la base cada vez m\u00e1s peque\u00f1a y que tiene numerosos efectos.<\/p>\n<p class=\"mce\" style=\"text-align: justify;\">Uno de ellos se evidencia en<strong class=\"mce\"> el \u00e1mbito educativo.<\/strong> La merma de ni\u00f1os provoca el cierre de aulas en muchos colegios y el reajuste en la oferta de escolarizaci\u00f3n. Empezando por el primer ciclo de Infantil, el de 0 a 3 a\u00f1os, que ha comenzado ya el curso escolar. Cada vez son m\u00e1s las escuelas que prestan servicio en dicha etapa que se encuentran con serias dificultades para cubrir m\u00ednimamente las plazas disponibles.<\/p>\n<p class=\"mce\" style=\"text-align: justify;\">Seg\u00fan datos de la Coordinadora de Escuelas Infantiles de Andaluc\u00eda (CEIA), correspondientes al pasado julio, en la provincia de Granada la oferta de escuelas infantiles (privadas, de convenio y p\u00fablicas) la conforman m\u00e1s de 12.000 puestos. De ellos, hay ocupados 8.500, es decir, quedan 3.500 libres. O lo que es lo mismo, un 30% de la oferta est\u00e1 vacante.<\/p>\n<p class=\"mce\" style=\"text-align: justify;\">Dicho porcentaje, aunque es bastante elevado y tiene <strong class=\"mce\">importantes consecuencias para las escuelas,<\/strong> resulta menor al registrado el curso anterior, que alcanz\u00f3 m\u00e1s del 32%. Debe recordarse que el ejercicio pasado a\u00fan estaban vigentes medidas anti Covid y que las cifras de contagios, en las fechas actuales, continuaban bastante altas, lo que provocaba el rechazo de muchas familias a escolarizar a sus hijos en estos centros.<\/p>\n<blockquote class=\"blockquote inset inset-R inset-R-w6\">\n<figure>\n<p>La merma de ni\u00f1os provoca el cierre de aulas en muchos colegios y el reajuste en la oferta<\/p>\n<\/figure>\n<\/blockquote>\n<p class=\"mce\" style=\"text-align: justify;\">En los colegios tambi\u00e9n la bajada de la natalidad ha sido fuente de pol\u00e9micas entre la Administraci\u00f3n educativa \u2013en este caso la Junta de Andaluc\u00eda\u2013, que en los \u00faltimos a\u00f1os ha cerrado aulas por la falta de demanda, y los sindicatos y AMPA, que han pedido en reiteradas ocasiones que se aproveche este descenso para reducir la ratio (el n\u00famero de alumnos por clase).<\/p>\n<p class=\"mce\" style=\"text-align: justify;\">La disminuci\u00f3n de los nacimientos empieza a afectar tambi\u00e9n a los institutos, donde se matriculan los adolescentes de una \u00e9poca de escasa natalidad.<\/p>\n<h3 style=\"text-align: justify;\"><small><\/small><small class=\"author\">D. J. G. \u00b7 M. N. <\/small><\/h3>\n<div class=\"pg-media\" style=\"text-align: justify;\">\n<figure id=\"media-holder_1814869994\" class=\"image-holder\"><figcaption>\n<div class=\"footnote\">\n<p class=\"text\">FOTO: Un padre y su hijo pasean a sus perros por la capital. <wbr \/> \/ <span class=\"source\">Photographerssports<\/span><\/p>\n<\/div>\n<\/figcaption><\/figure>\n<\/div>\n<div class=\"pg-body\">\n<section class=\"nws-data\">\n<p style=\"text-align: justify;\">https:\/\/www.granadahoy.com\/provincia\/natalidad-granada-cae-niveles-posguerra_0_1717329120.html<\/p>\n<div class=\"md-lite-share\">\n<p style=\"text-align: justify;\"><a class=\"btn  facebook small\" title=\"FACEBOOK\" href=\"https:\/\/www.facebook.com\/sharer\/sharer.php?u=https:\/\/www.granadahoy.com\/provincia\/natalidad-granada-cae-niveles-posguerra_0_1717329120.html?utm_source=facebook.com%26utm_medium=socialshare%26utm_campaign=desktop\" rel=\"popup\" data-pop-size=\"width=450, height=250\" data-pop-options=\"menubar=no,toolbar=no,resizable=yes,scrollbars=yes,left=500,top=220\">\u00a0 <\/a><\/p>\n<\/div>\n<\/section>\n<\/div>\n","protected":false},"excerpt":{"rendered":"<p>En el 2022, nacieron 3.457 beb\u00e9s, lo que supone un descenso significativo respecto a 2016&#8230;.<\/p>\n","protected":false},"author":1,"featured_media":56276,"comment_status":"closed","ping_status":"closed","sticky":false,"template":"","format":"standard","meta":{"_coblocks_attr":"","_coblocks_dimensions":"","_coblocks_responsive_height":"","_coblocks_accordion_ie_support":"","jetpack_post_was_ever_published":false,"_jetpack_newsletter_access":"","_jetpack_dont_email_post_to_subs":false,"_jetpack_newsletter_tier_id":0,"_jetpack_memberships_contains_paywalled_content":false,"_jetpack_memberships_contains_paid_content":false,"footnotes":"","jetpack_publicize_message":"","jetpack_publicize_feature_enabled":true,"jetpack_social_post_already_shared":true,"jetpack_social_options":{"image_generator_settings":{"template":"highway","default_image_id":0,"enabled":false},"version":2}},"categories":[1161,44,6937,15],"tags":[3739],"class_list":["post-56275","post","type-post","status-publish","format-standard","has-post-thumbnail","hentry","category-ciudadania","category-noticias-de-hoy","category-sociedad","category-ultimas-noticias","tag-natalidad"],"jetpack_publicize_connections":[],"jetpack_featured_media_url":"https:\/\/i0.wp.com\/miradordeatarfe.es\/wp-content\/uploads\/2022\/09\/padre-hijo-pasean-perros-capital_1717339027_165422798_667x375.jpg?fit=667%2C375&ssl=1","jetpack_likes_enabled":true,"jetpack_sharing_enabled":true,"_links":{"self":[{"href":"https:\/\/miradordeatarfe.es\/index.php?rest_route=\/wp\/v2\/posts\/56275","targetHints":{"allow":["GET"]}}],"collection":[{"href":"https:\/\/miradordeatarfe.es\/index.php?rest_route=\/wp\/v2\/posts"}],"about":[{"href":"https:\/\/miradordeatarfe.es\/index.php?rest_route=\/wp\/v2\/types\/post"}],"author":[{"embeddable":true,"href":"https:\/\/miradordeatarfe.es\/index.php?rest_route=\/wp\/v2\/users\/1"}],"replies":[{"embeddable":true,"href":"https:\/\/miradordeatarfe.es\/index.php?rest_route=%2Fwp%2Fv2%2Fcomments&post=56275"}],"version-history":[{"count":1,"href":"https:\/\/miradordeatarfe.es\/index.php?rest_route=\/wp\/v2\/posts\/56275\/revisions"}],"predecessor-version":[{"id":56278,"href":"https:\/\/miradordeatarfe.es\/index.php?rest_route=\/wp\/v2\/posts\/56275\/revisions\/56278"}],"wp:featuredmedia":[{"embeddable":true,"href":"https:\/\/miradordeatarfe.es\/index.php?rest_route=\/wp\/v2\/media\/56276"}],"wp:attachment":[{"href":"https:\/\/miradordeatarfe.es\/index.php?rest_route=%2Fwp%2Fv2%2Fmedia&parent=56275"}],"wp:term":[{"taxonomy":"category","embeddable":true,"href":"https:\/\/miradordeatarfe.es\/index.php?rest_route=%2Fwp%2Fv2%2Fcategories&post=56275"},{"taxonomy":"post_tag","embeddable":true,"href":"https:\/\/miradordeatarfe.es\/index.php?rest_route=%2Fwp%2Fv2%2Ftags&post=56275"}],"curies":[{"name":"wp","href":"https:\/\/api.w.org\/{rel}","templated":true}]}}