{"id":56280,"date":"2022-09-28T10:03:01","date_gmt":"2022-09-28T08:03:01","guid":{"rendered":"https:\/\/miradordeatarfe.es\/?p=56280"},"modified":"2022-09-25T13:08:05","modified_gmt":"2022-09-25T11:08:05","slug":"gobierno-y-junta-de-andalucia-se-unen-para-evitar-otra-sancion-millonaria-por-el-desastre-de-la-gestion-del-agua-en-donana","status":"publish","type":"post","link":"https:\/\/miradordeatarfe.es\/?p=56280","title":{"rendered":"Gobierno y Junta de Andaluc\u00eda se unen para evitar otra sanci\u00f3n millonaria por el desastre de la gesti\u00f3n del agua en Do\u00f1ana"},"content":{"rendered":"<header class=\"a_e _g _g-xs\">\n<div class=\"a_e_txt _df\">\n<h2 class=\"a_st\">Espa\u00f1a seguir\u00e1 pagando hasta 2026 la multa por el vertido de aguas fecales en Matalasca\u00f1as<\/h2>\n<\/div>\n<div class=\"a_e_m\">\u00a0<\/div>\n<\/header>\n<div class=\"a_c clearfix\" data-dtm-region=\"articulo_cuerpo\">\n<p class=\"\" style=\"text-align: justify;\">La deficiente gesti\u00f3n del agua en Espa\u00f1a est\u00e1 en el punto de mira de la Comisi\u00f3n Europea desde hace a\u00f1os. Y la extrema situaci\u00f3n que vive Do\u00f1ana ha activado otra vez las alertas en Bruselas, que amenaza con llevar de nuevo ante la justicia a Espa\u00f1a por no defender uno de los espacios protegidos m\u00e1s emblem\u00e1ticos del pa\u00eds. Con las im\u00e1genes de la laguna de Santa Olalla (el mayor humedal de Do\u00f1ana) <a href=\"https:\/\/elpais.com\/clima-y-medio-ambiente\/2022-09-03\/donana-se-seca-por-completo.html\" target=\"_blank\" rel=\"noopener\" data-link-track-dtm=\"\">seca por completo<\/a> a principios de mes recorriendo los medios de comunicaci\u00f3n europeos, el Gobierno central y la Junta de Andaluc\u00eda acaban de enviar a la Comisi\u00f3n Europea un plan conjunto de actuaciones.<\/p>\n<p class=\"\" style=\"text-align: justify;\">Ambas administraciones, con responsabilidades compartidas en este asunto, pretenden evitar que el pa\u00eds pueda ser sancionado por no controlar la presi\u00f3n que se ejerce sobre el acu\u00edfero del que vive el espacio protegido, amenazado por las extracciones ilegales para la agricultura y la macrourbanizaci\u00f3n de Matalasca\u00f1as, perteneciente al municipio onubense de Almonte.<\/p>\n<p class=\"\" style=\"text-align: justify;\">En juego est\u00e1 una previsible sanci\u00f3n del Tribunal de Justicia de la UE. Espa\u00f1a ocupa los primeros puestos entre <a href=\"https:\/\/elpais.com\/clima-y-medio-ambiente\/2022-02-20\/de-donana-a-las-aguas-fecales-los-vertederos-y-los-plasticos-espana-es-el-pais-europeo-con-mas-infracciones-medioambientales-abiertas.html\" target=\"_blank\" rel=\"noopener\" data-link-track-dtm=\"\">los pa\u00edses europeos con m\u00e1s expedientes de infracci\u00f3n abiertos por temas medioambientales<\/a> y conoce bien las consecuencias de que esos expedientes lleguen hasta el final. Es el caso de la falta de depuraci\u00f3n de las aguas residuales urbanas en varios n\u00facleos de poblaci\u00f3n, que ha supuesto ya 74,85 millones de euros desde que <a href=\"https:\/\/elpais.com\/politica\/2018\/07\/25\/actualidad\/1532508768_001001.html\" target=\"_blank\" rel=\"noopener\" data-link-track-dtm=\"\">la sanci\u00f3n fue impuesta en julio de 2018 por los incumplimientos de la norma en 17 aglomeraciones<\/a>. Es la mayor multa comunitaria a la que nunca ha tenido que hacer frente Espa\u00f1a. Mientras persistan los incumplimientos en los municipios por los que fue condenado el pa\u00eds, el importe sigue creciendo cada semestre. Todav\u00eda quedan 4 de aquellos 17 n\u00facleos sin solucionar sus problemas y la \u00faltima depuradora de este expediente que estar\u00e1 en funcionamiento no lo har\u00e1 antes de 2026, seg\u00fan la comunicaci\u00f3n m\u00e1s reciente que el Gobierno ha enviado a Bruselas. Es precisamente la de Matalasca\u00f1as, que ahora vierte sus aguas fecales con un tratamiento insuficiente a trav\u00e9s de un emisario submarino frente a la reserva de la biosfera de Do\u00f1ana.<\/p>\n<div class=\"raw_html\" style=\"text-align: justify;\">\n<div>\n<div class=\"width\"><iframe id=\"datawrapper-chart-b2Feb\" title=\"Matalasca\u00f1as y Do\u00f1ana\" src=\"https:\/\/datawrapper.dwcdn.net\/b2Feb\/1\/\" height=\"450\" frameborder=\"0\" scrolling=\"no\" aria-label=\"Mapas de ubicaci\u00f3n\" data-mce-fragment=\"1\"><\/iframe><\/div>\n<div class=\"width\">Al margen de la deficiente depuraci\u00f3n, Espa\u00f1a tiene abierto desde 2014 otro expediente por las extracciones de agua en el acu\u00edfero de Do\u00f1ana. En el verano de 2021, el Tribunal de Justicia de la UE <a href=\"https:\/\/elpais.com\/clima-y-medio-ambiente\/2021-06-24\/la-justicia-europea-condena-a-espana-por-haber-obviado-las-extracciones-ilegales-de-agua-subterranea-en-donana.html\" data-link-track-dtm=\"\">dict\u00f3 una sentencia condenatoria<\/a> en la que critic\u00f3 la falta de control sobre las detracciones de agua por parte de los freseros y desde el municipio de Matalasca\u00f1as. Aquella sentencia no acarreaba una sanci\u00f3n, una carta que ten\u00eda guardada la Comisi\u00f3n.<\/div>\n<\/div>\n<\/div>\n<figure class=\"a_m a_m-h\" style=\"text-align: justify;\"><span class=\"_db a_m_w _pr lb_btn\"><img data-recalc-dims=\"1\" loading=\"lazy\" decoding=\"async\" class=\"_re lazyload a_m-h alignleft\" src=\"https:\/\/i0.wp.com\/imagenes.elpais.com\/resizer\/obhiXeVQ-4OyF939YK6jWK0E2A4%3D\/414x0\/cloudfront-eu-central-1.images.arcpublishing.com\/prisa\/ASISH7G6RBEM5JVKIB3FND6DK4.jpg?resize=414%2C266&#038;ssl=1\" srcset=\"https:\/\/imagenes.elpais.com\/resizer\/obhiXeVQ-4OyF939YK6jWK0E2A4=\/414x0\/cloudfront-eu-central-1.images.arcpublishing.com\/prisa\/ASISH7G6RBEM5JVKIB3FND6DK4.jpg 414w,https:\/\/imagenes.elpais.com\/resizer\/uU7dNHZPdkypYxLCYW41rDDdlS8=\/828x0\/cloudfront-eu-central-1.images.arcpublishing.com\/prisa\/ASISH7G6RBEM5JVKIB3FND6DK4.jpg 640w,https:\/\/imagenes.elpais.com\/resizer\/pkgWAdQc6EtRjWftdGU5Oiw_Tys=\/980x0\/cloudfront-eu-central-1.images.arcpublishing.com\/prisa\/ASISH7G6RBEM5JVKIB3FND6DK4.jpg 1000w,https:\/\/imagenes.elpais.com\/resizer\/2FjW0F3j0xPWDlAbO97GGFqcJVc=\/1960x0\/cloudfront-eu-central-1.images.arcpublishing.com\/prisa\/ASISH7G6RBEM5JVKIB3FND6DK4.jpg 1960w\" alt=\"Marismas vistas desde la duna del Cerro de los Ansares en el  Parque Nacional de Do\u00f1ana.\" width=\"414\" height=\"266\" \/><\/span><figcaption class=\"a_m_p\">Marismas vistas desde la duna del Cerro de los Ansares en el Parque Nacional de Do\u00f1ana.<span class=\"a_m_m\">PACO PUENTES<\/span><\/figcaption><\/figure>\n<p class=\"\" style=\"text-align: justify;\">Sin embargo, en febrero pasado, la directora general europea de Medio Ambiente, Florika Fink-Hooijer, amenaz\u00f3 a Espa\u00f1a por carta con llevarla de nuevo a los tribunales tras conocerse <a href=\"https:\/\/elpais.com\/clima-y-medio-ambiente\/2022-02-09\/el-parlamento-andaluz-da-luz-verde-a-la-legalizacion-de-regadios-en-donana-con-la-abstencion-del-psoe.html\" target=\"_blank\" rel=\"noopener\" data-link-track-dtm=\"\">el plan de la derecha andaluza para aumentar el regad\u00edo de los invernaderos de fresas cercanos a la reserva<\/a>, ahora aparcado por el PP andaluz ante la grave sequ\u00eda. El plan iba en la direcci\u00f3n contraria al cumplimiento de la sentencia de los magistrados del tribunal con sede en Luxemburgo, que exig\u00edan corregir de inmediato el da\u00f1o al acu\u00edfero \u201csobreexplotado\u201d de Do\u00f1ana.<\/p>\n<p class=\"\" style=\"text-align: justify;\">Ha pasado m\u00e1s de un a\u00f1o del fallo y la cr\u00edtica situaci\u00f3n de la biodiversidad en el humedal se acerca a un punto de no retorno, alertan los cient\u00edficos. Para revertirla, ahora el Ministerio para la Transici\u00f3n Ecol\u00f3gica y la Junta han aparcado sus diferencias y han presentado a Bruselas un paquete conjunto de medidas correctoras. \u201cEsta vez hemos ido de la mano y no nos vamos pisando uno a otro el cuello, eso es un cambio significativo porque al final la mala reputaci\u00f3n es para Espa\u00f1a. Ha habido una diferencia entre los borradores de hace seis meses y ahora\u201d, afirm\u00f3 el jueves el viceconsejero andaluz de Sostenibilidad, Medio Ambiente y Econom\u00eda Azul, Sergio Arjona, en una visita para recorrer la reserva. El calado de las medidas del ministerio supera con creces a las de la Junta.<\/p>\n<p class=\"\" style=\"text-align: justify;\">El ministerio plantea una bater\u00eda de 20 medidas que suman 114 millones de inversi\u00f3n. En esta suma el Gobierno incluye grandes infraestructuras h\u00eddricas para mejorar el estado del acu\u00edfero, como la transferencia de aguas superficiales desde la cuenca de los r\u00edos Tinto y Odiel al Guadalquivir y el recrecimiento del embalse del r\u00edo Agrio, por 45 millones. Transici\u00f3n Ecol\u00f3gica resalta las acciones previstas para minimizar el da\u00f1o desde Matalasca\u00f1as, como la nueva depuradora, as\u00ed como el cierre de los dos sondeos que afectan a los humedales m\u00e1s pr\u00f3ximos a la macrourbanizaci\u00f3n.<\/p>\n<p class=\"\" style=\"text-align: justify;\">Adem\u00e1s, figura la acci\u00f3n para cerrar 1.143 pozos ilegales en los invernaderos cercanos a la reserva que llevan a cabo sus agentes medioambientales, un modelo matem\u00e1tico para simular c\u00f3mo evolucionan los acu\u00edferos y la automatizaci\u00f3n de los 114 sondeos que miden su nivel, hoy bajo m\u00ednimos. Por \u00faltimo, el ministerio rescata actuaciones pendientes a\u00fan del proyecto Do\u00f1ana 2005 por 16 millones, lo que da una idea del retraso de inversiones que acumulan las Administraciones para cuidar la reserva.<\/p>\n<p class=\"\" style=\"text-align: justify;\">La Junta pone el foco por su parte en la creaci\u00f3n de un grupo de trabajo cient\u00edfico t\u00e9cnico para aclarar c\u00f3mo afecta la falta de agua superficial y subterr\u00e1nea a la ecolog\u00eda de Do\u00f1ana, as\u00ed como un estudio para constatar la afecci\u00f3n de las extracciones de agua \u2014legales e ilegales\u2014 a los h\u00e1bitats protegidos, entre otras medidas. Adem\u00e1s, prev\u00e9 establecer \u201clos umbrales de tolerancia de los h\u00e1bitats\u201d respecto a los niveles de agua.<\/p>\n<figure class=\"a_m a_m-h\" style=\"text-align: justify;\"><span class=\"_db a_m_w _pr lb_btn\"><img data-recalc-dims=\"1\" loading=\"lazy\" decoding=\"async\" class=\"_re lazyload a_m-h alignright\" src=\"https:\/\/i0.wp.com\/imagenes.elpais.com\/resizer\/bj2XmrowRNTu4LBaI--b28uJEKs%3D\/414x0\/cloudfront-eu-central-1.images.arcpublishing.com\/prisa\/Q2WEQ2FZVZBDVCOF6P2SNEGASA.jpg?resize=414%2C254&#038;ssl=1\" srcset=\"https:\/\/imagenes.elpais.com\/resizer\/bj2XmrowRNTu4LBaI--b28uJEKs=\/414x0\/cloudfront-eu-central-1.images.arcpublishing.com\/prisa\/Q2WEQ2FZVZBDVCOF6P2SNEGASA.jpg 414w,https:\/\/imagenes.elpais.com\/resizer\/v999ujXliRMYgh0hcDG_g96Wbns=\/828x0\/cloudfront-eu-central-1.images.arcpublishing.com\/prisa\/Q2WEQ2FZVZBDVCOF6P2SNEGASA.jpg 640w,https:\/\/imagenes.elpais.com\/resizer\/bYzC8Ko43YiohARAjVSPHsdkKgo=\/980x0\/cloudfront-eu-central-1.images.arcpublishing.com\/prisa\/Q2WEQ2FZVZBDVCOF6P2SNEGASA.jpg 1000w,https:\/\/imagenes.elpais.com\/resizer\/C4wkp2_r4foxaCk42JkK0uf7wwg=\/1960x0\/cloudfront-eu-central-1.images.arcpublishing.com\/prisa\/Q2WEQ2FZVZBDVCOF6P2SNEGASA.jpg 1960w\" alt=\"Un fot\u00f3grafo, en la laguna de Santa Olalla de Do\u00f1ana. \" width=\"414\" height=\"254\" \/><\/span><figcaption class=\"a_m_p\">Un fot\u00f3grafo, en la laguna de Santa Olalla de Do\u00f1ana. <span class=\"a_m_m\">PACO PUENTES<\/span><\/figcaption><\/figure>\n<p class=\"\" style=\"text-align: justify;\">En su propuesta, la Junta no aborda de momento el principal problema: los pozos ilegales, que proliferan a pesar de las multas de sus propios agentes medioambientales y los de la Confederaci\u00f3n Hidrogr\u00e1fica del Guadalquivir, dependiente del ministerio. El escollo fundamental es la falta de coordinaci\u00f3n, ya que cuando la confederaci\u00f3n cierra un pozo, poco despu\u00e9s el agricultor pincha otro y la Junta no lo obliga a desmantelar la estructura del invernadero que permite continuar con su negocio de bayas. Cuando un agricultor es denunciado, la actuaci\u00f3n final de la justicia para intervenir y clausurar las explotaciones se demora entre seis y siete a\u00f1os.<\/p>\n<p class=\"\" style=\"text-align: justify;\">El director de la Estaci\u00f3n Biol\u00f3gica de Do\u00f1ana (perteneciente al CSIC), Eloy Revilla, lament\u00f3 el jueves desde Santa Olalla \u2015que ahora acumula un peque\u00f1o charco de 200 metros cuadrados\u2015 la \u201cfalta de gobernanza\u201d. \u201cLa Consejer\u00eda de Agricultura deber\u00eda coordinarse con la polic\u00eda de agua porque es un problema complejo y estructural. Al final, \u00bfqu\u00e9 pasar\u00e1? Los pueblos se quedar\u00e1n sin agua, el acu\u00edfero se salinizar\u00e1 y, entonces, ya ni agua ni pueblo. No podemos esperar a que se produzca un desastre ambiental para actuar\u201d.<\/p>\n<p class=\"\" style=\"text-align: justify;\">El retraso que acumula la Junta respecto a la reserva es llamativo. En 2014 se lanz\u00f3 el plan para proteger su acu\u00edfero, pero hace un a\u00f1o solo estaban completadas el 17% de las medidas propuestas, seg\u00fan la organizaci\u00f3n WWF. El plan carece de presupuesto fijo y oficina t\u00e9cnica, una carencia que la consejer\u00eda andaluza promete remediar ahora.<\/p>\n<p class=\"\" style=\"text-align: justify;\">Pese a la urgencia para evitar la multa de la Comisi\u00f3n, sobre la mesa del ministerio y la Junta est\u00e1 un plan a largo plazo para salvar Do\u00f1ana. Transici\u00f3n Ecol\u00f3gica debe decidir ahora si convoca a todos los actores implicados (Junta, confederaci\u00f3n, Costas, Estaci\u00f3n Biol\u00f3gica&#8230;) para anunciar ese gran proyecto. El Consejo de Participaci\u00f3n de Do\u00f1ana ya propuso hace un a\u00f1o ese plan llamado Do\u00f1ana 2030, que la Junta quiere rebautizar como Do\u00f1ana Futuro.<\/p>\n<h3 class=\"\" style=\"text-align: justify;\">Multa por falta de depuraci\u00f3n<\/h3>\n<p class=\"\" style=\"text-align: justify;\">Los problemas no solo est\u00e1n en c\u00f3mo se captan las aguas, sino tambi\u00e9n en c\u00f3mo se devuelven al medio natural. La justicia europea incluy\u00f3 en 2018 a Matalasca\u00f1as en el listado de 17 aglomeraciones urbanas en las que no se depuran bien las aguas fecales. En el momento de la sentencia, Espa\u00f1a recibi\u00f3 una multa de 12 millones por el incumplimiento de esos 17 casos, la mayor\u00eda de ellos ubicados en Andaluc\u00eda. Y, cada seis meses desde entonces, la multa iba aumentando en funci\u00f3n de las depuradoras que faltaban por poner en marcha. Ya ha alcanzado los 74,85 millones. En estos momentos, seg\u00fan un escrito que remiti\u00f3 Fink-Hooijer el pasado mes al Gobierno de Espa\u00f1a, ya solo quedan cuatro aglomeraciones de este expediente sin resolver el problema de depuraci\u00f3n, lo que ha hecho que se rebaje considerablemente el importe que se deber\u00e1 pagar a partir de ahora.<\/p>\n<figure class=\"a_m a_m-h\" style=\"text-align: justify;\"><span class=\"_db a_m_w _pr lb_btn\"><img data-recalc-dims=\"1\" loading=\"lazy\" decoding=\"async\" class=\"_re lazyload a_m-h alignleft\" src=\"https:\/\/i0.wp.com\/imagenes.elpais.com\/resizer\/vlosKHHho9A7SqiNU5PPbjLhETc%3D\/414x0\/cloudfront-eu-central-1.images.arcpublishing.com\/prisa\/RHKBN4MMMVEXJJRVHT2MEUAECM.jpg?resize=414%2C251&#038;ssl=1\" srcset=\"https:\/\/imagenes.elpais.com\/resizer\/vlosKHHho9A7SqiNU5PPbjLhETc=\/414x0\/cloudfront-eu-central-1.images.arcpublishing.com\/prisa\/RHKBN4MMMVEXJJRVHT2MEUAECM.jpg 414w,https:\/\/imagenes.elpais.com\/resizer\/5wt8lvawKzf0m5JB4Gg0f5hWcyc=\/828x0\/cloudfront-eu-central-1.images.arcpublishing.com\/prisa\/RHKBN4MMMVEXJJRVHT2MEUAECM.jpg 640w,https:\/\/imagenes.elpais.com\/resizer\/gBNki1rq4Xw_bDCUx1xCtCSK6Sg=\/980x0\/cloudfront-eu-central-1.images.arcpublishing.com\/prisa\/RHKBN4MMMVEXJJRVHT2MEUAECM.jpg 1000w,https:\/\/imagenes.elpais.com\/resizer\/m5HIed-wU4kWEkAb7e6OA8sqZHw=\/1960x0\/cloudfront-eu-central-1.images.arcpublishing.com\/prisa\/RHKBN4MMMVEXJJRVHT2MEUAECM.jpg 1960w\" alt=\"Macrourbanizaci\u00f3n de Matalasca\u00f1as (Almonte), tras el parque nacional. \" width=\"414\" height=\"251\" \/><\/span><figcaption class=\"a_m_p\">Macrourbanizaci\u00f3n de Matalasca\u00f1as (Almonte), tras el parque nacional. <span class=\"a_m_m\">PACO PUENTES<\/span><\/figcaption><\/figure>\n<p class=\"\" style=\"text-align: justify;\">Las que quedan pendientes son: Valle de G\u00fc\u00edmar (Tenerife), Barbate (C\u00e1diz), Alhaur\u00edn el Grande (M\u00e1laga) y Matalasca\u00f1as. Seg\u00fan la informaci\u00f3n que ha trasladado el Ejecutivo a Bruselas, la depuradora de Matalasca\u00f1as ser\u00eda la \u00faltima en entrar en operaci\u00f3n, algo que no ocurrir\u00e1 \u201cantes de 2026\u2033. Los ayuntamientos son los primeros responsables de la depuraci\u00f3n de aguas residuales. El de Almonte, al que pertenece Matalasca\u00f1as, ha rechazado hablar con EL PA\u00cdS sobre los problemas de depuraci\u00f3n.<\/p>\n<p class=\"\" style=\"text-align: justify;\">En la ra\u00edz de la situaci\u00f3n est\u00e1 el rechazo o la imposibilidad de muchos consistorios de hacerse cargo de las inversiones necesarias para limpiar sus aguas correctamente (la nueva depuradora de Matalasca\u00f1as est\u00e1 presupuestada en casi 30 millones) y los problemas con las tramitaciones de los proyectos. A menudo, las administraciones auton\u00f3micas y central han asumido la construcci\u00f3n de estas instalaciones. Por ejemplo, en Matalasca\u00f1as, donde el Estado declar\u00f3 de inter\u00e9s general la nueva depuradora en 1993. Pero, seg\u00fan explica el Ministerio para la Transici\u00f3n Ecol\u00f3gica, en 2018 la Abogac\u00eda del Estado cuestion\u00f3 que esa declaraci\u00f3n fuera legal. \u201cEsto conllev\u00f3 la paralizaci\u00f3n de todos los tr\u00e1mites que se estaban llevando a cabo en relaci\u00f3n la redacci\u00f3n del proyecto\u201d, explica el ministerio. \u201cTambi\u00e9n ha habido problemas con los suelos en los que se har\u00e1 la depuradora\u201d, explica Antonio Amarillo, coordinador en Andaluc\u00eda del \u00e1rea de aguas en Ecologistas en Acci\u00f3n. Por fin, a finales del pasado a\u00f1o se cerr\u00f3 un convenio por el que la Junta y el Gobierno central se comprometen a financiar conjuntamente la obra, que tiene un plazo de ejecuci\u00f3n de 36 meses.<\/p>\n<p><strong><a class=\"a_md_a_n\" title=\"Ver todas las noticias de Javier Mart\u00edn-Arroyo\" href=\"https:\/\/elpais.com\/autor\/javier-martin-arroyo\/#?rel=author_top\">Javier Mart\u00edn-Arroyo \u00a0 <\/a><\/strong><a class=\"a_md_a_n\" title=\"Ver todas las noticias de Manuel Planelles\" href=\"https:\/\/elpais.com\/autor\/manuel-planelles\/#?rel=author_top\"><strong>Manuel Planelles<\/strong><\/a><\/p>\n<header class=\"a_e _g _g-xs\">\n<div class=\"a_e_m\">\n<figure class=\"a_m a_m-h\"><figcaption class=\"a_m_p\">FOTO: Imagen tomada el jueves de una escala limnim\u00e9trica colocada en 2013 en la laguna de Santa Olalla, cuando la cubr\u00eda el agua.<span class=\"a_m_m\">PACO PUENTES<\/span><\/figcaption><\/figure>\n<\/div>\n<\/header>\n<div class=\"a_md _g _g-xs ni\">\n<div class=\"a_md_txt\">\n<div class=\"a_md_a\" data-dtm-region=\"articulo_firma\">\u00a0<\/div>\n<\/div>\n<\/div>\n<\/div>\n","protected":false},"excerpt":{"rendered":"<p>Espa\u00f1a seguir\u00e1 pagando hasta 2026 la multa por el vertido de aguas fecales en Matalasca\u00f1as&#8230;<\/p>\n","protected":false},"author":1,"featured_media":56282,"comment_status":"closed","ping_status":"closed","sticky":false,"template":"","format":"standard","meta":{"_coblocks_attr":"","_coblocks_dimensions":"","_coblocks_responsive_height":"","_coblocks_accordion_ie_support":"","jetpack_post_was_ever_published":false,"_jetpack_newsletter_access":"","_jetpack_dont_email_post_to_subs":false,"_jetpack_newsletter_tier_id":0,"_jetpack_memberships_contains_paywalled_content":false,"_jetpack_memberships_contains_paid_content":false,"footnotes":"","jetpack_publicize_message":"","jetpack_publicize_feature_enabled":true,"jetpack_social_post_already_shared":true,"jetpack_social_options":{"image_generator_settings":{"template":"highway","default_image_id":0,"enabled":false},"version":2}},"categories":[1161,9,44,7671,15,10],"tags":[9557,2791,1053,99,296],"class_list":["post-56280","post","type-post","status-publish","format-standard","has-post-thumbnail","hentry","category-ciudadania","category-medio-ambiente","category-noticias-de-hoy","category-politica","category-ultimas-noticias","category-salud","tag-depuracion-fecal","tag-donana","tag-europa","tag-medio-ambiente","tag-multas"],"jetpack_publicize_connections":[],"jetpack_featured_media_url":"https:\/\/i0.wp.com\/miradordeatarfe.es\/wp-content\/uploads\/2022\/09\/DONANA.jpg?fit=1960%2C1161&ssl=1","jetpack_likes_enabled":true,"jetpack_sharing_enabled":true,"_links":{"self":[{"href":"https:\/\/miradordeatarfe.es\/index.php?rest_route=\/wp\/v2\/posts\/56280","targetHints":{"allow":["GET"]}}],"collection":[{"href":"https:\/\/miradordeatarfe.es\/index.php?rest_route=\/wp\/v2\/posts"}],"about":[{"href":"https:\/\/miradordeatarfe.es\/index.php?rest_route=\/wp\/v2\/types\/post"}],"author":[{"embeddable":true,"href":"https:\/\/miradordeatarfe.es\/index.php?rest_route=\/wp\/v2\/users\/1"}],"replies":[{"embeddable":true,"href":"https:\/\/miradordeatarfe.es\/index.php?rest_route=%2Fwp%2Fv2%2Fcomments&post=56280"}],"version-history":[{"count":1,"href":"https:\/\/miradordeatarfe.es\/index.php?rest_route=\/wp\/v2\/posts\/56280\/revisions"}],"predecessor-version":[{"id":56281,"href":"https:\/\/miradordeatarfe.es\/index.php?rest_route=\/wp\/v2\/posts\/56280\/revisions\/56281"}],"wp:featuredmedia":[{"embeddable":true,"href":"https:\/\/miradordeatarfe.es\/index.php?rest_route=\/wp\/v2\/media\/56282"}],"wp:attachment":[{"href":"https:\/\/miradordeatarfe.es\/index.php?rest_route=%2Fwp%2Fv2%2Fmedia&parent=56280"}],"wp:term":[{"taxonomy":"category","embeddable":true,"href":"https:\/\/miradordeatarfe.es\/index.php?rest_route=%2Fwp%2Fv2%2Fcategories&post=56280"},{"taxonomy":"post_tag","embeddable":true,"href":"https:\/\/miradordeatarfe.es\/index.php?rest_route=%2Fwp%2Fv2%2Ftags&post=56280"}],"curies":[{"name":"wp","href":"https:\/\/api.w.org\/{rel}","templated":true}]}}