{"id":56316,"date":"2022-09-27T11:05:49","date_gmt":"2022-09-27T09:05:49","guid":{"rendered":"https:\/\/miradordeatarfe.es\/?p=56316"},"modified":"2022-09-27T11:05:49","modified_gmt":"2022-09-27T09:05:49","slug":"atarfe-el-exalcalde-de-atarfe-absuelto-en-la-causa-de-las-licencias-del-complejo-urbanistico-de-medina-elvira","status":"publish","type":"post","link":"https:\/\/miradordeatarfe.es\/?p=56316","title":{"rendered":"ATARFE: El exalcalde de Atarfe, absuelto en la causa de las licencias del complejo urban\u00edstico de Medina Elvira"},"content":{"rendered":"<h3 style=\"text-align: justify;\">Desde el PSOE de Atarfe queremos felicitar a Tom\u00e1s Ruiz Maeso, alcalde de Atarfe durante el periodo 2009-2015, que ha sido absuelto definitivamente en el procedimiento contra las licencias de Medina Elvira.<\/h3>\n<p style=\"text-align: justify;\">En el a\u00f1o 2020, la Audiencia Provincial se posicion\u00f3 a favor de su inocencia y ahora el Supremo lo ha ratificado. La Secci\u00f3n Segunda de la Audiencia Provincial de Granada habia absuelto al ex alcalde de Atarfe por el PSOE Tom\u00e1s Ruiz Maeso y a los otros cuatro acusados a los que juzg\u00f3 el pasado mes de enero de 2020 por supuestas irregularidades cometidas en la concesi\u00f3n de las licencias de primera ocupaci\u00f3n de Medina Elvira, un macrocomplejo urban\u00edstico que estaba llamado a convertirse en una urbanizaci\u00f3n de lujo dotada de instalaciones tur\u00edsticas y comerciales y un campo de golf de 18 hoyos.<\/p>\n<p class=\"single-subtitle\" style=\"text-align: justify;\">Tom\u00e1s Ruiz Maeso y el resto de acusados fueron juzgados por supuestas irregularidades cometidas en la concesi\u00f3n de las licencias de primera ocupaci\u00f3n del macrocomplejo urban\u00edstico<\/p>\n<p style=\"text-align: justify;\">Doce a\u00f1os de martirio que no deber\u00edan haber transcurrido de esta manera, ya que se ha demostrado que la decisi\u00f3n tomada no solo fue correcta, sino la \u00fanica que pod\u00eda llevarse a cabo por el bien de los ciudadanos.<\/p>\n<p style=\"text-align: justify;\">Con esta sentencia, gana Atarfe, da esperanzas de futuro a la urbanizaci\u00f3n y avala la buena gesti\u00f3n de Tom\u00e1s al frente del Excmo. Ayuntamiento de Atarfe.<\/p>\n<p style=\"text-align: justify;\">Esta sentencia deber\u00eda <strong>servir de reflexi\u00f3n profunda para muchos ediles, ya que la pol\u00edtica debe desarrollarse en los plenos y no en los juzgados<\/strong>.<\/p>\n<p style=\"text-align: justify;\">Orgullosos y llenos de alegr\u00eda de que terminen estos a\u00f1os de acusaciones y se limpie su nombre, al igual que el de nuestro secretario municipal y el anterior arquitecto municipal que tambi\u00e9n resultaron absueltos en este proceso judicial y han vivido el mismo calvario.<\/p>\n<p style=\"text-align: justify;\">Queremos reconocer el trabajo de nuestro compa\u00f1ero y resaltar que se haya hecho justica tras tantos a\u00f1os de pol\u00edtica sucia por parte de la oposici\u00f3n, queriendo manchar la gesti\u00f3n de los gobiernos socialistas, que pese a los posibles errores que se hayan cometido, han convertido a Atarfe en lo que hoy conocemos.<\/p>\n<p style=\"text-align: justify;\">\u00a0<\/p>\n<p><a href=\"https:\/\/i0.wp.com\/miradordeatarfe.es\/wp-content\/uploads\/2022\/09\/WhatsApp-Image-2022-09-24-at-11.33.45.jpeg?ssl=1\"><img data-recalc-dims=\"1\" loading=\"lazy\" decoding=\"async\" class=\"alignnone wp-image-56317 size-full\" src=\"https:\/\/i0.wp.com\/miradordeatarfe.es\/wp-content\/uploads\/2022\/09\/WhatsApp-Image-2022-09-24-at-11.33.45.jpeg?resize=640%2C640&#038;ssl=1\" alt=\"\" width=\"640\" height=\"640\" srcset=\"https:\/\/i0.wp.com\/miradordeatarfe.es\/wp-content\/uploads\/2022\/09\/WhatsApp-Image-2022-09-24-at-11.33.45.jpeg?w=1080&amp;ssl=1 1080w, https:\/\/i0.wp.com\/miradordeatarfe.es\/wp-content\/uploads\/2022\/09\/WhatsApp-Image-2022-09-24-at-11.33.45.jpeg?resize=300%2C300&amp;ssl=1 300w, https:\/\/i0.wp.com\/miradordeatarfe.es\/wp-content\/uploads\/2022\/09\/WhatsApp-Image-2022-09-24-at-11.33.45.jpeg?resize=1024%2C1024&amp;ssl=1 1024w, https:\/\/i0.wp.com\/miradordeatarfe.es\/wp-content\/uploads\/2022\/09\/WhatsApp-Image-2022-09-24-at-11.33.45.jpeg?resize=150%2C150&amp;ssl=1 150w, https:\/\/i0.wp.com\/miradordeatarfe.es\/wp-content\/uploads\/2022\/09\/WhatsApp-Image-2022-09-24-at-11.33.45.jpeg?resize=768%2C768&amp;ssl=1 768w\" sizes=\"auto, (max-width: 640px) 100vw, 640px\" \/><\/a><\/p>\n","protected":false},"excerpt":{"rendered":"<p>Desde el PSOE de Atarfe queremos felicitar a Tom\u00e1s Ruiz Maeso, alcalde de Atarfe durante&#8230;<\/p>\n","protected":false},"author":1,"featured_media":56318,"comment_status":"closed","ping_status":"closed","sticky":false,"template":"","format":"standard","meta":{"_coblocks_attr":"","_coblocks_dimensions":"","_coblocks_responsive_height":"","_coblocks_accordion_ie_support":"","jetpack_post_was_ever_published":false,"_jetpack_newsletter_access":"","_jetpack_dont_email_post_to_subs":false,"_jetpack_newsletter_tier_id":0,"_jetpack_memberships_contains_paywalled_content":false,"_jetpack_memberships_contains_paid_content":false,"footnotes":"","jetpack_publicize_message":"","jetpack_publicize_feature_enabled":true,"jetpack_social_post_already_shared":true,"jetpack_social_options":{"image_generator_settings":{"template":"highway","default_image_id":0,"enabled":false},"version":2}},"categories":[2,6916,186,44,15],"tags":[81,79,9565],"class_list":["post-56316","post","type-post","status-publish","format-standard","has-post-thumbnail","hentry","category-atarfe","category-ayuntamiento-de-atarfe","category-instituciones","category-noticias-de-hoy","category-ultimas-noticias","tag-atarfe","tag-medina-elvira","tag-tomas-ruiz-maeso"],"jetpack_publicize_connections":[],"jetpack_featured_media_url":"https:\/\/i0.wp.com\/miradordeatarfe.es\/wp-content\/uploads\/2022\/09\/Alcalde-de-Atarfe-370x207-1.jpg?fit=370%2C207&ssl=1","jetpack_likes_enabled":true,"jetpack_sharing_enabled":true,"_links":{"self":[{"href":"https:\/\/miradordeatarfe.es\/index.php?rest_route=\/wp\/v2\/posts\/56316","targetHints":{"allow":["GET"]}}],"collection":[{"href":"https:\/\/miradordeatarfe.es\/index.php?rest_route=\/wp\/v2\/posts"}],"about":[{"href":"https:\/\/miradordeatarfe.es\/index.php?rest_route=\/wp\/v2\/types\/post"}],"author":[{"embeddable":true,"href":"https:\/\/miradordeatarfe.es\/index.php?rest_route=\/wp\/v2\/users\/1"}],"replies":[{"embeddable":true,"href":"https:\/\/miradordeatarfe.es\/index.php?rest_route=%2Fwp%2Fv2%2Fcomments&post=56316"}],"version-history":[{"count":1,"href":"https:\/\/miradordeatarfe.es\/index.php?rest_route=\/wp\/v2\/posts\/56316\/revisions"}],"predecessor-version":[{"id":56319,"href":"https:\/\/miradordeatarfe.es\/index.php?rest_route=\/wp\/v2\/posts\/56316\/revisions\/56319"}],"wp:featuredmedia":[{"embeddable":true,"href":"https:\/\/miradordeatarfe.es\/index.php?rest_route=\/wp\/v2\/media\/56318"}],"wp:attachment":[{"href":"https:\/\/miradordeatarfe.es\/index.php?rest_route=%2Fwp%2Fv2%2Fmedia&parent=56316"}],"wp:term":[{"taxonomy":"category","embeddable":true,"href":"https:\/\/miradordeatarfe.es\/index.php?rest_route=%2Fwp%2Fv2%2Fcategories&post=56316"},{"taxonomy":"post_tag","embeddable":true,"href":"https:\/\/miradordeatarfe.es\/index.php?rest_route=%2Fwp%2Fv2%2Ftags&post=56316"}],"curies":[{"name":"wp","href":"https:\/\/api.w.org\/{rel}","templated":true}]}}