{"id":56336,"date":"2022-09-28T08:25:31","date_gmt":"2022-09-28T06:25:31","guid":{"rendered":"https:\/\/miradordeatarfe.es\/?p=56336"},"modified":"2022-09-27T13:32:54","modified_gmt":"2022-09-27T11:32:54","slug":"en-italia-gano-la-ultraderecha-y-no-una-coalicion-de-centroderecha","status":"publish","type":"post","link":"https:\/\/miradordeatarfe.es\/?p=56336","title":{"rendered":"En Italia gan\u00f3 la ultraderecha y no una coalici\u00f3n de centroderecha"},"content":{"rendered":"<h3>En las elecciones venci\u00f3 una mujer, Giorgia Meloni, que ha demostrado defender las pol\u00edticas m\u00e1s ultras en cuanto a inmigraci\u00f3n, igualdad o nacionalismo.<\/h3>\n<div class=\"lead-art\">\n<p>El uso de las palabras nunca es inocente. \u00bfUltraderecha o centroderecha?<\/p>\n<\/div>\n<aside class=\"cnt-interaccion\"><\/aside>\n<div class=\"cnt-txt\">\n<p>Las palabras son importantes. El uso que hacemos de ellas no es inocente, depende de las que escojamos, el mensaje que mandamos es uno u otro. <em>Decir que en Italia el domingo gan\u00f3 la coalici\u00f3n de centroderecha no es lo mismo que decir que gan\u00f3 la ultraderecha.<\/em> Porque esto fue lo que pas\u00f3. Gan\u00f3 Giorgia Meloni, una mujer que es heredera, como dec\u00edamos ayer, de los ideales del post fascismo y que, salvo por su giro de \u00faltima hora, con una imagen de moderaci\u00f3n que el tiempo dir\u00e1 si es solo estrat\u00e9gica, ha demostrado que defiende las pol\u00edticas m\u00e1s ultras, en cuanto a inmigraci\u00f3n, igualdad, o nacionalismo.<\/p>\n<p>Decir que gan\u00f3 una coalici\u00f3n de centroderecha da por hecho que entre los tres partidos, los que representan Salvini, Berlusconi y la propia Meloni, hay alguno que defiende posiciones centristas, o incluso que hay alguno que defiende posiciones de esa derecha tradicional que parece que en Italia, como ya pas\u00f3 en Francia, tiende a desaparecer. Lo mismo que decir que gan\u00f3 la derecha dura. Meloni representa a la ultraderecha y por mucho que en su discurso de la noche del domingo insistiera que va a gobernar para todos los italianos, sabemos que la ultraderecha, en Italia o en donde sea, imagina un pa\u00eds donde no caben los que no piensan como ellos, los que son diferentes.<\/p>\n<\/div>\n<section class=\"c-sum\">\n<div id=\"video_1664257948315\">\n<div>De momento, la Uni\u00f3n Europea espera sus movimientos, espera la magnitud del temblor que supone que la tercera econom\u00eda de la zona la gestione una ultra, poniendo en peligro un equilibrio entre 27 que nunca es f\u00e1cil. Los temores de Bruselas no responden a la victoria de una coalici\u00f3n de centroderecha, responden a la victoria de una ultra, y esa es la diferencia en el uso de unas u otras palabras.<\/div>\n<\/div>\n<\/section>\n<p>Pas\u00f3 lo mismo la semana pasada con el episodio de las declaraciones de la ministra Irene Montero, en el Congreso, sobre la educaci\u00f3n sexual de los menores. En ese caso no se trataba de unas declaraciones pol\u00e9micas, est\u00e1 la palabra que utiliz\u00f3 la mayor\u00eda para explicarlo, se trataba de <a href=\"https:\/\/cadenaser.com\/nacional\/2022\/09\/26\/lo-de-irene-montero-cadena-ser\/\" target=\"_blank\" rel=\"noopener\">unas declaraciones, manipuladas<\/a>, esta es la palabra correcta. Manipuladas, por cierto, por la ultraderecha. Ya ven que la elecci\u00f3n de las palabras nunca es inocente.<\/p>\n<div class=\"cnt-byline\">\n<div>\n<p><a class=\"au-wb\" title=\"\u00c0ngels Barcel\u00f3\" href=\"https:\/\/cadenaser.com\/autor\/angels_barcelo_suarez\/a\/\"><strong>\u00c0ngels Barcel\u00f3<\/strong><\/a><\/p>\n<p>https:\/\/cadenaser.com\/nacional\/2022\/09\/27\/en-italia-gano-la-ultraderecha-y-no-una-coalicion-de-centroderecha-cadena-ser\/<\/p>\n<\/div>\n<\/div>\n","protected":false},"excerpt":{"rendered":"<p>En las elecciones venci\u00f3 una mujer, Giorgia Meloni, que ha demostrado defender las pol\u00edticas m\u00e1s&#8230;<\/p>\n","protected":false},"author":1,"featured_media":56337,"comment_status":"closed","ping_status":"closed","sticky":false,"template":"","format":"standard","meta":{"_coblocks_attr":"","_coblocks_dimensions":"","_coblocks_responsive_height":"","_coblocks_accordion_ie_support":"","jetpack_post_was_ever_published":false,"_jetpack_newsletter_access":"","_jetpack_dont_email_post_to_subs":false,"_jetpack_newsletter_tier_id":0,"_jetpack_memberships_contains_paywalled_content":false,"_jetpack_memberships_contains_paid_content":false,"footnotes":"","jetpack_publicize_message":"","jetpack_publicize_feature_enabled":true,"jetpack_social_post_already_shared":true,"jetpack_social_options":{"image_generator_settings":{"template":"highway","default_image_id":0,"enabled":false},"version":2}},"categories":[1161,44,7671,6937,15],"tags":[9564,42,3175],"class_list":["post-56336","post","type-post","status-publish","format-standard","has-post-thumbnail","hentry","category-ciudadania","category-noticias-de-hoy","category-politica","category-sociedad","category-ultimas-noticias","tag-meloni","tag-politica","tag-ultraderecha"],"jetpack_publicize_connections":[],"jetpack_featured_media_url":"https:\/\/i0.wp.com\/miradordeatarfe.es\/wp-content\/uploads\/2022\/09\/Screenshot-2022-09-27-at-13-30-45-ULTRADERECHA-ITRALIANA-Busqueda-de-Google.png?fit=808%2C380&ssl=1","jetpack_likes_enabled":true,"jetpack_sharing_enabled":true,"_links":{"self":[{"href":"https:\/\/miradordeatarfe.es\/index.php?rest_route=\/wp\/v2\/posts\/56336","targetHints":{"allow":["GET"]}}],"collection":[{"href":"https:\/\/miradordeatarfe.es\/index.php?rest_route=\/wp\/v2\/posts"}],"about":[{"href":"https:\/\/miradordeatarfe.es\/index.php?rest_route=\/wp\/v2\/types\/post"}],"author":[{"embeddable":true,"href":"https:\/\/miradordeatarfe.es\/index.php?rest_route=\/wp\/v2\/users\/1"}],"replies":[{"embeddable":true,"href":"https:\/\/miradordeatarfe.es\/index.php?rest_route=%2Fwp%2Fv2%2Fcomments&post=56336"}],"version-history":[{"count":1,"href":"https:\/\/miradordeatarfe.es\/index.php?rest_route=\/wp\/v2\/posts\/56336\/revisions"}],"predecessor-version":[{"id":56338,"href":"https:\/\/miradordeatarfe.es\/index.php?rest_route=\/wp\/v2\/posts\/56336\/revisions\/56338"}],"wp:featuredmedia":[{"embeddable":true,"href":"https:\/\/miradordeatarfe.es\/index.php?rest_route=\/wp\/v2\/media\/56337"}],"wp:attachment":[{"href":"https:\/\/miradordeatarfe.es\/index.php?rest_route=%2Fwp%2Fv2%2Fmedia&parent=56336"}],"wp:term":[{"taxonomy":"category","embeddable":true,"href":"https:\/\/miradordeatarfe.es\/index.php?rest_route=%2Fwp%2Fv2%2Fcategories&post=56336"},{"taxonomy":"post_tag","embeddable":true,"href":"https:\/\/miradordeatarfe.es\/index.php?rest_route=%2Fwp%2Fv2%2Ftags&post=56336"}],"curies":[{"name":"wp","href":"https:\/\/api.w.org\/{rel}","templated":true}]}}