{"id":56339,"date":"2022-09-30T08:52:34","date_gmt":"2022-09-30T06:52:34","guid":{"rendered":"https:\/\/miradordeatarfe.es\/?p=56339"},"modified":"2022-09-28T18:55:55","modified_gmt":"2022-09-28T16:55:55","slug":"que-fue-de-tanto-esplendor","status":"publish","type":"post","link":"https:\/\/miradordeatarfe.es\/?p=56339","title":{"rendered":"\u00bfQu\u00e9 fue de tanto esplendor?"},"content":{"rendered":"<h3 class=\"a_st\">Los bibliotecarios de EE UU han pedido ayuda a lectores de todo el mundo para defenderse de las prohibiciones de libros.<\/h3>\n<p class=\"\">Estados Unidos defiende en Ucrania, entre otras cosas importantes, su propio prestigio militar, al igual que lo hace <a href=\"https:\/\/elpais.com\/internacional\/2021-10-22\/china-pide-prudencia-a-ee-uu-tras-declarar-biden-que-defenderia-taiwan-en-caso-de-ataque.html\" target=\"_blank\" rel=\"noopener\" data-link-track-dtm=\"\">en el mar de China<\/a> cuando despliega su flota frente a Taiw\u00e1n. Pero ese mismo Estados Unidos tiene un problema cada vez m\u00e1s serio con su prestigio cultural en el mundo, como lo demuestra que su propia Asociaci\u00f3n Americana de Bibliotecas (ALA) haya tenido que pedir ayuda esta semana para defenderse de la campa\u00f1a que intenta prohibir que determinados libros (cada vez m\u00e1s) lleguen a las estanter\u00edas de sus bibliotecas p\u00fablicas y escolares.<\/p>\n<p class=\"\">Los bibliotecarios de Estados Unidos piden apoyo a los lectores de todo el mundo para obtener fondos que les permitan pelear en tribunales y juntas escolares y ofrecer a sus miembros, a menudo peque\u00f1as bibliotecas de centros rurales a las que resulta muy dif\u00edcil soportar la presi\u00f3n, estrategias pr\u00e1cticas para defender los libros. Dejan claro que no se trata de movimientos espont\u00e1neos de padres preocupados por las lecturas de sus hijos, sino de <a href=\"https:\/\/elpais.com\/cultura\/2022-04-24\/la-biblioteca-publica-de-nueva-york-sale-al-rescate-de-los-libros-prohibidos-en-ee-uu.html\" target=\"_blank\" rel=\"noopener\" data-link-track-dtm=\"\">un movimiento dirigido por intereses pol\u00edticos muy concretos<\/a>. \u201cLas listas de libros que deber\u00edan ser prohibidos en las bibliotecas p\u00fablicas y escolares forman parte esencial de una agenda pol\u00edtica\u201d, insiste la ALA. La agenda pol\u00edtica de un sector cada d\u00eda m\u00e1s grande del Partido Republicano y de un grupo de multimillonarios de ideas profundamente reaccionarias, dispuestos a gastarse cientos de millones en movilizar a pol\u00edticos y padres para que participen en actos muy parecidos a las hogueras de 1930.<\/p>\n<p class=\"\">Seg\u00fan la asociaci\u00f3n, en los ocho primeros meses de este a\u00f1o se han registrado en Estados Unidos 681 intentos de prohibir la presencia de libros en bibliotecas p\u00fablicas y centros escolares, intentos que afectaban a 1.651 t\u00edtulos distintos. En un a\u00f1o se han presentado en 36 parlamentos estatales nada menos que 137 proyectos de ley de censura de temas y t\u00edtulos de libros. En general, se trata de evitar que los j\u00f3venes de 14 a 18 a\u00f1os (los que estudian en la<i> high school<\/i>) tengan acceso a libros con \u201ccontenido sexualmente expl\u00edcito\u201d, \u201ctemas conflictivos o divisivos\u201d (lo que incluye el racismo), \u201cpuntos de vista antipolic\u00eda\u201d, \u201cbrujer\u00eda y satanismo\u201d (dentro de lo que se incluyen libros de Harry Potter)\u2026 No es extra\u00f1o que la novela que m\u00e1s a\u00f1os lleva en esa infame lista sea <i>The Bluest Eye<\/i>, de <a href=\"https:\/\/elpais.com\/cultura\/2019\/08\/06\/actualidad\/1565113612_716658.html\" target=\"_blank\" rel=\"noopener\" data-link-track-dtm=\"\">la premio Nobel Toni Morrison<\/a> (Ojos azules; Ediciones B, 1994), que ha ido escalando puestos, desde el 34\u00ba, all\u00e1 en 1999, a los primeros 10, en 2020. Es una novela dura: trata de racismo, incesto y abusos infantiles. Pero <i>Ojos azules<\/i> no ha llevado a ning\u00fan padre a violar a su hija, sino que ha ayudado a algunas adolescentes a denunciar situaciones semejantes y a pedir ayuda. Como dice Irene Vallejo en <i>El infinito en un junco<\/i>, \u201cno por eliminar de los libros todo lo que nos parezca inapropiado salvaremos a los j\u00f3venes de las malas ideas. Al contrario, los volveremos incapaces de reconocerlas\u201d.<\/p>\n<p class=\"\">\u201cLa cantidad sin precedentes de desaf\u00edos que estamos viendo este a\u00f1o refleja esfuerzos coordinados en toda la naci\u00f3n para <a href=\"https:\/\/elpais.com\/cultura\/2022-02-20\/el-veto-conservador-a-libros-se-multiplica-en-estados-unidos.html\" target=\"_blank\" rel=\"noopener\" data-link-track-dtm=\"\">silenciar las voces marginadas<\/a> y privarnos a todos, en particular a los j\u00f3venes, de la oportunidad de explorar un mundo m\u00e1s all\u00e1 de los confines de la experiencia personal\u201d, explica la presidenta de la ALA. \u201cLos esfuerzos para censurar categor\u00edas enteras de libros que reflejan ciertas voces y puntos de vista muestran que el p\u00e1nico moral no tiene que ver con los ni\u00f1os: se trata de pol\u00edtica\u201d.<\/p>\n<p class=\"\">Ese es el punto m\u00e1s importante de todo este asunto. No es que muchos estadounidenses se hayan vuelto locos o que se estremezcan ante la avalancha de inmoralidad que ataca a sus j\u00f3venes hijos. No, esos ser\u00edan casos aislados, tristes, pero no peligrosos. Lo que ocurre en EE UU es peligroso porque se trata de un movimiento organizado y cada vez m\u00e1s poderoso.<\/p>\n<p class=\"\">Ojal\u00e1 la campa\u00f1a contra la prohibici\u00f3n de libros tenga \u00e9xito, ojal\u00e1 fracasen una y otra vez los censores, y ojal\u00e1 Estados Unidos vuelva a ser el pa\u00eds en el que confiamos durante d\u00e9cadas para defender la libertad de expresi\u00f3n. <a href=\"https:\/\/elpais.com\/opinion\/2022-05-22\/yo-invente-gilead-el-tribunal-supremo-de-estados-unidos-lo-esta-haciendo-realidad.html\" target=\"_blank\" rel=\"noopener\" data-link-track-dtm=\"\">Margaret Atwood, la escritora canadiense<\/a>, explic\u00f3 un d\u00eda muy bien ese angustioso sentimiento: \u201c\u00bfQu\u00e9 fue de tanto esplendor?\u201d.<\/p>\n<p class=\"\">Afortunadamente, <a href=\"https:\/\/elpais.com\/autor\/irene-vallejo-moreu\/\" target=\"_blank\" rel=\"noopener\" data-link-track-dtm=\"\">volviendo a Irene Vallejo<\/a>, siempre podremos confiar en la lectura: \u201cNo deber\u00edamos olvidar que el libro de p\u00e1ginas triunf\u00f3, en gran medida, porque favorec\u00eda las lecturas clandestinas, negadas, no consentidas\u201d. Alabados sean los dioses<\/p>\n<figure class=\"a_md_i a_m-h\"><strong><span class=\"a_m_w _db\">\u00a0<\/span><\/strong><\/p>\n<div class=\"a_md_a\" data-dtm-region=\"articulo_firma\"><a class=\"a_md_a_n\" title=\"Ver todas las noticias de Soledad Gallego-D\u00edaz\" href=\"https:\/\/elpais.com\/autor\/soledad-gallego-diaz\/#?rel=author_top\"><strong>Soledad Gallego-D\u00edaz<\/strong><\/a><\/div>\n<\/figure>\n<header class=\"a_e a_e-o _g _g-xs\">\n<div class=\"a_e_m\">\n<figure class=\"a_m a_m-h\"><figcaption class=\"a_m_p\"><span class=\"a_m_m\">FOTO: Patricia Bolinches<\/p>\n<p>https:\/\/elpais.com\/ideas\/2022-09-25\/que-fue-de-tanto-esplendor.html?ssm=TW_CC<br \/>\n<\/span><\/figcaption><\/figure>\n<\/div>\n<\/header>\n<div class=\"a_md _g _g-xs \">\n<div class=\"a_md_txt\">\n<div class=\"a_md_a\" data-dtm-region=\"articulo_firma\">\u00a0<\/div>\n<\/div>\n<\/div>\n","protected":false},"excerpt":{"rendered":"<p>Los bibliotecarios de EE UU han pedido ayuda a lectores de todo el mundo para&#8230;<\/p>\n","protected":false},"author":1,"featured_media":56340,"comment_status":"closed","ping_status":"closed","sticky":false,"template":"","format":"standard","meta":{"_coblocks_attr":"","_coblocks_dimensions":"","_coblocks_responsive_height":"","_coblocks_accordion_ie_support":"","jetpack_post_was_ever_published":false,"_jetpack_newsletter_access":"","_jetpack_dont_email_post_to_subs":false,"_jetpack_newsletter_tier_id":0,"_jetpack_memberships_contains_paywalled_content":false,"_jetpack_memberships_contains_paid_content":false,"footnotes":"","jetpack_publicize_message":"","jetpack_publicize_feature_enabled":true,"jetpack_social_post_already_shared":true,"jetpack_social_options":{"image_generator_settings":{"template":"highway","default_image_id":0,"enabled":false},"version":2}},"categories":[1161,44,7671,6937,15],"tags":[9574,4121,2596,459],"class_list":["post-56339","post","type-post","status-publish","format-standard","has-post-thumbnail","hentry","category-ciudadania","category-noticias-de-hoy","category-politica","category-sociedad","category-ultimas-noticias","tag-bibliotecarios","tag-campana","tag-eeuu","tag-libros"],"jetpack_publicize_connections":[],"jetpack_featured_media_url":"https:\/\/i0.wp.com\/miradordeatarfe.es\/wp-content\/uploads\/2022\/09\/5IKDHGKQKVDQ3MKCUJGVWPTRPQ.jpg?fit=1960%2C1103&ssl=1","jetpack_likes_enabled":true,"jetpack_sharing_enabled":true,"_links":{"self":[{"href":"https:\/\/miradordeatarfe.es\/index.php?rest_route=\/wp\/v2\/posts\/56339","targetHints":{"allow":["GET"]}}],"collection":[{"href":"https:\/\/miradordeatarfe.es\/index.php?rest_route=\/wp\/v2\/posts"}],"about":[{"href":"https:\/\/miradordeatarfe.es\/index.php?rest_route=\/wp\/v2\/types\/post"}],"author":[{"embeddable":true,"href":"https:\/\/miradordeatarfe.es\/index.php?rest_route=\/wp\/v2\/users\/1"}],"replies":[{"embeddable":true,"href":"https:\/\/miradordeatarfe.es\/index.php?rest_route=%2Fwp%2Fv2%2Fcomments&post=56339"}],"version-history":[{"count":1,"href":"https:\/\/miradordeatarfe.es\/index.php?rest_route=\/wp\/v2\/posts\/56339\/revisions"}],"predecessor-version":[{"id":56341,"href":"https:\/\/miradordeatarfe.es\/index.php?rest_route=\/wp\/v2\/posts\/56339\/revisions\/56341"}],"wp:featuredmedia":[{"embeddable":true,"href":"https:\/\/miradordeatarfe.es\/index.php?rest_route=\/wp\/v2\/media\/56340"}],"wp:attachment":[{"href":"https:\/\/miradordeatarfe.es\/index.php?rest_route=%2Fwp%2Fv2%2Fmedia&parent=56339"}],"wp:term":[{"taxonomy":"category","embeddable":true,"href":"https:\/\/miradordeatarfe.es\/index.php?rest_route=%2Fwp%2Fv2%2Fcategories&post=56339"},{"taxonomy":"post_tag","embeddable":true,"href":"https:\/\/miradordeatarfe.es\/index.php?rest_route=%2Fwp%2Fv2%2Ftags&post=56339"}],"curies":[{"name":"wp","href":"https:\/\/api.w.org\/{rel}","templated":true}]}}