{"id":56350,"date":"2022-09-30T11:45:56","date_gmt":"2022-09-30T09:45:56","guid":{"rendered":"https:\/\/miradordeatarfe.es\/?p=56350"},"modified":"2022-09-28T19:51:53","modified_gmt":"2022-09-28T17:51:53","slug":"ataref-participa-en-la-campana-reducir-la-contaminacion-es-aumentar-la-vida","status":"publish","type":"post","link":"https:\/\/miradordeatarfe.es\/?p=56350","title":{"rendered":"ATARFE: PARTICIPA EN LA CAMPA\u00d1A \u00abREDUCIR LA CONTAMINACI\u00d3N ES AUMENTAR LA VIDA\u00bb"},"content":{"rendered":"<h3>\u201cReducir la contaminaci\u00f3n es aumentar la vida\u201d es el mensaje con el que la Diputaci\u00f3n de Granada\u00a0 y el Ayuntamiento de Atarfe pretenden concienciar a la ciudadan\u00eda del \u00e1rea metropolitana sobre la importancia de contar con una buena calidad del aire para poder disfrutar de mejor salud y calidad de vida.<\/h3>\n<p>La campa\u00f1a, que ha sido presentada por la diputada de Medio Ambiente y Protecci\u00f3n Animal, Carmen Fern\u00e1ndez, tiene como objetivo identificar las principales causas de la contaminaci\u00f3n en nuestro entorno y su relaci\u00f3n con ciertas enfermedades, as\u00ed como sensibilizar a la sociedad sobre nuestra responsabilidad en este problema global. Se trata de una\u00a0 iniciativa enmarcada en \u201cGranada Metr\u00f3poli\u201d, formada por las dos Estrategias de Desarrollo Urbano Sostenible e Integrado (EDUSI) que gestiona la Diputaci\u00f3n y cofinancia junto al Fondo Europeo de Desarrollo Regional (FEDER).<\/p>\n<p>\nSeg\u00fan ha adelantado la diputada, la campa\u00f1a se desarrollar\u00e1 principalmente a trav\u00e9s de las redes sociales. Adem\u00e1s, se instalar\u00e1n lonas publicitarias en los municipios de las EDUSI \u201cAglomeraci\u00f3n Urbana de Granada\u201d y \u201cMetropolitano Suroeste de Granada\u201d. \u201cSe publicar\u00e1n v\u00eddeos, gr\u00e1ficas, mensajes y textos interactivos que desarrollar\u00e1n contenidos relacionados con la calidad del aire y el ruido\u201d, ha explicado la diputada. La campa\u00f1a cuenta con un v\u00eddeo gen\u00e9rico que trata de concienciar sobre la importancia de respirar un aire limpio y que se conozcan las causas de la poluci\u00f3n. Tambi\u00e9n se incluyen testimonios de personas de diferentes sectores.<\/p>\n<p>Adem\u00e1s, se emplear\u00e1n otro tipo de materiales gr\u00e1ficos para transmitir los efectos de la contaminaci\u00f3n del aire sobre la salud, la importancia de una movilidad urbana sostenible en el \u00e1rea metropolitana y los nocivos efectos de otras actividades, como el uso de combustibles para calefacci\u00f3n, la quema de restos agr\u00edcolas, etc. \u201cLa campa\u00f1a llama la atenci\u00f3n sobre el papel de la ciudadan\u00eda para que nos sumemos a t\u00edtulo individual al reto y apunta una serie de h\u00e1bitos que podemos cambiar para mejorar la calidad del aire\u201d, ha concluido.<\/p>\n<p><a href=\"https:\/\/i0.wp.com\/miradordeatarfe.es\/wp-content\/uploads\/2022\/09\/VIDA.jpg?ssl=1\"><img data-recalc-dims=\"1\" loading=\"lazy\" decoding=\"async\" class=\"alignnone wp-image-56351 size-full\" src=\"https:\/\/i0.wp.com\/miradordeatarfe.es\/wp-content\/uploads\/2022\/09\/VIDA.jpg?resize=526%2C1748&#038;ssl=1\" alt=\"\" width=\"526\" height=\"1748\" srcset=\"https:\/\/i0.wp.com\/miradordeatarfe.es\/wp-content\/uploads\/2022\/09\/VIDA.jpg?w=526&amp;ssl=1 526w, https:\/\/i0.wp.com\/miradordeatarfe.es\/wp-content\/uploads\/2022\/09\/VIDA.jpg?resize=90%2C300&amp;ssl=1 90w, https:\/\/i0.wp.com\/miradordeatarfe.es\/wp-content\/uploads\/2022\/09\/VIDA.jpg?resize=308%2C1024&amp;ssl=1 308w, https:\/\/i0.wp.com\/miradordeatarfe.es\/wp-content\/uploads\/2022\/09\/VIDA.jpg?resize=462%2C1536&amp;ssl=1 462w\" sizes=\"auto, (max-width: 526px) 100vw, 526px\" \/><\/a><\/p>\n<p>&nbsp;<\/p>\n","protected":false},"excerpt":{"rendered":"<p>\u201cReducir la contaminaci\u00f3n es aumentar la vida\u201d es el mensaje con el que la Diputaci\u00f3n&#8230;<\/p>\n","protected":false},"author":1,"featured_media":56352,"comment_status":"closed","ping_status":"closed","sticky":false,"template":"","format":"standard","meta":{"_coblocks_attr":"","_coblocks_dimensions":"","_coblocks_responsive_height":"","_coblocks_accordion_ie_support":"","jetpack_post_was_ever_published":false,"_jetpack_newsletter_access":"","_jetpack_dont_email_post_to_subs":false,"_jetpack_newsletter_tier_id":0,"_jetpack_memberships_contains_paywalled_content":false,"_jetpack_memberships_contains_paid_content":false,"footnotes":"","jetpack_publicize_message":"","jetpack_publicize_feature_enabled":true,"jetpack_social_post_already_shared":true,"jetpack_social_options":{"image_generator_settings":{"template":"highway","default_image_id":0,"enabled":false},"version":2}},"categories":[2,7725,6916,9,44,15,10],"tags":[9576,7887,1264],"class_list":["post-56350","post","type-post","status-publish","format-standard","has-post-thumbnail","hentry","category-atarfe","category-atarfe-sostenible","category-ayuntamiento-de-atarfe","category-medio-ambiente","category-noticias-de-hoy","category-ultimas-noticias","category-salud","tag-contaminar","tag-reducir","tag-vida"],"jetpack_publicize_connections":[],"jetpack_featured_media_url":"https:\/\/i0.wp.com\/miradordeatarfe.es\/wp-content\/uploads\/2022\/09\/309042710_5631591496904674_8320901716167543581_n-2.jpg?fit=522%2C476&ssl=1","jetpack_likes_enabled":true,"jetpack_sharing_enabled":true,"_links":{"self":[{"href":"https:\/\/miradordeatarfe.es\/index.php?rest_route=\/wp\/v2\/posts\/56350","targetHints":{"allow":["GET"]}}],"collection":[{"href":"https:\/\/miradordeatarfe.es\/index.php?rest_route=\/wp\/v2\/posts"}],"about":[{"href":"https:\/\/miradordeatarfe.es\/index.php?rest_route=\/wp\/v2\/types\/post"}],"author":[{"embeddable":true,"href":"https:\/\/miradordeatarfe.es\/index.php?rest_route=\/wp\/v2\/users\/1"}],"replies":[{"embeddable":true,"href":"https:\/\/miradordeatarfe.es\/index.php?rest_route=%2Fwp%2Fv2%2Fcomments&post=56350"}],"version-history":[{"count":2,"href":"https:\/\/miradordeatarfe.es\/index.php?rest_route=\/wp\/v2\/posts\/56350\/revisions"}],"predecessor-version":[{"id":56354,"href":"https:\/\/miradordeatarfe.es\/index.php?rest_route=\/wp\/v2\/posts\/56350\/revisions\/56354"}],"wp:featuredmedia":[{"embeddable":true,"href":"https:\/\/miradordeatarfe.es\/index.php?rest_route=\/wp\/v2\/media\/56352"}],"wp:attachment":[{"href":"https:\/\/miradordeatarfe.es\/index.php?rest_route=%2Fwp%2Fv2%2Fmedia&parent=56350"}],"wp:term":[{"taxonomy":"category","embeddable":true,"href":"https:\/\/miradordeatarfe.es\/index.php?rest_route=%2Fwp%2Fv2%2Fcategories&post=56350"},{"taxonomy":"post_tag","embeddable":true,"href":"https:\/\/miradordeatarfe.es\/index.php?rest_route=%2Fwp%2Fv2%2Ftags&post=56350"}],"curies":[{"name":"wp","href":"https:\/\/api.w.org\/{rel}","templated":true}]}}