{"id":5637,"date":"2016-01-08T06:35:06","date_gmt":"2016-01-08T06:35:06","guid":{"rendered":"http:\/\/miradordeatarfe.es\/?p=5637"},"modified":"2016-01-07T16:05:16","modified_gmt":"2016-01-07T16:05:16","slug":"la-crisis-mas-compleja-desde-la-ii-guerra-mundial","status":"publish","type":"post","link":"https:\/\/miradordeatarfe.es\/?p=5637","title":{"rendered":"La crisis m\u00e1s compleja desde la II Guerra Mundial: LOS REFUGIADOS"},"content":{"rendered":"<div class=\"sumario col-10 izquierda\">\n<p>Despu\u00e9s de escapar de ciudades en guerra, los refugiados deben sortear no s\u00f3lo el peligroso paso del Egeo, sino una media de nueve fronteras hasta llegar al coraz\u00f3n de Europa. Veamos los n\u00fameros res\u00famen de este a\u00f1o.<\/p>\n<\/div>\n<p><!--more--><\/p>\n<div class=\"sumario col-10 izquierda\">\n<div class=\"foto\"><img data-recalc-dims=\"1\" decoding=\"async\" src=\"https:\/\/i0.wp.com\/estaticos03.elmundo.es\/assets\/multimedia\/imagenes\/2015\/12\/26\/14511517184862.jpg?w=640\" alt=\"\"  \/><\/div>\n<\/div>\n","protected":false},"excerpt":{"rendered":"<p>Despu\u00e9s de escapar de ciudades en guerra, los refugiados deben sortear no s\u00f3lo el peligroso&#8230;<\/p>\n","protected":false},"author":1,"featured_media":5833,"comment_status":"closed","ping_status":"closed","sticky":false,"template":"","format":"standard","meta":{"_coblocks_attr":"","_coblocks_dimensions":"","_coblocks_responsive_height":"","_coblocks_accordion_ie_support":"","jetpack_post_was_ever_published":false,"_jetpack_newsletter_access":"","_jetpack_dont_email_post_to_subs":false,"_jetpack_newsletter_tier_id":0,"_jetpack_memberships_contains_paywalled_content":false,"_jetpack_memberships_contains_paid_content":false,"footnotes":"","jetpack_publicize_message":"","jetpack_publicize_feature_enabled":true,"jetpack_social_post_already_shared":false,"jetpack_social_options":{"image_generator_settings":{"template":"highway","default_image_id":0,"enabled":false},"version":2}},"categories":[186,44,15,1],"tags":[701,688,42],"class_list":["post-5637","post","type-post","status-publish","format-standard","has-post-thumbnail","hentry","category-instituciones","category-noticias-de-hoy","category-ultimas-noticias","category-uncategorized","tag-crisis","tag-pactos","tag-politica"],"jetpack_publicize_connections":[],"jetpack_featured_media_url":"https:\/\/i0.wp.com\/miradordeatarfe.es\/wp-content\/uploads\/2016\/01\/REFU.jpeg?fit=270%2C186&ssl=1","jetpack_likes_enabled":true,"jetpack_sharing_enabled":true,"_links":{"self":[{"href":"https:\/\/miradordeatarfe.es\/index.php?rest_route=\/wp\/v2\/posts\/5637","targetHints":{"allow":["GET"]}}],"collection":[{"href":"https:\/\/miradordeatarfe.es\/index.php?rest_route=\/wp\/v2\/posts"}],"about":[{"href":"https:\/\/miradordeatarfe.es\/index.php?rest_route=\/wp\/v2\/types\/post"}],"author":[{"embeddable":true,"href":"https:\/\/miradordeatarfe.es\/index.php?rest_route=\/wp\/v2\/users\/1"}],"replies":[{"embeddable":true,"href":"https:\/\/miradordeatarfe.es\/index.php?rest_route=%2Fwp%2Fv2%2Fcomments&post=5637"}],"version-history":[{"count":3,"href":"https:\/\/miradordeatarfe.es\/index.php?rest_route=\/wp\/v2\/posts\/5637\/revisions"}],"predecessor-version":[{"id":5832,"href":"https:\/\/miradordeatarfe.es\/index.php?rest_route=\/wp\/v2\/posts\/5637\/revisions\/5832"}],"wp:featuredmedia":[{"embeddable":true,"href":"https:\/\/miradordeatarfe.es\/index.php?rest_route=\/wp\/v2\/media\/5833"}],"wp:attachment":[{"href":"https:\/\/miradordeatarfe.es\/index.php?rest_route=%2Fwp%2Fv2%2Fmedia&parent=5637"}],"wp:term":[{"taxonomy":"category","embeddable":true,"href":"https:\/\/miradordeatarfe.es\/index.php?rest_route=%2Fwp%2Fv2%2Fcategories&post=5637"},{"taxonomy":"post_tag","embeddable":true,"href":"https:\/\/miradordeatarfe.es\/index.php?rest_route=%2Fwp%2Fv2%2Ftags&post=5637"}],"curies":[{"name":"wp","href":"https:\/\/api.w.org\/{rel}","templated":true}]}}