{"id":56371,"date":"2022-10-02T11:36:59","date_gmt":"2022-10-02T09:36:59","guid":{"rendered":"https:\/\/miradordeatarfe.es\/?p=56371"},"modified":"2023-02-17T20:11:20","modified_gmt":"2023-02-17T19:11:20","slug":"ceferino-navarro-por-jose-enrique-granados","status":"publish","type":"post","link":"https:\/\/miradordeatarfe.es\/?p=56371","title":{"rendered":"\u00abCEFERINO NAVARRO\u00bb por Jos\u00e9 Enrique Granados"},"content":{"rendered":"<div class=\"\" dir=\"auto\">\n<div id=\"jsc_c_bn\" class=\"d2hqwtrz r227ecj6 ez8dtbzv gt60zsk1\" data-ad-comet-preview=\"message\" data-ad-preview=\"message\">\n<div class=\"alzwoclg cqf1kptm siwo0mpr gu5uzgus\">\n<div class=\"jroqu855 nthtkgg5\">\n<div class=\"m8h3af8h l7ghb35v kjdc1dyq kmwttqpk gh25dzvf n3t5jt4f\">\n<h3 dir=\"auto\">La Real Academia de Bellas Artes de Granada, en su Pleno Extraordinario celebrado el pasado d\u00eda 9 de junio, concedi\u00f3 la Medalla al M\u00e9rito art\u00edstico a la galer\u00eda de arte Ceferino Navarro<\/h3>\n<div dir=\"auto\" style=\"text-align: justify;\">La entrega de estas distinciones ser\u00e1 ma\u00f1ana, d\u00eda 28 de septiembre en su Acto Inaugural de curso 2022 \u2013 2023, que tuvo en el Paraninfo de la Facultad de Derecho.<\/div>\n<div dir=\"auto\" style=\"text-align: justify;\">\u00a0<\/div>\n<div dir=\"auto\" style=\"text-align: justify;\">Se la atribuye a Ceferino Navarro su importante labor como galerista durante 25 a\u00f1os ininterrumpidos. Fundador y director de la Galer\u00eda de Arte Ceferino Navarro que inici\u00f3 su andadura en 1997, apostando por la calidad y diversidad en las exposiciones presentadas, que muestran la complejidad de estilos y tendencias existentes en el \u00e1mbito art\u00edstico. Desde 2017 es Conservador del Monasterio de la Cartuja de Granada, realizando estudios e investigaciones; incorporando nuevos espacios antes cerrados al p\u00fablico; recuperando piezas guardadas, y mejorando las instalaciones para la visita del monumento.<\/div>\n<div dir=\"auto\" style=\"text-align: justify;\">\u00a0<\/div>\n<\/div>\n<div class=\"l7ghb35v kjdc1dyq kmwttqpk gh25dzvf jikcssrz n3t5jt4f\" style=\"text-align: justify;\">\n<div dir=\"auto\">Ha sido director del Aula de Arte Granada, dedicada a la promoci\u00f3n e investigaci\u00f3n del Patrimonio Art\u00edstico de la ciudad, realizando exposiciones itinerantes por Andaluc\u00eda sobre el Barrio del Albayc\u00edn o el Monasterio de la Cartuja de Granada.<\/div>\n<div dir=\"auto\">\u00a0<\/div>\n<div dir=\"auto\">Tambi\u00e9n fue comisario y organizador de exposiciones del Centro Cultural Medina Elvira de Atarfe, llevando a cabo exposiciones importantes como: El Rom\u00e1ntico Errante, La Naturaleza Muerta en la Pintura Espa\u00f1ola o los Premios de Escultura. Adem\u00e1s, destaca su comisariado de la exposici\u00f3n Meditaciones sobre un Infante, celebrada en 2013 en el Palacio de los Condes de Gabia, cuyo cat\u00e1logo es considerado una pieza bibliogr\u00e1fica.<\/div>\n<div dir=\"auto\">\u00a0<\/div>\n<\/div>\n<div class=\"l7ghb35v kjdc1dyq kmwttqpk gh25dzvf jikcssrz n3t5jt4f\" style=\"text-align: justify;\">\n<div dir=\"auto\">Desde 2017 es Conservador del Monasterio de la Cartuja de Granada, realizando estudios e investigaciones; incorporando nuevos espacios antes cerrados al p\u00fablico; recuperando piezas guardadas, y mejorando las instalaciones para la visita del monumento.<\/div>\n<div dir=\"auto\">\u00a0<\/div>\n<\/div>\n<div class=\"l7ghb35v kjdc1dyq kmwttqpk gh25dzvf jikcssrz n3t5jt4f\">\n<div dir=\"auto\" style=\"text-align: justify;\">En este a\u00f1o ha publicado el libro titulado \u201cEl monasterio de la Cartuja\u201d, obra bibliogr\u00e1fica referente para la cultura granadina.<\/div>\n<div dir=\"auto\" style=\"text-align: justify;\">\u00a0<\/div>\n<\/div>\n<div class=\"l7ghb35v kjdc1dyq kmwttqpk gh25dzvf jikcssrz n3t5jt4f\">\n<div dir=\"auto\">Gacetilla y curiosidades elvirenses.<\/div>\n<\/div>\n<\/div>\n<\/div>\n<\/div>\n<\/div>\n","protected":false},"excerpt":{"rendered":"<p>La Real Academia de Bellas Artes de Granada, en su Pleno Extraordinario celebrado el pasado&#8230;<\/p>\n","protected":false},"author":1,"featured_media":56372,"comment_status":"closed","ping_status":"closed","sticky":false,"template":"","format":"standard","meta":{"_coblocks_attr":"","_coblocks_dimensions":"","_coblocks_responsive_height":"","_coblocks_accordion_ie_support":"","jetpack_post_was_ever_published":false,"_jetpack_newsletter_access":"","_jetpack_dont_email_post_to_subs":false,"_jetpack_newsletter_tier_id":0,"_jetpack_memberships_contains_paywalled_content":false,"_jetpack_memberships_contains_paid_content":false,"footnotes":"","jetpack_publicize_message":"","jetpack_publicize_feature_enabled":true,"jetpack_social_post_already_shared":true,"jetpack_social_options":{"image_generator_settings":{"template":"highway","default_image_id":0,"enabled":false},"version":2}},"categories":[2,12,1161,38,44,15],"tags":[1517,1125,7074],"class_list":["post-56371","post","type-post","status-publish","format-standard","has-post-thumbnail","hentry","category-atarfe","category-cultura","category-ciudadania","category-opinion-de-jose-enrique-granados","category-noticias-de-hoy","category-ultimas-noticias","tag-exposiciones","tag-historia","tag-pintor"],"jetpack_publicize_connections":[],"jetpack_featured_media_url":"https:\/\/i0.wp.com\/miradordeatarfe.es\/wp-content\/uploads\/2022\/09\/299018866_462828019184019_2174981483205830769_n.jpg?fit=622%2C385&ssl=1","jetpack_likes_enabled":true,"jetpack_sharing_enabled":true,"_links":{"self":[{"href":"https:\/\/miradordeatarfe.es\/index.php?rest_route=\/wp\/v2\/posts\/56371","targetHints":{"allow":["GET"]}}],"collection":[{"href":"https:\/\/miradordeatarfe.es\/index.php?rest_route=\/wp\/v2\/posts"}],"about":[{"href":"https:\/\/miradordeatarfe.es\/index.php?rest_route=\/wp\/v2\/types\/post"}],"author":[{"embeddable":true,"href":"https:\/\/miradordeatarfe.es\/index.php?rest_route=\/wp\/v2\/users\/1"}],"replies":[{"embeddable":true,"href":"https:\/\/miradordeatarfe.es\/index.php?rest_route=%2Fwp%2Fv2%2Fcomments&post=56371"}],"version-history":[{"count":2,"href":"https:\/\/miradordeatarfe.es\/index.php?rest_route=\/wp\/v2\/posts\/56371\/revisions"}],"predecessor-version":[{"id":56374,"href":"https:\/\/miradordeatarfe.es\/index.php?rest_route=\/wp\/v2\/posts\/56371\/revisions\/56374"}],"wp:featuredmedia":[{"embeddable":true,"href":"https:\/\/miradordeatarfe.es\/index.php?rest_route=\/wp\/v2\/media\/56372"}],"wp:attachment":[{"href":"https:\/\/miradordeatarfe.es\/index.php?rest_route=%2Fwp%2Fv2%2Fmedia&parent=56371"}],"wp:term":[{"taxonomy":"category","embeddable":true,"href":"https:\/\/miradordeatarfe.es\/index.php?rest_route=%2Fwp%2Fv2%2Fcategories&post=56371"},{"taxonomy":"post_tag","embeddable":true,"href":"https:\/\/miradordeatarfe.es\/index.php?rest_route=%2Fwp%2Fv2%2Ftags&post=56371"}],"curies":[{"name":"wp","href":"https:\/\/api.w.org\/{rel}","templated":true}]}}