{"id":56388,"date":"2022-10-03T09:04:38","date_gmt":"2022-10-03T07:04:38","guid":{"rendered":"https:\/\/miradordeatarfe.es\/?p=56388"},"modified":"2022-10-01T18:09:12","modified_gmt":"2022-10-01T16:09:12","slug":"una-propuesta-alternativa-barata-y-saludable-a-la-nueva-cesta-de-la-compra","status":"publish","type":"post","link":"https:\/\/miradordeatarfe.es\/?p=56388","title":{"rendered":"Una propuesta alternativa, barata y saludable a la nueva cesta de la compra"},"content":{"rendered":"<h3 class=\"a_st\" style=\"text-align: justify;\">Trucos, mitos e ideas imprescindibles para que la compra siga siendo accesible y saludable en un contexto de subida de precios<\/h3>\n<p class=\"\" style=\"text-align: justify;\">A ra\u00edz de la noticia <a href=\"https:\/\/elpais.com\/economia\/2022-09-12\/la-cesta-de-la-compra-de-carrefour-incluye-papel-higienico-y-zumo-pero-deja-fuera-leche-y-huevos.html\" target=\"_blank\" rel=\"noopener\" data-link-track-dtm=\"\">de la cesta de la compra, con precios congelados hasta enero, que propone un famoso supermercado<\/a>, ha quedado claro que la informaci\u00f3n nutricional cojea en este pa\u00eds: no acabamos de tener muy claro qu\u00e9 son alimentos imprescindibles y cu\u00e1les no.<\/p>\n<p class=\"\" style=\"text-align: justify;\">En esta situaci\u00f3n complicada <a href=\"https:\/\/elpais.com\/economia\/2022-09-09\/el-pequeno-comercio-se-subleva-contra-la-cesta-de-la-compra-basica-que-impulsa-yolanda-diaz.html\" target=\"_blank\" rel=\"noopener\" data-link-track-dtm=\"\">de precios que no hacen m\u00e1s que subir<\/a>, seis de cada 10 espa\u00f1oles consideran el precio de la comida como el factor m\u00e1s importante a la hora de comprar, <a href=\"https:\/\/elpais.com\/clima-y-medio-ambiente\/2022-09-28\/seis-de-cada-10-espanoles-consideran-el-precio-como-el-factor-mas-importante-al-comprar-comida.html\" target=\"_blank\" rel=\"noopener\" data-link-track-dtm=\"\">seg\u00fan un reciente Eurobar\u00f3metro<\/a>. <a href=\"https:\/\/elpais.com\/clima-y-medio-ambiente\/2022-09-28\/seis-de-cada-10-espanoles-consideran-el-precio-como-el-factor-mas-importante-al-comprar-comida.html\" target=\"_blank\" rel=\"noopener\" data-link-track-dtm=\"\">Afinar el criterio para compra de la forma m\u00e1s eficiente y saludable<\/a> requiere de algunos trucos. Y aqu\u00ed van algunos:<\/p>\n<h3 class=\"\" style=\"text-align: justify;\">Planificaci\u00f3n<\/h3>\n<p class=\"\" style=\"text-align: justify;\">Algo que abarata el presupuesto en la compra, y normalmente no se contempla, es la planificaci\u00f3n, Hacer una buena lista de la compra y estructurar los platos que se van a cocinar para la semana supone menos gasto econ\u00f3mico, menor tiempo en lo que a cocina y compra se refiere y, adem\u00e1s, se aprovecha mejor lo que compramos. Cuando se compra sin planificaci\u00f3n, suele ser m\u00e1s para que nos resuelva el d\u00eda; adem\u00e1s, siempre cae algo de antojo y volvemos a estar en la misma tesitura de tener que comprar o pensar qu\u00e9 comer en los d\u00edas siguientes.<\/p>\n<p class=\"\" style=\"text-align: justify;\">Tambi\u00e9n reduce el precio en la compra el hecho de comprar productos de temporada, si nos empe\u00f1amos en comer fruta de verano en invierno, por supuesto ser\u00e1 m\u00e1s cara, adem\u00e1s del coste ambiental que supone su trasporte.<\/p>\n<h3 class=\"\" style=\"text-align: justify;\">\u00bfQu\u00e9 alimentos no pueden faltar en nuestra lista de la compra?<\/h3>\n<p class=\"\" style=\"text-align: justify;\"><b>Fruta: <\/b>lo recomendable es consumir de dos a tres piezas diarias. Es verdad que ha subido mucho en precio, pero no podemos sustituirla por nada. Hay opciones que pueden mezclarse en la compra con la fruta fresca para reducir el precio de la compra total, como fruta congelada (ar\u00e1ndanos, fresas, frutos rojos\u2026), o fruta en conserva al natural (pi\u00f1a, melocot\u00f3n\u2026).<\/p>\n<p class=\"\" style=\"text-align: justify;\"><b>Verduras<\/b>: se deben tomar dos raciones al d\u00eda, para incluir en las comidas principales. Podemos hacer lo mismo que con la fruta, es decir, podemos usar verdura congelada o ultracongelada, y conservas de verduras para abaratar m\u00e1s la cesta de la compra. Se cree que las verduras congeladas no tienen las mismas propiendas que las frescas, y que las conservas no son saludables, pero estas dos afirmaciones son simples mitos. Se puede hacer un men\u00fa que combine verdura fresca de temporada con conservas y verduras congeladas.<\/p>\n<p class=\"\" style=\"text-align: justify;\">Algo que no rebaja el precio, pero que logra una mejor distribuci\u00f3n de la riqueza, y permite a los agricultores seguir produciendo, es comprar a peque\u00f1os productores. A veces resulta m\u00e1s complicado porque el s\u00faper lo centraliza todo, pero sigue habiendo mercado. Otra modalidad de compra m\u00e1s respetuosa es la cooperativa que te lleva la cesta de fruta y verdura de temporada a casa.<\/p>\n<p class=\"\" style=\"text-align: justify;\"><b>Legumbres<\/b>: son imprescindible y, para m\u00ed, el alimento m\u00e1s infravalorado. Son altas en fibra y ricas en prote\u00edna vegetal y, adem\u00e1s, son baratas. Cunden mucho y se pueden comer de mil formas: ensaladas, guisos, pat\u00e9s (humus&#8230;), salteados. Se recomienda al menos un consumo de dos o tres veces en semana y, de nuevo, hay opciones de conservas de legumbre ya cocidas que son m\u00e1s baratas, porque adem\u00e1s ahorran el tipo de cocci\u00f3n y su coste en la luz, y son perfectas para hacer un plato r\u00e1pido.<\/p>\n<p class=\"\" style=\"text-align: justify;\"><b>Cereales<\/b>: arroz, pasta, avena, ma\u00edz\u2026 su consumo es muy variable, ya que depende mucho de la edad, actividad f\u00edsica, requerimientos personales\u2026 Pero si se hace un consumo medio de dos o tres veces en semana, siempre es importante elegir las opciones integrales. Las compras a granel suponen un ahorro, mientras que por ejemplo los t\u00edpicos vasitos de cereales ya precocidos suponen un gasto, aunque nos ahorren tiempo. En cuanto al pan, si se puede, lo mejor es 100% integral Se rebana y se congela, de tal manera que solo se tenga fresco lo que se va a consumir en el d\u00eda, y eso tambi\u00e9n supone un ahorro y un menor desperdicio.<\/p>\n<p class=\"\" style=\"text-align: justify;\"><b>Frutos secos<\/b>: siempre las opciones saludables son naturales o tostados si salar. Suben un poco la cesta, pero a nivel nutricional no dejar\u00eda de tomar nueces, que adem\u00e1s son las m\u00e1s asequibles, y nos metemos un buen <i>chute<\/i> de omega-3 con un pu\u00f1ado diario. De nuevo, comprarlas a granel resulta m\u00e1s barato y sostenible.<\/p>\n<p class=\"\" style=\"text-align: justify;\"><b>Aceite<\/b>: sin duda en Espa\u00f1a aceite de oliva virgen, y encarecer\u00e1 la cesta si lo compramos \u201cextra\u201d, \u201cprimera prensada\u201d etc. Adem\u00e1s, el de girasol ha encarecido mucho su precio.<\/p>\n<h3 class=\"\" style=\"text-align: justify;\">\u00bfY qu\u00e9 hacemos con las prote\u00ednas?<\/h3>\n<p class=\"\" style=\"text-align: justify;\">Quiero recalcar que el consumo de prote\u00edna animal no es imprescindible, se puede obtener la prote\u00edna de los vegetales. Pero, por si se quiere consumir, voy a concretar ese consumo y despu\u00e9s dar\u00e9 opciones de prote\u00edna vegetal. Y quiero recalcar tambi\u00e9n que una alimentaci\u00f3n vegetariana o vegana es perfectamente saludable.<\/p>\n<p class=\"\" style=\"text-align: justify;\"><b>Huevos<\/b>: se puede hacer un consumo de 2 huevos diarios sin ning\u00fan problema para la salud. Es una prote\u00edna de alto valor biol\u00f3gico, muy completa y muy vers\u00e1til.<\/p>\n<p class=\"\" style=\"text-align: justify;\"><b>Carne<\/b>: no es necesaria. Si queremos consumirla, mejor optar por carnes blancas magras como pollo, pavo, conejo\u2026 y se puede consumir de dos a cuatro raciones a la semana.<a href=\"https:\/\/elpais.com\/clima-y-medio-ambiente\/2021-07-08\/hay-que-reducir-el-consumo-de-carne-la-ciencia-dice-que-seria-mas-sano-y-sostenible.html\" target=\"_blank\" rel=\"noopener\" data-link-track-dtm=\"\"> La carne roja ni es necesaria ni muy sana<\/a>; cada vez se recomienda un consumo menor. De hecho, una vez a la quincena bastar\u00eda, <a href=\"https:\/\/elpais.com\/elpais\/2015\/10\/26\/ciencia\/1445860172_826634.html\" target=\"_blank\" rel=\"noopener\" data-link-track-dtm=\"\">ya que se ha demostrado correlaci\u00f3n entre su consumo con la prevalencia de ciertos tipos de c\u00e1ncer (por ejemplo: colon)<\/a>.<\/p>\n<p class=\"\" style=\"text-align: justify;\"><b>Pescado<\/b>: si se decide consumir, lo recomendable es elegir entre 2 y 3 raciones de pescado blanco (merluza, pescadilla, flet\u00e1n\u2026) a la semana y al menos dos de pescado azul (salm\u00f3n, at\u00fan, sardinas\u2026) De nuevo, podemos hacer uso de pescados congelados para rebajar el coste y de conservas de pesado. Siempre las opciones mejores en los enlatados son al natural o en aceite de oliva.<\/p>\n<p class=\"\" style=\"text-align: justify;\"><b>Mariscos y cefal\u00f3podos<\/b>: son de consumo m\u00e1s puntual, y suele subir de precio. Si quisi\u00e9ramos consumirlos optar\u00eda por opciones congeladas o de nuevo por conservas al natural, si es posible.<\/p>\n<p class=\"\" style=\"text-align: justify;\"><b>Prote\u00edna vegetal<\/b>: las m\u00e1s baratas y completas son el tofu, soja texturizada y el quorn. Las primeras se encuentran f\u00e1cilmente en el supermercado, mientras que el quorn en tiendas especializadas.<\/p>\n<p class=\"\" style=\"text-align: justify;\"><b>Leche y yogures, quesos<\/b>: igualmente no son imprescindibles, ni la \u00fanica fuente de calcio. Normalmente, los yogures de mayor tama\u00f1o salen m\u00e1s econ\u00f3micos, y siempre las opciones m\u00e1s saludables son los naturales sin edulcorar ni az\u00facar, y la leche semi o entera. En cuanto a los quesos para un consumo habitual, elegir\u00eda frescos, o semigrasos, bien mozzarela o queso feta.<\/p>\n<p class=\"\" style=\"text-align: justify;\">Para vegetarianos y veganos, las opciones de bebida vegetal en precio son similares, quiz\u00e1s <a href=\"https:\/\/elpais.com\/noticias\/leche-soja\/\" target=\"_blank\" rel=\"noopener\" data-link-track-dtm=\"\">me decantar\u00eda por la de soja<\/a>, es m\u00e1s completa, y todas sin az\u00facares a\u00f1adidos. Y si es posible, las opciones fortificadas en calcio.<\/p>\n<p style=\"text-align: justify;\"><a class=\"a_md_a_n\" title=\"Ver todas las noticias de Azahara Nieto\" href=\"https:\/\/elpais.com\/autor\/azahara-nieto-boro\/#?rel=author_top\"><strong>Azahara Nieto<\/strong><\/a><\/p>\n<header class=\"a_e _g _g-xs\">\n<div class=\"a_e_m\">\n<figure class=\"a_m a_m-h\"><figcaption class=\"a_m_p\">Hacer la compra se ha complicado desde que han subido los precios de los productos b\u00e1sicos.<span class=\"a_m_m\">David Espejo (Getty Images)<\/p>\n<p>https:\/\/elpais.com\/salud-y-bienestar\/nutrir-con-ciencia\/2022-09-30\/una-propuesta-alternativa-barata-y-saludable-a-la-nueva-cesta-de-la-compra.html<br \/>\n<\/span><\/figcaption><\/figure>\n<\/div>\n<\/header>\n<div class=\"a_md _g _g-xs \">\n<figure class=\"a_md_i a_m-h\"><span class=\"a_m_w _db\">\u00a0<\/span><\/figure>\n<div class=\"a_md_txt\">\n<div class=\"a_md_a\" data-dtm-region=\"articulo_firma\">\u00a0<\/div>\n<\/div>\n<\/div>\n","protected":false},"excerpt":{"rendered":"<p>Trucos, mitos e ideas imprescindibles para que la compra siga siendo accesible y saludable en&#8230;<\/p>\n","protected":false},"author":1,"featured_media":56389,"comment_status":"closed","ping_status":"closed","sticky":false,"template":"","format":"standard","meta":{"_coblocks_attr":"","_coblocks_dimensions":"","_coblocks_responsive_height":"","_coblocks_accordion_ie_support":"","jetpack_post_was_ever_published":false,"_jetpack_newsletter_access":"","_jetpack_dont_email_post_to_subs":false,"_jetpack_newsletter_tier_id":0,"_jetpack_memberships_contains_paywalled_content":false,"_jetpack_memberships_contains_paid_content":false,"footnotes":"","jetpack_publicize_message":"","jetpack_publicize_feature_enabled":true,"jetpack_social_post_already_shared":true,"jetpack_social_options":{"image_generator_settings":{"template":"highway","default_image_id":0,"enabled":false},"version":2}},"categories":[1161,44,6937,15,10],"tags":[2847,2395,8474],"class_list":["post-56388","post","type-post","status-publish","format-standard","has-post-thumbnail","hentry","category-ciudadania","category-noticias-de-hoy","category-sociedad","category-ultimas-noticias","category-salud","tag-compras","tag-productos","tag-productos-de-cercania"],"jetpack_publicize_connections":[],"jetpack_featured_media_url":"https:\/\/i0.wp.com\/miradordeatarfe.es\/wp-content\/uploads\/2022\/10\/3HRY2ASMABD2RPAPFXCQALMYME.jpg?fit=1960%2C1307&ssl=1","jetpack_likes_enabled":true,"jetpack_sharing_enabled":true,"_links":{"self":[{"href":"https:\/\/miradordeatarfe.es\/index.php?rest_route=\/wp\/v2\/posts\/56388","targetHints":{"allow":["GET"]}}],"collection":[{"href":"https:\/\/miradordeatarfe.es\/index.php?rest_route=\/wp\/v2\/posts"}],"about":[{"href":"https:\/\/miradordeatarfe.es\/index.php?rest_route=\/wp\/v2\/types\/post"}],"author":[{"embeddable":true,"href":"https:\/\/miradordeatarfe.es\/index.php?rest_route=\/wp\/v2\/users\/1"}],"replies":[{"embeddable":true,"href":"https:\/\/miradordeatarfe.es\/index.php?rest_route=%2Fwp%2Fv2%2Fcomments&post=56388"}],"version-history":[{"count":1,"href":"https:\/\/miradordeatarfe.es\/index.php?rest_route=\/wp\/v2\/posts\/56388\/revisions"}],"predecessor-version":[{"id":56390,"href":"https:\/\/miradordeatarfe.es\/index.php?rest_route=\/wp\/v2\/posts\/56388\/revisions\/56390"}],"wp:featuredmedia":[{"embeddable":true,"href":"https:\/\/miradordeatarfe.es\/index.php?rest_route=\/wp\/v2\/media\/56389"}],"wp:attachment":[{"href":"https:\/\/miradordeatarfe.es\/index.php?rest_route=%2Fwp%2Fv2%2Fmedia&parent=56388"}],"wp:term":[{"taxonomy":"category","embeddable":true,"href":"https:\/\/miradordeatarfe.es\/index.php?rest_route=%2Fwp%2Fv2%2Fcategories&post=56388"},{"taxonomy":"post_tag","embeddable":true,"href":"https:\/\/miradordeatarfe.es\/index.php?rest_route=%2Fwp%2Fv2%2Ftags&post=56388"}],"curies":[{"name":"wp","href":"https:\/\/api.w.org\/{rel}","templated":true}]}}