{"id":56391,"date":"2022-10-03T10:10:18","date_gmt":"2022-10-03T08:10:18","guid":{"rendered":"https:\/\/miradordeatarfe.es\/?p=56391"},"modified":"2022-10-01T18:18:26","modified_gmt":"2022-10-01T16:18:26","slug":"las-familias-se-quejan-de-que-la-aplicacion-de-la-lomloe-acarrea-desigualdades-territoriales-por-el-gasto-en-libros","status":"publish","type":"post","link":"https:\/\/miradordeatarfe.es\/?p=56391","title":{"rendered":"Las familias se quejan de que la aplicaci\u00f3n de la Lomloe acarrea desigualdades territoriales por el gasto en libros"},"content":{"rendered":"<h3 class=\"a_st\" style=\"text-align: justify;\">La confederaci\u00f3n de familias Ceapa advierte de que el cambio de libros por la implantaci\u00f3n de la nueva ley educativa ha supuesto desembolsos distintos dependiendo del centro educativo.<\/h3>\n<div class=\"a_c clearfix\" data-dtm-region=\"articulo_cuerpo\">\n<p class=\"\" style=\"text-align: justify;\">La <a href=\"https:\/\/elpais.com\/eps\/2022-09-05\/de-la-nueva-ley-educativa-al-calor-creciente-en-las-aulas-claves-de-la-vuelta-al-cole.html\" target=\"_blank\" rel=\"noopener\" data-link-track-dtm=\"\">nueva ley educativa que comienza a implantarse este inicio de curso escolar<\/a> contempla la introducci\u00f3n de nuevos libros de texto por el cambio de contenidos. Al igual que el resto de medidas, la reposici\u00f3n de los libros solo afecta a los alumnos de cursos impares. Las familias con ni\u00f1os que cursen un primero, tercero o quinto, han tenido que desembolsar una cuant\u00eda importante para comprarlos. Pero la cifra ha sido diferente dependiendo de la comunidad aut\u00f3noma y, tambi\u00e9n, del centro educativo.<\/p>\n<p class=\"\" style=\"text-align: justify;\">Mar\u00eda Capell\u00e1n, presidenta de la Confederaci\u00f3n Espa\u00f1ola de Asociaciones de Padres y Madres del Alumnado (Ceapa), ha advertido este jueves de que los cambios normativos de la nueva ley no han sido aprobados a tiempo en algunas comunidades, que han dejado a sus centros educativos la libertad de elegir si se renuevan o no los libros de texto. Galicia, Asturias, Baleares, Murcia o la Comunidad Valenciana han apostado por una reposici\u00f3n total, acorde con lo esperado en la aplicaci\u00f3n de la ley. Otras comunidades como Madrid, Catalu\u00f1a, Castilla y Le\u00f3n o Castilla-La Mancha han dejado la decisi\u00f3n en manos de cada centro educativo. Algunas familias han pagado, otras no han tenido que hacerlo.<\/p>\n<p class=\"\" style=\"text-align: justify;\">La decisi\u00f3n tiene un impacto, en todo caso, muy distinto en el caso de las comunidades donde existe una amplia cobertura de los <a href=\"https:\/\/elpais.com\/educacion\/2022-09-18\/asi-se-han-ahorrado-este-curso-los-padres-de-22-millones-de-ninos-el-dineral-de-los-libros-de-texto.html\" target=\"_blank\" rel=\"noopener\" data-link-track-dtm=\"\">sistemas de banco de libros de texto gratuitos<\/a>, que han ahorrado a la mayor\u00eda de las familias el gasto, como son Andaluc\u00eda, Comunidad Valenciana, Navarra, Madrid, La Rioja, Galicia, Extremadura y Arag\u00f3n.<\/p>\n<p class=\"\" style=\"text-align: justify;\">Leticia Cardenal, vicepresidenta de Ceapa, considera negativo en cualquier caso \u201cque haya comunidades que han cambiado los libros totalmente\u201d. La confederaci\u00f3n considera que los libros son solo una herramienta m\u00e1s dentro del aula, y apuesta por la reutilizaci\u00f3n e inclusi\u00f3n de nuevos materiales para aprender los contenidos que son novedad en la Lomloe, as\u00ed como por impulsar las iniciativas de los profesores, bibliotecas de aula y proyectos. \u201cSi por lo menos se cambian a la vez, todas las familias est\u00e1n igualmente perjudicadas, pero esto est\u00e1 generado grandes desigualdades e incertidumbre\u201d, ha protestado Capell\u00e1n.<\/p>\n<p class=\"\" style=\"text-align: justify;\">Que haya comunidades que permiten al centro educativo elegir <a href=\"https:\/\/elpais.com\/espana\/catalunya\/2022-09-21\/cataluna-da-luz-verde-a-un-bachillerato-con-mas-optativas-y-menos-memoristico.html\" target=\"_blank\" rel=\"noopener\" data-link-track-dtm=\"\">no significa que haya habido un fracaso en la implementaci\u00f3n de la ley<\/a>. Seg\u00fan Ceapa, que representa aproximadamente a cinco millones de alumnos, implica que hay centros educativos o profesores que han \u201ctenido en cuenta el momento que vivimos y no han querido generar un sobre coste a las familias\u201d. \u201cNo necesitas cambiar los libros para garantizar el cumplimiento de la ley. Algunas consejer\u00edas han facilitado a los docentes el material de los nuevos contenidos en caso de que no quisieran cambiar los libros\u201d, ha explicado la presidenta. De forma orientativa, la confederaci\u00f3n ha afirmado que un libro que el a\u00f1o pasado costaba 38 euros, ahora ronda los 45.<\/p>\n<p class=\"\" style=\"text-align: justify;\">Sin embargo, advierten de que la disparidad tambi\u00e9n se ha ampliado dentro de las comunidades que han concedido autonom\u00eda a los centros educativos. Dentro de un mismo municipio, hay padres que han tenido que comprar todos los libros y otros, en el centro de al lado, ninguno, dependiendo de la decisi\u00f3n del centro. Algunos solo han renovado una o dos asignaturas. Extremadura y Cantabria, por ejemplo, han obligado a los centros a ejercer una renovaci\u00f3n parcial de los libros. \u201cSe deja a la autonom\u00eda de centros determinar cuestiones que generan desigualdad\u201d, ha expuesto Mar\u00eda S\u00e1nchez, tesorera de la confederaci\u00f3n. \u201cEsto tiene que estar regulado por las administraciones. No puede ser que una comunidad aut\u00f3noma tenga estas diferencias entre centros p\u00fablicos\u201d, ha concluido Cardenal.<\/p>\n<p class=\"\" style=\"text-align: justify;\">\u201cRecordamos que la Constituci\u00f3n Espa\u00f1ola dice que la ense\u00f1anza b\u00e1sica es obligatoria y gratuita, por lo que no valen excusas como la autonom\u00eda de centro o la libertad de c\u00e1tedra para obligar a desembolsar ni un solo euro\u201d, ha protestado Capell\u00e1n, y ha a\u00f1adido: \u201cNos estamos acostumbrando a que las familias paguen libros y materiales escolares sin que las administraciones apuesten por la gratuidad total, es inadmisible\u201d.<\/p>\n<p class=\"\" style=\"text-align: justify;\">A pesar de que, seg\u00fan Ceapa, el precio del men\u00fa no ha variado significativamente, han criticado las diferencias entre comunidades aut\u00f3nomas en la gesti\u00f3n de los comedores escolares. Tanto en el sistema de becas y ayudas para alumnado, como en la elaboraci\u00f3n del men\u00fa o en el precio. Var\u00edan desde 3,78 euros en Asturias, hasta los 8,50 euros en algunos colegios de Baleares. La presidenta ha pedido unificarlos, porque \u201chay alumnado con escasos recursos econ\u00f3micos para quien la comida del comedor supone su \u00fanica comida completa del d\u00eda\u201d. Salvo en algunos territorios, las macroempresas de <i>catering<\/i> son las encargadas de elaborar las comidas, lo que, a ojos de la confederaci\u00f3n, supone una \u201cmerma de su calidad y cantidad en comparaci\u00f3n con la comida que se sirve en comedores gestionados por las federaciones y las Ampa\u201d.<\/p>\n<h3 class=\"\" style=\"text-align: justify;\">Salud mental<\/h3>\n<p class=\"\" style=\"text-align: justify;\">Ceapa ha insistido tambi\u00e9n en la importancia de un plan espec\u00edfico de atenci\u00f3n a la salud mental, que no existe \u201caunque la cifra de alumnos que padece alg\u00fan tipo de afecci\u00f3n mental se ha incrementado de manera desorbitada en estos dos a\u00f1os\u201d.<\/p>\n<p class=\"\" style=\"text-align: justify;\">La presidenta de la confederaci\u00f3n ha reiterado que \u201cno se ven suficientes recursos\u201d, a pesar de la <a href=\"https:\/\/elpais.com\/educacion\/2022-09-16\/la-escuela-vive-con-desconcierto-los-primeros-dias-de-los-coordinadores-de-bienestar-estamos-solos.html\" target=\"_blank\" rel=\"noopener\" data-link-track-dtm=\"\">introducci\u00f3n de la nueva figura del coordinador del bienestar<\/a>, que considera insuficiente. \u201cUn coordinador por cada centro de mil alumnos no va a tener trato directo con los alumnos\u201d, recalca. \u201cCon los poquitos d\u00edas que llevamos de curso todav\u00eda no sabemos qu\u00e9 programa van a llevar a cabo o c\u00f3mo va a ser la atenci\u00f3n de esta figura, pero la ratio de atenci\u00f3n no tiene sentido\u201d, conclu\u00eda la vicepresidenta.<\/p>\n<\/div>\n<p><strong><a class=\"a_md_a_n\" title=\"Ver todas las noticias de Andrea Garc\u00eda Baroja\" href=\"https:\/\/elpais.com\/autor\/andrea-garcia-martinez\/#?rel=author_top\">Andrea Garc\u00eda Baroja<\/a><\/strong><\/p>\n<header class=\"a_e _g _g-xs\">\n<div class=\"a_e_m\">\n<figure class=\"a_m a_m-h\"><figcaption class=\"a_m_p\">Colegio Jos\u00e9 Mar\u00eda del Campo en Sevilla, donde se dispone de un banco de libros gratuitos.<span class=\"a_m_m\">PACO PUENTES<\/p>\n<p>https:\/\/elpais.com\/sociedad\/2022-09-29\/las-familias-se-quejan-de-que-la-aplicacion-de-la-lomloe-acarrea-desigualdades-territoriales-por-el-gasto-en-libros.html<br \/>\n<\/span><\/figcaption><\/figure>\n<\/div>\n<\/header>\n<div class=\"a_md _g _g-xs ni\">\n<div class=\"a_md_txt\">\n<div class=\"a_md_a\" data-dtm-region=\"articulo_firma\">\u00a0<\/div>\n<\/div>\n<\/div>\n","protected":false},"excerpt":{"rendered":"<p>La confederaci\u00f3n de familias Ceapa advierte de que el cambio de libros por la implantaci\u00f3n&#8230;<\/p>\n","protected":false},"author":1,"featured_media":56392,"comment_status":"closed","ping_status":"closed","sticky":false,"template":"","format":"standard","meta":{"_coblocks_attr":"","_coblocks_dimensions":"","_coblocks_responsive_height":"","_coblocks_accordion_ie_support":"","jetpack_post_was_ever_published":false,"_jetpack_newsletter_access":"","_jetpack_dont_email_post_to_subs":false,"_jetpack_newsletter_tier_id":0,"_jetpack_memberships_contains_paywalled_content":false,"_jetpack_memberships_contains_paid_content":false,"footnotes":"","jetpack_publicize_message":"","jetpack_publicize_feature_enabled":true,"jetpack_social_post_already_shared":true,"jetpack_social_options":{"image_generator_settings":{"template":"highway","default_image_id":0,"enabled":false},"version":2}},"categories":[187,1161,44,6937,15],"tags":[1394,9584,5980,1395],"class_list":["post-56391","post","type-post","status-publish","format-standard","has-post-thumbnail","hentry","category-centros-educativos","category-ciudadania","category-noticias-de-hoy","category-sociedad","category-ultimas-noticias","tag-ceapa","tag-esado-de-bienestar","tag-gratuidad","tag-libros-de-texto"],"jetpack_publicize_connections":[],"jetpack_featured_media_url":"https:\/\/i0.wp.com\/miradordeatarfe.es\/wp-content\/uploads\/2022\/10\/3PP2BWT4OVA73AXHCSLVDWSJYY.jpg?fit=1960%2C1307&ssl=1","jetpack_likes_enabled":true,"jetpack_sharing_enabled":true,"_links":{"self":[{"href":"https:\/\/miradordeatarfe.es\/index.php?rest_route=\/wp\/v2\/posts\/56391","targetHints":{"allow":["GET"]}}],"collection":[{"href":"https:\/\/miradordeatarfe.es\/index.php?rest_route=\/wp\/v2\/posts"}],"about":[{"href":"https:\/\/miradordeatarfe.es\/index.php?rest_route=\/wp\/v2\/types\/post"}],"author":[{"embeddable":true,"href":"https:\/\/miradordeatarfe.es\/index.php?rest_route=\/wp\/v2\/users\/1"}],"replies":[{"embeddable":true,"href":"https:\/\/miradordeatarfe.es\/index.php?rest_route=%2Fwp%2Fv2%2Fcomments&post=56391"}],"version-history":[{"count":1,"href":"https:\/\/miradordeatarfe.es\/index.php?rest_route=\/wp\/v2\/posts\/56391\/revisions"}],"predecessor-version":[{"id":56393,"href":"https:\/\/miradordeatarfe.es\/index.php?rest_route=\/wp\/v2\/posts\/56391\/revisions\/56393"}],"wp:featuredmedia":[{"embeddable":true,"href":"https:\/\/miradordeatarfe.es\/index.php?rest_route=\/wp\/v2\/media\/56392"}],"wp:attachment":[{"href":"https:\/\/miradordeatarfe.es\/index.php?rest_route=%2Fwp%2Fv2%2Fmedia&parent=56391"}],"wp:term":[{"taxonomy":"category","embeddable":true,"href":"https:\/\/miradordeatarfe.es\/index.php?rest_route=%2Fwp%2Fv2%2Fcategories&post=56391"},{"taxonomy":"post_tag","embeddable":true,"href":"https:\/\/miradordeatarfe.es\/index.php?rest_route=%2Fwp%2Fv2%2Ftags&post=56391"}],"curies":[{"name":"wp","href":"https:\/\/api.w.org\/{rel}","templated":true}]}}