{"id":56419,"date":"2022-10-03T11:00:55","date_gmt":"2022-10-03T09:00:55","guid":{"rendered":"https:\/\/miradordeatarfe.es\/?p=56419"},"modified":"2022-10-03T12:40:48","modified_gmt":"2022-10-03T10:40:48","slug":"arde-el-autobus-del-equipo-juvenil-c-del-atarfe-industrial-en-la-a-92-cuando-volvian-de-cullar","status":"publish","type":"post","link":"https:\/\/miradordeatarfe.es\/?p=56419","title":{"rendered":"Arde el autob\u00fas del equipo juvenil C del Atarfe Industrial en la A-92 cuando volv\u00edan de C\u00fallar"},"content":{"rendered":"<h3 class=\"voc-sub-title\" style=\"text-align: justify;\">La r\u00e1pida actuaci\u00f3n del conductor ha permitido que jugadores, padres y entrenador salgan por su propio pie del veh\u00edculo sin que haya que lamentar heridos | La Guardia Civil los ha desplazado hasta un \u00e1rea de servicio donde los ha recogido otro autocar para volver a casa<\/h3>\n<div class=\"voc-article-container\" style=\"text-align: justify;\">\n<article class=\"voc-article voc-article--detail voc-article--detail--base voc-article--photo-bottom\">\n<div class=\"voc-img-container  \">\u00a0<\/div>\n<\/article>\n<\/div>\n<div class=\"voc-detail\" data-voc-share-selection=\"\">\n<p class=\"voc-paragraph\" style=\"text-align: justify;\">Susto tremendo el que se han llevado esta noche los jugadores, los padres y el entrenador del equipo de f\u00fatbol juvenil C del Atarfe Industrial despu\u00e9s de que el autob\u00fas que los trasladaba de vuelta a casa desde C\u00fallar haya empezado a arder en el kil\u00f3metro 282 de la A-92, a la altura del municipio de Darro. La r\u00e1pida intervenci\u00f3n del conductor, que not\u00f3 enseguida que el veh\u00edculo empezaba a echar humo, ha evitado que las 31 personas que viajaban a bordo sufrieran alg\u00fan percance.<\/p>\n<p class=\"voc-paragraph\" style=\"text-align: justify;\">Seg\u00fan ha explicado a IDEAL el presidente del club atarfe\u00f1o, Andr\u00e9s Prieto, el ch\u00f3fer ha desviado el autob\u00fas de la autov\u00eda y todos han podido bajarse r\u00e1pidamente en el arc\u00e9n. \u00abSe han llevado un buen susto pero afortunadamente no ha pasado nada. Gracias a que el conductor se ha dado cuenta r\u00e1pida, han podido salir sanos y salvos. Cada uno ha cogido sus cosas y han salido por su propio pie del autob\u00fas, que ha acabado calcinado. No hemos llevado un buen susto, al final no ha pasado nada y todo ha salido bien\u00bb, ha se\u00f1alado Prieto.<\/p>\n<p class=\"voc-paragraph\" style=\"text-align: justify;\">Ha sido la Guardia Civil, que ha acudido al lugar tras el aviso recibido por el servicio de Emergencias 112 Andaluc\u00eda sobre las 20.30 horas, la que ha trasladado a los juveniles del Atarfe y a su entrenador hasta una \u00e1rea de servicio cercana, donde otro autob\u00fas les ha recogido para llevarlos hasta su casa. Hasta el lugar se han desplazado tambi\u00e9n Bomberos de Guadix para sofocar las llamas. El autob\u00fas ha terminado totalmente calcinado.<\/p>\n<p class=\"voc-paragraph\" style=\"text-align: justify;\">El equipo volv\u00eda de disputar un encuentro contra el C\u00fallar de la 4\u00aa Andaluza, choque que han ganado. \u00abLos pobres se han llevado un buen susto despu\u00e9s de la alegr\u00eda de la victoria. Para algunos era la primera vez que jugaban un partido de competici\u00f3n. Pero, bueno, no ha pasado nada y todo ha quedado en una an\u00e9cdota\u00bb, ha comentado Andr\u00e9s Prieto.<\/p>\n<div class=\"voc-article-container\">\n<article class=\"voc-article voc-article--detail voc-article--detail--base voc-article--photo-bottom\">\n<div class=\"voc-img-container  \">\n<p><strong><a class=\"voc-author\" title=\"DANIEL OLIVARES\">DANIEL OLIVARES<\/a><\/strong><\/p>\n<p class=\"figure-caption\"><span class=\"voc-photo-caption\">FOTO: El autob\u00fas, calcinado en plena carretera. \/ <\/span><span class=\"voc-photo-author\">T. Fandila<\/span><\/p>\n<\/div>\n<div class=\"voc-info-container\">\u00a0<\/div>\n<\/article>\n<\/div>\n<\/div>\n","protected":false},"excerpt":{"rendered":"<p>La r\u00e1pida actuaci\u00f3n del conductor ha permitido que jugadores, padres y entrenador salgan por su&#8230;<\/p>\n","protected":false},"author":1,"featured_media":56420,"comment_status":"closed","ping_status":"closed","sticky":false,"template":"","format":"standard","meta":{"_coblocks_attr":"","_coblocks_dimensions":"","_coblocks_responsive_height":"","_coblocks_accordion_ie_support":"","jetpack_post_was_ever_published":false,"_jetpack_newsletter_access":"","_jetpack_dont_email_post_to_subs":false,"_jetpack_newsletter_tier_id":0,"_jetpack_memberships_contains_paywalled_content":false,"_jetpack_memberships_contains_paid_content":false,"footnotes":"","jetpack_publicize_message":"","jetpack_publicize_feature_enabled":true,"jetpack_social_post_already_shared":true,"jetpack_social_options":{"image_generator_settings":{"template":"highway","default_image_id":0,"enabled":false},"version":2}},"categories":[1],"tags":[4389,4264,9593],"class_list":["post-56419","post","type-post","status-publish","format-standard","has-post-thumbnail","hentry","category-uncategorized","tag-atarfe-industrial-c-f","tag-autobus","tag-calcinado"],"jetpack_publicize_connections":[],"jetpack_featured_media_url":"https:\/\/i0.wp.com\/miradordeatarfe.es\/wp-content\/uploads\/2022\/10\/TFG_Autobus-cuesta-diezma-Equipo-de-futbol-del-Atarfe.jpg?fit=1600%2C1200&ssl=1","jetpack_likes_enabled":true,"jetpack_sharing_enabled":true,"_links":{"self":[{"href":"https:\/\/miradordeatarfe.es\/index.php?rest_route=\/wp\/v2\/posts\/56419","targetHints":{"allow":["GET"]}}],"collection":[{"href":"https:\/\/miradordeatarfe.es\/index.php?rest_route=\/wp\/v2\/posts"}],"about":[{"href":"https:\/\/miradordeatarfe.es\/index.php?rest_route=\/wp\/v2\/types\/post"}],"author":[{"embeddable":true,"href":"https:\/\/miradordeatarfe.es\/index.php?rest_route=\/wp\/v2\/users\/1"}],"replies":[{"embeddable":true,"href":"https:\/\/miradordeatarfe.es\/index.php?rest_route=%2Fwp%2Fv2%2Fcomments&post=56419"}],"version-history":[{"count":1,"href":"https:\/\/miradordeatarfe.es\/index.php?rest_route=\/wp\/v2\/posts\/56419\/revisions"}],"predecessor-version":[{"id":56421,"href":"https:\/\/miradordeatarfe.es\/index.php?rest_route=\/wp\/v2\/posts\/56419\/revisions\/56421"}],"wp:featuredmedia":[{"embeddable":true,"href":"https:\/\/miradordeatarfe.es\/index.php?rest_route=\/wp\/v2\/media\/56420"}],"wp:attachment":[{"href":"https:\/\/miradordeatarfe.es\/index.php?rest_route=%2Fwp%2Fv2%2Fmedia&parent=56419"}],"wp:term":[{"taxonomy":"category","embeddable":true,"href":"https:\/\/miradordeatarfe.es\/index.php?rest_route=%2Fwp%2Fv2%2Fcategories&post=56419"},{"taxonomy":"post_tag","embeddable":true,"href":"https:\/\/miradordeatarfe.es\/index.php?rest_route=%2Fwp%2Fv2%2Ftags&post=56419"}],"curies":[{"name":"wp","href":"https:\/\/api.w.org\/{rel}","templated":true}]}}