{"id":56422,"date":"2022-10-04T11:41:19","date_gmt":"2022-10-04T09:41:19","guid":{"rendered":"https:\/\/miradordeatarfe.es\/?p=56422"},"modified":"2022-10-03T12:45:46","modified_gmt":"2022-10-03T10:45:46","slug":"el-atarfe-industrial-se-estrena-en-casa-con-un-empate-2-2","status":"publish","type":"post","link":"https:\/\/miradordeatarfe.es\/?p=56422","title":{"rendered":"El Atarfe Industrial se estrena en casa con un empate, 2-2"},"content":{"rendered":"<div class=\"grid_9 alpha posts noticiabig\">\n<h3 style=\"text-align: justify;\">Los atarfe\u00f1os igualaron ante el Casabermeja en un disputado partido<\/h3>\n<div class=\"meta mb autor\" style=\"text-align: justify;\">\u00a0<i>E<\/i>l nuevo Atarfe de Vilaseca se estrena en casa con reparto de puntos frente al Casabermeja. Fue un partido igualado y lleno de alternancias en el marca. Cuando mejor estaba un equipo llegaron los goles del contrario. Al Atarfe que por momentos dio buenas sensaciones, le condenaron sus propios errores, cosa que aprovech\u00f3 el conjunto malague\u00f1o. A\u00fan as\u00ed los de Vilaseca lograron reponerse y hacerse con su primer punto en esta liga.\u00a0<\/div>\n<p style=\"text-align: justify;\">El 1-0 lleg\u00f3 en el minuto 12, era el primer acercamiento de los locales a la meta contraria y no pudo resultar mejor, Jorge se fue de su par cerca de la l\u00ednea de fondo y puso un bal\u00f3n inmejorable y apareci\u00f3 Osuna que de chilena firm\u00f3 un aut\u00e9ntico golazo. Pero tambi\u00e9n en la primera aproximaci\u00f3n de los visitantes lleg\u00f3 el empate, una p\u00e9rdida en la l\u00ednea de medios atarfe\u00f1as oblig\u00f3 a Juanma a realizar una falta cerca de la media luna. Eu la clav\u00f3 superando la barrera y la estirada de Dar\u00edo. De ah\u00ed al final de los primeros 45 minutos el choque fue decayendo en intensidad y vistosidad sin apenas contar m\u00e1s ocas3, salvo un gol anulado al Casabermeja por un fuera de juego muy discutido por los visitantes.\u00a0<\/p>\n<div class=\"ads_block mb\" style=\"text-align: justify;\">\u00a0<\/div>\n<div class=\"limpia\" style=\"text-align: justify;\">\u00a0<\/div>\n<div class=\"foto\" style=\"text-align: justify;\"><a id=\"single_image\" title=\"Humberto busca un bal\ufffdn dividido (JOS\ufffd M. BALDOMERO) \" href=\"https:\/\/i0.wp.com\/www.granadaenjuego.com\/ficheros\/202210\/imagen49606_1_original.jpg?ssl=1\"> <img data-recalc-dims=\"1\" decoding=\"async\" title=\"Humberto busca un bal\ufffdn dividido (JOS\ufffd M. BALDOMERO) \" src=\"https:\/\/i0.wp.com\/www.granadaenjuego.com\/ficheros\/202210\/imagen49606_1_original.jpg?w=640&#038;ssl=1\" alt=\"Humberto busca un bal\ufffdn dividido (JOS\ufffd M. BALDOMERO) \" \/> <\/a><\/p>\n<div class=\"piefotobig\"><i>Humberto busca un bal\u00f3n dividido (JOS\u00c9 M. BALDOMERO) <\/i><\/div>\n<\/div>\n<p style=\"text-align: justify;\">El inicio se la segunda parte depar\u00f3 unos primeros instantes intensos y prometedores por parte de los verdiblancos. En el primer minuto Osuna de cabeza roz\u00f3 el gol y en el minuto 4 fue Juan Fran, meta visitante el que mand\u00f3 a c\u00f3rner un latigazo de Chino que llevaba olor a gol. La historia se volvi\u00f3 a repetir, fue un calco de la primera parte, el Atarfe domina pero no concreta y un error infantil propicia una contra de Pelu para que el reci\u00e9n salido Fran desde la frontal del \u00e1rea con un duro remate que significa el 1-2. Vilaseca refresc\u00f3 a su equipo y esos cambios cogieron protagonismo y el Atarfe no se rindi\u00f3 y a falta de siete minutos vuelve a poner las tablas en el marcador, Himar se marcha por banda izquierda superando con fuerza a los agarrones de su par, avanza unos metros, levanta la cabeza y le pone un bal\u00f3n inmejorable a Toni que se eleva por encima de todos para rematar de cabeza y hacer el 2-2 que ser\u00eda definitivo y m\u00e1s que merecido. Hasta el pitido final dio la sensaci\u00f3n de que los dos equipos se conformaban y no quisieron estropear el trabajo realizado.\u00a0<\/p>\n<div class=\"grid_3 omega posts\">\n<div class=\"widget\" style=\"text-align: justify;\"><a title=\"GRJ Radio\" href=\"https:\/\/www.granadaenjuego.com\/ficheros\/derecha_211.jpg\" target=\"_blank\" rel=\"noopener\">Jes\u00fas Rosillo \/ ATARFE\u00a0 <\/a><\/div>\n<div>\u00a0<\/div>\n<div>FOTO: <i>Chino lucha con un jugador del Casabermeja (JOS\u00c9 M. BALDOMERO) <\/i><\/div>\n<div>\u00a0<\/div>\n<\/div>\n<div>https:\/\/www.granadaenjuego.com\/atarfe-industrial-\/el-atarfe-industrial-se-estrena-en-casa-con-un-empate&#8211;2-2<\/div>\n<p><img data-recalc-dims=\"1\" decoding=\"async\" src=\"https:\/\/i0.wp.com\/i.ibb.co\/pxfMf2y\/image-4.jpg?w=640&#038;ssl=1\" alt=\"\" \/><\/p>\n<\/div>\n<div class=\"grid_3 omega posts\">\u00a0<\/div>\n<div>\u00a0<\/div>\n<div>\u00a0<\/div>\n","protected":false},"excerpt":{"rendered":"<p>Los atarfe\u00f1os igualaron ante el Casabermeja en un disputado partido \u00a0El nuevo Atarfe de Vilaseca&#8230;<\/p>\n","protected":false},"author":1,"featured_media":56423,"comment_status":"closed","ping_status":"closed","sticky":false,"template":"","format":"standard","meta":{"_coblocks_attr":"","_coblocks_dimensions":"","_coblocks_responsive_height":"","_coblocks_accordion_ie_support":"","jetpack_post_was_ever_published":false,"_jetpack_newsletter_access":"","_jetpack_dont_email_post_to_subs":false,"_jetpack_newsletter_tier_id":0,"_jetpack_memberships_contains_paywalled_content":false,"_jetpack_memberships_contains_paid_content":false,"footnotes":"","jetpack_publicize_message":"","jetpack_publicize_feature_enabled":true,"jetpack_social_post_already_shared":true,"jetpack_social_options":{"image_generator_settings":{"template":"highway","default_image_id":0,"enabled":false},"version":2}},"categories":[2,1161,182,186,44,15],"tags":[81,4389,123,666],"class_list":["post-56422","post","type-post","status-publish","format-standard","has-post-thumbnail","hentry","category-atarfe","category-ciudadania","category-deportes","category-instituciones","category-noticias-de-hoy","category-ultimas-noticias","tag-atarfe","tag-atarfe-industrial-c-f","tag-deportes","tag-futbol"],"jetpack_publicize_connections":[],"jetpack_featured_media_url":"https:\/\/i0.wp.com\/miradordeatarfe.es\/wp-content\/uploads\/2022\/10\/imagen49606_0_original.jpg?fit=665%2C443&ssl=1","jetpack_likes_enabled":true,"jetpack_sharing_enabled":true,"_links":{"self":[{"href":"https:\/\/miradordeatarfe.es\/index.php?rest_route=\/wp\/v2\/posts\/56422","targetHints":{"allow":["GET"]}}],"collection":[{"href":"https:\/\/miradordeatarfe.es\/index.php?rest_route=\/wp\/v2\/posts"}],"about":[{"href":"https:\/\/miradordeatarfe.es\/index.php?rest_route=\/wp\/v2\/types\/post"}],"author":[{"embeddable":true,"href":"https:\/\/miradordeatarfe.es\/index.php?rest_route=\/wp\/v2\/users\/1"}],"replies":[{"embeddable":true,"href":"https:\/\/miradordeatarfe.es\/index.php?rest_route=%2Fwp%2Fv2%2Fcomments&post=56422"}],"version-history":[{"count":1,"href":"https:\/\/miradordeatarfe.es\/index.php?rest_route=\/wp\/v2\/posts\/56422\/revisions"}],"predecessor-version":[{"id":56424,"href":"https:\/\/miradordeatarfe.es\/index.php?rest_route=\/wp\/v2\/posts\/56422\/revisions\/56424"}],"wp:featuredmedia":[{"embeddable":true,"href":"https:\/\/miradordeatarfe.es\/index.php?rest_route=\/wp\/v2\/media\/56423"}],"wp:attachment":[{"href":"https:\/\/miradordeatarfe.es\/index.php?rest_route=%2Fwp%2Fv2%2Fmedia&parent=56422"}],"wp:term":[{"taxonomy":"category","embeddable":true,"href":"https:\/\/miradordeatarfe.es\/index.php?rest_route=%2Fwp%2Fv2%2Fcategories&post=56422"},{"taxonomy":"post_tag","embeddable":true,"href":"https:\/\/miradordeatarfe.es\/index.php?rest_route=%2Fwp%2Fv2%2Ftags&post=56422"}],"curies":[{"name":"wp","href":"https:\/\/api.w.org\/{rel}","templated":true}]}}