{"id":56432,"date":"2022-10-09T10:45:36","date_gmt":"2022-10-09T08:45:36","guid":{"rendered":"https:\/\/miradordeatarfe.es\/?p=56432"},"modified":"2023-10-21T18:37:41","modified_gmt":"2023-10-21T16:37:41","slug":"atarfenos-del-mundo-de-la-ciencia-jose-luis-flores-ingeniero-de-telecomunicacion-edimburgo","status":"publish","type":"post","link":"https:\/\/miradordeatarfe.es\/?p=56432","title":{"rendered":"ATARFE\u00d1OS DEL MUNDO DE LA CIENCIA: Jos\u00e9 Luis Flores.  Ingeniero\u00a0de\u00a0Telecomunicaci\u00f3n.\u00a0Edimburgo"},"content":{"rendered":"<h3>And Mawell saw the Light &#8211; y Maxwell vio la L\u00faz<\/h3>\n<p>En 1864 el escoc\u00e9s James Clerk Maxwell public\u00f3 su tratado \u00abA Dynamical Theory of the\u00a0Electromagnetic Field\u00bb &#8211; Una Teor\u00eda Din\u00e1mica del Campo Electromagn\u00e9tico. En la que\u00a0muestra por primera vez en la historia la conexi\u00f3n entre los fen\u00f3menos el\u00e9ctricos y\u00a0magn\u00e9ticos,\u00a0y\u00a0c\u00f3mo\u00a0al\u00a0actuar\u00a0juntos\u00a0generan\u00a0vibraciones\u00a0que\u00a0se\u00a0propagan\u00a0por\u00a0el\u00a0espacio\u00a0a\u00a0la\u00a0velocidad de la luz. Demostrando as\u00ed que la luz es uno de esos fen\u00f3menos.<\/p>\n<p>Combinando las magnitudes de dos fuerzas de la naturaleza -la el\u00e9ctrica y la magn\u00e9tica, que\u00a0se\u00a0consideraban\u00a0independientes\u00a0hasta\u00a0entonces,\u00a0Maxwell\u00a0encontr\u00f3\u00a0la\u00a0velocidad\u00a0de\u00a0la\u00a0l\u00faz.\u00a0Que\u00a0tambi\u00e9n hab\u00eda sido medida con anterioridad y de manera totalmente independiente a los otros\u00a0dos fen\u00f3menos.<\/p>\n<p>Este descubrimiento mostr\u00f3 el camino a futuros cient\u00edficos para encontrar formas de producir y detectar dichas vibraciones, y usarlas para transmitir mensajes. Desde la telegraf\u00eda sin hilos de finales del s.XIX, pasando por la radio y la televisi\u00f3n del s.XX, hasta nuestras comunicaciones m\u00f3viles de hoy que nos permiten intercambiar todo tipo de informaci\u00f3n\u00a0(texto v\u00eddeo m\u00fasica.\u00a0) sin hilos!<\/p>\n<p>Las ecuaciones de Maxwell son cuatro y se expresan de manera precisa y compacta en un lenguaje, el de las matem\u00e1ticas, que no es complicado para el que aprende a leerlo. No es m\u00e1s complicado que otras formas de expresar el conocimiento, como la m\u00fasica. Estas ecuaciones son m\u00fasica para el que las sabe leer. Son m\u00fasica para mi que descubr\u00ed mi pasi\u00f3n por la radio estando a\u00fan en mis primeros a\u00f1os en el Instituto Il\u00edberis. hall\u00e1 por 1982. Y all\u00ed decid\u00ed que quer\u00eda ser un d\u00eda ingeniero de telecomunicaci\u00f3n.<\/p>\n<p>Hoy\u00a0trabajo\u00a0desarrollando\u00a0nuevos\u00a0sistemas\u00a0de\u00a0comunicaci\u00f3n\u00a0por\u00a0sat\u00e9lite.\u00a0Y\u00a0tras\u00a0m\u00faltiples\u00a0aventuras\u00a0por otros pa\u00edses\u00a0he acabado viviendo en\u00a0Edimburgo, la ciudad de\u00a0Maxwell.<\/p>\n<p>Donde tambi\u00e9n a veces hace sol y buen tiempo, como pod\u00e9is ver. Caminante no hay camino. Se hace camino al andar. &#8211;\u00a0A. Machado<\/p>\n<p><strong>ATARFE ES CIENCIA<\/strong><\/p>\n<p><a href=\"https:\/\/i0.wp.com\/miradordeatarfe.es\/wp-content\/uploads\/2022\/10\/Imagen1.png?ssl=1\"><img data-recalc-dims=\"1\" loading=\"lazy\" decoding=\"async\" class=\"alignnone wp-image-56433 size-full\" src=\"https:\/\/i0.wp.com\/miradordeatarfe.es\/wp-content\/uploads\/2022\/10\/Imagen1.png?resize=640%2C853&#038;ssl=1\" alt=\"\" width=\"640\" height=\"853\" srcset=\"https:\/\/i0.wp.com\/miradordeatarfe.es\/wp-content\/uploads\/2022\/10\/Imagen1.png?w=1537&amp;ssl=1 1537w, https:\/\/i0.wp.com\/miradordeatarfe.es\/wp-content\/uploads\/2022\/10\/Imagen1.png?resize=225%2C300&amp;ssl=1 225w, https:\/\/i0.wp.com\/miradordeatarfe.es\/wp-content\/uploads\/2022\/10\/Imagen1.png?resize=769%2C1024&amp;ssl=1 769w, https:\/\/i0.wp.com\/miradordeatarfe.es\/wp-content\/uploads\/2022\/10\/Imagen1.png?resize=768%2C1023&amp;ssl=1 768w, https:\/\/i0.wp.com\/miradordeatarfe.es\/wp-content\/uploads\/2022\/10\/Imagen1.png?resize=1153%2C1536&amp;ssl=1 1153w, https:\/\/i0.wp.com\/miradordeatarfe.es\/wp-content\/uploads\/2022\/10\/Imagen1.png?resize=1320%2C1759&amp;ssl=1 1320w\" sizes=\"auto, (max-width: 640px) 100vw, 640px\" \/><\/a><\/p>\n","protected":false},"excerpt":{"rendered":"<p>And Mawell saw the Light &#8211; y Maxwell vio la L\u00faz En 1864 el escoc\u00e9s&#8230;<\/p>\n","protected":false},"author":1,"featured_media":56585,"comment_status":"closed","ping_status":"closed","sticky":false,"template":"","format":"standard","meta":{"_coblocks_attr":"","_coblocks_dimensions":"","_coblocks_responsive_height":"","_coblocks_accordion_ie_support":"","jetpack_post_was_ever_published":false,"_jetpack_newsletter_access":"","_jetpack_dont_email_post_to_subs":false,"_jetpack_newsletter_tier_id":0,"_jetpack_memberships_contains_paywalled_content":false,"_jetpack_memberships_contains_paid_content":false,"footnotes":"","jetpack_publicize_message":"","jetpack_publicize_feature_enabled":true,"jetpack_social_post_already_shared":false,"jetpack_social_options":{"image_generator_settings":{"template":"highway","default_image_id":0,"enabled":false},"version":2}},"categories":[9597,10778,6539],"tags":[7890,1160],"class_list":["post-56432","post","type-post","status-publish","format-standard","has-post-thumbnail","hentry","category-cientificos-atarfenos","category-feria-de-la-ciencia-atarfe","category-personajes-de-ataref","tag-atarfenos","tag-cientificos"],"jetpack_publicize_connections":[],"jetpack_featured_media_url":"https:\/\/i0.wp.com\/miradordeatarfe.es\/wp-content\/uploads\/2022\/10\/Jose-Luis-Flores-Maritoni.jpg?fit=1537%2C2048&ssl=1","jetpack_likes_enabled":true,"jetpack_sharing_enabled":true,"_links":{"self":[{"href":"https:\/\/miradordeatarfe.es\/index.php?rest_route=\/wp\/v2\/posts\/56432","targetHints":{"allow":["GET"]}}],"collection":[{"href":"https:\/\/miradordeatarfe.es\/index.php?rest_route=\/wp\/v2\/posts"}],"about":[{"href":"https:\/\/miradordeatarfe.es\/index.php?rest_route=\/wp\/v2\/types\/post"}],"author":[{"embeddable":true,"href":"https:\/\/miradordeatarfe.es\/index.php?rest_route=\/wp\/v2\/users\/1"}],"replies":[{"embeddable":true,"href":"https:\/\/miradordeatarfe.es\/index.php?rest_route=%2Fwp%2Fv2%2Fcomments&post=56432"}],"version-history":[{"count":4,"href":"https:\/\/miradordeatarfe.es\/index.php?rest_route=\/wp\/v2\/posts\/56432\/revisions"}],"predecessor-version":[{"id":56590,"href":"https:\/\/miradordeatarfe.es\/index.php?rest_route=\/wp\/v2\/posts\/56432\/revisions\/56590"}],"wp:featuredmedia":[{"embeddable":true,"href":"https:\/\/miradordeatarfe.es\/index.php?rest_route=\/wp\/v2\/media\/56585"}],"wp:attachment":[{"href":"https:\/\/miradordeatarfe.es\/index.php?rest_route=%2Fwp%2Fv2%2Fmedia&parent=56432"}],"wp:term":[{"taxonomy":"category","embeddable":true,"href":"https:\/\/miradordeatarfe.es\/index.php?rest_route=%2Fwp%2Fv2%2Fcategories&post=56432"},{"taxonomy":"post_tag","embeddable":true,"href":"https:\/\/miradordeatarfe.es\/index.php?rest_route=%2Fwp%2Fv2%2Ftags&post=56432"}],"curies":[{"name":"wp","href":"https:\/\/api.w.org\/{rel}","templated":true}]}}