{"id":56459,"date":"2022-10-06T08:15:26","date_gmt":"2022-10-06T06:15:26","guid":{"rendered":"https:\/\/miradordeatarfe.es\/?p=56459"},"modified":"2022-10-27T00:21:51","modified_gmt":"2022-10-26T22:21:51","slug":"mujer-y-dolor","status":"publish","type":"post","link":"https:\/\/miradordeatarfe.es\/?p=56459","title":{"rendered":"Mujer y dolor"},"content":{"rendered":"<header class=\"pg-head\">\n<div class=\"md-opinion-infor md image-inside\">\n<h3 style=\"text-align: justify;\">\u00bfPor qu\u00e9 el dolor cr\u00f3nico afecta m\u00e1s a la mujer?, \u00bfes algo gen\u00e9tico?, \u00bfalgo hormonal?, \u00bfes por la capacidad de expresarlo?<\/h3>\n<\/div>\n<\/header>\n<div class=\"gd\">\n<div class=\"gdu u16 u-first\">\n<div class=\"pg-body\">\n<div class=\"mce-body \">\n<p class=\"mce capitalize-first-letter\" style=\"text-align: justify;\">Llevo a\u00f1os estudiando y trabajando en el dolor y el sufrimiento que produce en la persona que lo padece y observando las <strong class=\"mce\">diferencias en la expresi\u00f3n cl\u00ednica<\/strong> del mismo y el impacto en la calidad de vida de los pacientes. A lo largo de mi carrera profesional he detectado las diferencias tambi\u00e9n en esta enfermedad respecto al g\u00e9nero, la <strong class=\"mce\">desigual afectaci\u00f3n a hombres y mujeres y la diferente manera de expresarlo<\/strong>, por lo que me he propuesto escribirlo aportando datos de inter\u00e9s y demostrar de nuevo la necesidad de revisar la medicina desde un punto de vista m\u00e1s actual y personalizado.\u00a0<\/p>\n<p class=\"mce\" style=\"text-align: justify;\">Siendo el dolor una sensaci\u00f3n desagradable, es un s\u00edntoma necesario puesto que nos avisa de un da\u00f1o en nuestro organismo y por tanto nos ayuda a reaccionar, a consultar por qu\u00e9 esa \u201calarma\u201d no cesa y tenemos que averiguar lo que ocurre y resolverlo lo antes posible. Eso es as\u00ed en el caso del dolor agudo, siendo el dolor cr\u00f3nico diferente pues es una sensaci\u00f3n mantenida que te limita y te condiciona la vida y no s\u00f3lo no te puedes acostumbrar a \u00e9l, sino que con el tiempo te va afectando a otras \u00e1reas de tu vida y <strong class=\"mce\">se convierte en una enfermedad en s\u00ed que te absorbe y te condiciona para siempre<\/strong>.<\/p>\n<p class=\"mce\" style=\"text-align: justify;\">Los datos son inquietantes: el dolor cr\u00f3nico es el motivo de consulta m\u00e1s frecuente en Atenci\u00f3n Primaria, <a class=\"mce\" href=\"https:\/\/www.pmfarma.es\/articulos\/3150-dolor-en-el-paciente-anciano-una-epidemia-que-tiene-soluciyin.html\" target=\"_blank\" rel=\"dofollow noopener\">afecta a un 20% de la poblaci\u00f3n general<\/a>, produce discapacidad funcional y supone una carga asistencial, econ\u00f3mica y social extraordinaria. En los pacientes mayores de 65 a\u00f1os es un problema a\u00fan m\u00e1s frecuente y se asocia a un aislamiento social, algo que incrementa el sufrimiento de las personas que lo padecen.<\/p>\n<p class=\"mce\" style=\"text-align: justify;\">El gasto sanitario de esta enfermedad supone un 2% del PIB y va increment\u00e1ndose de manera exponencial, pues el n\u00famero de consultas atendidas en Atenci\u00f3n Primaria por este motivo se incrementa de un 3 a un 6% anualmente desde 2017 <a class=\"mce\" href=\"https:\/\/www.pmfarma.es\/articulos\/3439-dolor-cronico-prevalencia-en-las-consultas-de-atencion-primaria.html\" target=\"_blank\" rel=\"dofollow noopener\">seg\u00fan este an\u00e1lisis detallado<\/a> de mis compa\u00f1eros de la <strong class=\"mce\">Sociedad Espa\u00f1ola Multidisciplinar del Dolor<\/strong>\u00a0(Semdor), que han analizado el n\u00famero de consultas atendidas en Atenci\u00f3n Primaria por problemas de salud relacionados con el dolor, cuantificando en <strong class=\"mce\">13 millones de consultas en Espa\u00f1a durante el a\u00f1o 2019<\/strong>. El estudio tambi\u00e9n revela que entre un 60 a un 79% de las personas con dolor cr\u00f3nico atendidas son pacientes con patolog\u00edas cr\u00f3nicas, algo que condiciona y dificulta la elecci\u00f3n del tratamiento a seguir y aumenta el riesgo de aparici\u00f3n de interacciones medicamentosas y efectos secundarios de los f\u00e1rmacos y por tanto la seguridad de nuestros mayores.<\/p>\n<p class=\"mce\" style=\"text-align: justify;\">Centr\u00e1ndonos en el g\u00e9nero, los datos tampoco son tranquilizadores. Seg\u00fan la <a class=\"mce\" href=\"https:\/\/www.juntadeandalucia.es\/organismos\/saludyconsumo\/areas\/salud-vida\/vigilancia\/paginas\/encuesta-andaluza-salud.html\" target=\"_blank\" rel=\"dofollow noopener\">Encuesta Andaluza de Salud (2015\/2016)<\/a>, <strong class=\"mce\">el 15% de la poblaci\u00f3n adulta de m\u00e1s de 16 a\u00f1os padece dolor cr\u00f3nico<\/strong>, el 20% de las mujeres y el 10% de los hombres y el 14% de ellas lo perciben como incapacitante frente a un 7% de los hombres. Seg\u00fan esta encuesta, las mujeres tienen el doble de posibilidades de padecer dolor cr\u00f3nico que los hombres, y esto ocurre tanto para el dolor cr\u00f3nico incapacitante o que produce limitaciones en las actividades de la vida diaria, como para el dolor cr\u00f3nico que no las produce.<\/p>\n<p class=\"mce\" style=\"text-align: justify;\">La afectaci\u00f3n del dolor cr\u00f3nico en la mujer tiene consecuencias sobre su rol de cuidadora, afectando sobremanera a su vida laboral y familiar pudiendo provocar aislamiento y por tanto repercutir en su salud mental apareciendo s\u00edntomas de tristeza y ansiedad que cierran el c\u00edrculo pues empeoran la percepci\u00f3n del dolor. De hecho, <a class=\"mce\" href=\"https:\/\/gredos.usal.es\/handle\/10366\/144312?show=full\" target=\"_blank\" rel=\"dofollow noopener\"> el consumo de benzodiacepinas en Espa\u00f1a<\/a><strong class=\"mce\"> ha ido increment\u00e1ndose en un 57,4 % en el periodo 2000-2012<\/strong>, siendo las mujeres las consumidoras mayoritarias. Esto no solamente supone un riesgo por la dependencia y la tolerancia que genera, sino que adem\u00e1s supone un riesgo importante de seguridad por las frecuentes ca\u00eddas en nuestras pacientes debido a la somnolencia y sedaci\u00f3n excesiva que provocan.<\/p>\n<p class=\"mce\" style=\"text-align: justify;\">Pero \u00bfpor qu\u00e9 el dolor cr\u00f3nico afecta m\u00e1s a la mujer? \u00bfes algo gen\u00e9tico?, \u00bfalgo hormonal?, \u00bfes por la capacidad de expresarlo?\u00a0 Todo eso tiene efectivamente relaci\u00f3n con esas cifras porque para comprender las diferencias en la percepci\u00f3n del dolor debemos tener en cuenta factores anat\u00f3micos, fisiol\u00f3gicos, neuronales, hormonales, psicol\u00f3gicos, culturales y sociales.<\/p>\n<p class=\"mce\" style=\"text-align: justify;\">Por un lado, y atendiendo a la base gen\u00e9tica, un estudio realizado por investigadores de la Universidad de Carleton y el Hospital de Ottawa (Canad\u00e1), y publicado en <a class=\"mce\" href=\"https:\/\/academic.oup.com\/braincomms\" target=\"_blank\" rel=\"dofollow noopener\"><em class=\"mce\">Brain<\/em><\/a>, muestra por primera vez que <strong class=\"mce\">las neuronas de la m\u00e9dula espinal procesan las se\u00f1ales de dolor de forma diferente en mujeres y hombres<\/strong>. Es relevante no s\u00f3lo por justificar la desigual percepci\u00f3n del dolor, sino que tambi\u00e9n este hallazgo podr\u00eda encauzarnos a tratamientos m\u00e1s personalizados para el dolor cr\u00f3nico, optimizando as\u00ed el consumo de opioides.<\/p>\n<p class=\"mce\" style=\"text-align: justify;\">Respecto al factor hormonal, es interesante conocer el\u00a0 importante <a class=\"mce\" href=\"https:\/\/web.s.ebscohost.com\/abstract?direct=true&amp;profile=ehost&amp;scope=site&amp;authtype=crawler&amp;jrnl=13169688&amp;AN=45526892&amp;h=6pz%2FTrMmI1hqMJ1%2FvE%2BfalcTl7kzWizbpY%2BAj4I2d1bRe%2FqKxD9lLPSN%2F1%2BCKjaCaiVejDIJpbBBihCDsf36kw%3D%3D&amp;crl=c&amp;resultNs=AdminWebAuth&amp;resultLocal=ErrCrlNotAuth&amp;crlhashurl=login.aspx%3Fdirect%3Dtrue%26profile%3Dehost%26scope%3Dsite%26authtype%3Dcrawler%26jrnl%3D13169688%26AN%3D45526892\" target=\"_blank\" rel=\"dofollow noopener\">papel de los estr\u00f3genos<\/a>\u00a0en algunos tipos de dolor como es la cefalea. El dolor de cabeza est\u00e1 relacionado con los niveles de estas hormonas en sangre, por eso es m\u00e1s frecuente durante la menstruaci\u00f3n, desaparece durante los embarazos y reaparece en el postparto. Pero es curioso saber que esos niveles de estr\u00f3genos tambi\u00e9n est\u00e1n relacionados con el <a class=\"mce\" href=\"https:\/\/gredos.usal.es\/bitstream\/handle\/10366\/147065\/TFG_G%C3%B3mezMateosM_InfluenciaCicloMenstrual.pdf?sequence=1&amp;isAllowed=y\" target=\"_blank\" rel=\"dofollow noopener\">aumento de riesgo de algunas lesiones articulares<\/a> como la rotura de los ligamentos cruzados en las rodillas de mujeres deportistas. Diversos estudios demuestran que existe una relaci\u00f3n directa entre la concentraci\u00f3n de estr\u00f3genos y la hiperlaxitud articular, siendo por esto m\u00e1s probable que una jugadora tenga una lesi\u00f3n en los ligamentos de sus rodillas si sufre<strong class=\"mce\"> un traumatismo durante el juego en el momento de su fase ovulatoria del ciclo menstrual<\/strong> que en otro momento del mismo.<\/p>\n<p class=\"mce\" style=\"text-align: justify;\">Y en \u00faltimo lugar, hablando de nuevo de la comunicaci\u00f3n y lejos de querer parecer que estoy haciendo doctrina, no puedo obviar que aflora en algunos art\u00edculos la influencia de factores socioculturales y la diferente comunicaci\u00f3n y rese\u00f1an que el sexo del entrevistador influye en la respuesta del enfermo, de forma que adem\u00e1s de que el hombre en general siente menos dolor, siente menos aun cuando es preguntado por una mujer y el mismo patr\u00f3n se observa a la inversa cuando las mujeres son entrevistadas por un hombre. Sin embargo, la percepci\u00f3n catastrofista del dolor es m\u00e1s frecuente en mujeres que en hombres. Es obvio que las creencias socioculturales influyen en la respuesta del dolor, <a class=\"mce\" href=\"https:\/\/www.sciencedirect.com\/science\/article\/abs\/pii\/S1526590017307381\" target=\"_blank\" rel=\"dofollow noopener\">los hombres est\u00e1n m\u00e1s preparados para resistir <\/a>\u00a0y las mujeres expresamos el dolor de forma m\u00e1s notoria porque educacionalmente se nos ha permitido llorar.<\/p>\n<p class=\"mce\" style=\"text-align: justify;\">Sin embargo, y aqu\u00ed voy a ser m\u00e1s cr\u00edtica porque <strong class=\"mce\">conozco lo que se habla en el <em class=\"mce\">backstage<\/em><\/strong> de los profesionales, tanto mujeres como varones sanitarios calificamos a las mujeres como<strong class=\"mce\"> \u201cm\u00e1s quejicas\u201d<\/strong> probablemente porque consultamos m\u00e1s por problemas relacionados con el dolor y lo expresamos mejor y de forma m\u00e1s intensa. Como reflexi\u00f3n en voz alta, insistir\u00eda en que <strong class=\"mce\">tenemos que ejercitar la empat\u00eda con el paciente que consulta con dolor pues es una gran parte del tratamiento que recibe<\/strong>. Los compa\u00f1eros que trabajamos en esta \u00e1rea, solemos tener una capacidad especial para escuchar y conocemos la importancia de mirar a los ojos (yo lo llamo \u201cescuchar con la mirada\u201d) pues cuando la paciente se siente comprendida, siente que comparte y reparte su dolor siendo adem\u00e1s m\u00e1s eficaz el tratamiento instaurado.<\/p>\n<p class=\"mce\" style=\"text-align: justify;\">Conocer las diferencias del dolor tambi\u00e9n asociado al g\u00e9nero no solo nos puede ayudar a mejorar la percepci\u00f3n de salud en la poblaci\u00f3n, sino tambi\u00e9n disminuir\u00eda la presi\u00f3n asistencial que sufrimos los profesionales y a <strong class=\"mce\">disminuir el gasto sanitario que implica el consumo excesivo de f\u00e1rmacos<\/strong>, as\u00ed como las complicaciones que suponen en muchas ocasiones los efectos secundarios, algo imprescindible para la sostenibilidad de nuestro desgastado pero ejemplar sistema sanitario.<\/p>\n<p class=\"mce\" style=\"text-align: justify;\">Y como me considero optimista y me gusta ver siempre las soluciones a los problemas, he de decir que el dolor cr\u00f3nico tiene soluci\u00f3n, si no total, al menos parcial. Es otra mirada de la enfermedad, pero hay que conocer que, aunque tenemos profesionales espectaculares y f\u00e1rmacos inmejorables que act\u00faan a todos los niveles de percepci\u00f3n del dolor,<strong class=\"mce\"> es imprescindible trabajar individualmente para su mejor\u00eda.<\/strong> El ejercicio f\u00edsico ha demostrado mejorar el dolor cr\u00f3nico pues la musculatura ejercitada descarga el peso en las articulaciones y ayuda a bajar de peso en el paciente que lo necesita, adem\u00e1s de aumentar las endorfinas que nos hacen sentirnos mejor y por tanto ayudan a esa esfera emocional tan afectada en estos casos. Y es que el dolor f\u00edsico siempre viene acompa\u00f1ado de un dolor emocional, del dolor que yo denomino &#8216;dolor del alma&#8217;.<\/p>\n<div class=\"infor\">\n<p class=\"author\"><strong><a class=\"lnk \" title=\"Carmen J\u00f3dar Casanova\" href=\"https:\/\/www.granadahoy.com\/carmen_jodar_casanova\/\">Carmen J\u00f3dar Casanova<\/a><\/strong><\/p>\n<p>https:\/\/www.granadahoy.com\/salud\/opinion\/Mujer-dolor_0_1717628468.html<\/p>\n<p>FOTO: EFE SALUD<\/p>\n<p>&nbsp;<\/p>\n<\/div>\n<\/div>\n<\/div>\n<\/div>\n<\/div>\n","protected":false},"excerpt":{"rendered":"<p>\u00bfPor qu\u00e9 el dolor cr\u00f3nico afecta m\u00e1s a la mujer?, \u00bfes algo gen\u00e9tico?, \u00bfalgo hormonal?,&#8230;<\/p>\n","protected":false},"author":1,"featured_media":56990,"comment_status":"closed","ping_status":"closed","sticky":false,"template":"","format":"standard","meta":{"_coblocks_attr":"","_coblocks_dimensions":"","_coblocks_responsive_height":"","_coblocks_accordion_ie_support":"","jetpack_post_was_ever_published":false,"_jetpack_newsletter_access":"","_jetpack_dont_email_post_to_subs":false,"_jetpack_newsletter_tier_id":0,"_jetpack_memberships_contains_paywalled_content":false,"_jetpack_memberships_contains_paid_content":false,"footnotes":"","jetpack_publicize_message":"","jetpack_publicize_feature_enabled":true,"jetpack_social_post_already_shared":true,"jetpack_social_options":{"image_generator_settings":{"template":"highway","default_image_id":0,"enabled":false},"version":2}},"categories":[1161,44,15,10],"tags":[4579,9602,1297,1049],"class_list":["post-56459","post","type-post","status-publish","format-standard","has-post-thumbnail","hentry","category-ciudadania","category-noticias-de-hoy","category-ultimas-noticias","category-salud","tag-dolor","tag-estrogenos","tag-hormonas","tag-mujer"],"jetpack_publicize_connections":[],"jetpack_featured_media_url":"https:\/\/i0.wp.com\/miradordeatarfe.es\/wp-content\/uploads\/2022\/10\/endometriosis_1.jpg?fit=1170%2C752&ssl=1","jetpack_likes_enabled":true,"jetpack_sharing_enabled":true,"_links":{"self":[{"href":"https:\/\/miradordeatarfe.es\/index.php?rest_route=\/wp\/v2\/posts\/56459","targetHints":{"allow":["GET"]}}],"collection":[{"href":"https:\/\/miradordeatarfe.es\/index.php?rest_route=\/wp\/v2\/posts"}],"about":[{"href":"https:\/\/miradordeatarfe.es\/index.php?rest_route=\/wp\/v2\/types\/post"}],"author":[{"embeddable":true,"href":"https:\/\/miradordeatarfe.es\/index.php?rest_route=\/wp\/v2\/users\/1"}],"replies":[{"embeddable":true,"href":"https:\/\/miradordeatarfe.es\/index.php?rest_route=%2Fwp%2Fv2%2Fcomments&post=56459"}],"version-history":[{"count":3,"href":"https:\/\/miradordeatarfe.es\/index.php?rest_route=\/wp\/v2\/posts\/56459\/revisions"}],"predecessor-version":[{"id":56991,"href":"https:\/\/miradordeatarfe.es\/index.php?rest_route=\/wp\/v2\/posts\/56459\/revisions\/56991"}],"wp:featuredmedia":[{"embeddable":true,"href":"https:\/\/miradordeatarfe.es\/index.php?rest_route=\/wp\/v2\/media\/56990"}],"wp:attachment":[{"href":"https:\/\/miradordeatarfe.es\/index.php?rest_route=%2Fwp%2Fv2%2Fmedia&parent=56459"}],"wp:term":[{"taxonomy":"category","embeddable":true,"href":"https:\/\/miradordeatarfe.es\/index.php?rest_route=%2Fwp%2Fv2%2Fcategories&post=56459"},{"taxonomy":"post_tag","embeddable":true,"href":"https:\/\/miradordeatarfe.es\/index.php?rest_route=%2Fwp%2Fv2%2Ftags&post=56459"}],"curies":[{"name":"wp","href":"https:\/\/api.w.org\/{rel}","templated":true}]}}