{"id":56477,"date":"2022-10-06T10:03:13","date_gmt":"2022-10-06T08:03:13","guid":{"rendered":"https:\/\/miradordeatarfe.es\/?p=56477"},"modified":"2022-10-06T10:03:13","modified_gmt":"2022-10-06T08:03:13","slug":"albert-pla-el-amor-brujo-o-juan-pinilla-lo-mas-destacado-de-la-agenda-cultural-en-granada","status":"publish","type":"post","link":"https:\/\/miradordeatarfe.es\/?p=56477","title":{"rendered":"Albert Pla, El Amor Brujo o Juan Pinilla, lo m\u00e1s destacado de la agenda cultural en Granada"},"content":{"rendered":"<div class=\"voc-article-container\">\n<article class=\"voc-article voc-article--detail voc-article--detail--graphic-story\">\n<div class=\"voc-info-container\">\n<h2 class=\"voc-sub-title\">La actuaci\u00f3n de Depedro, el flamenco en el Centro Federico Garc\u00eda Lorca o la semana de Jap\u00f3n completan el fin de semana en la provincia<\/h2>\n<\/div>\n<\/article>\n<\/div>\n<div class=\"voc-grid voc-grid--ab-c voc-grid--tablet-like-mobile voc-grid--col-2-hidden-sm\">\n<div class=\"voc-grid__col\">\n<div class=\"voc-detail voc-detail--graphic\" data-voc-share-selection=\"\">\n<div class=\"voc-detail__cmp\">\n<div class=\"graphic-story-wrapper\">\n<div class=\"voc-article-container\">\n<article class=\"voc-article voc-article--cmp-graphic-story voc-article--photo-top\">\n<div class=\"voc-info-container\"><strong><span class=\"number\"> 1.-<\/span>El Amor Brujo<\/strong><\/p>\n<p class=\"voc-paragraph-graphic\">La Orquesta Ciudad de Granada inaugura la nueva temporada de conciertos con la interpretaci\u00f3n de El Amor Brujo, un cl\u00e1sico del maestro Manuel de Falla. | Viernes 7 de octubre | 19:30 horas | Auditorio Manuel de Falla | 18-32 euros | Entradas en <a title=\"www.redentradas.com\" href=\"https:\/\/www.redentradas.com\/?entradas=ocg-orquesta-ciudad-de-granada-21-22&amp;provincia=granada&amp;cpro=18&amp;eid=333\" data-voc-vtm-id=\"in-text-traffic\">redentradas.com<\/a><\/p>\n<\/div>\n<\/article>\n<\/div>\n<\/div>\n<\/div>\n<div class=\"voc-detail__cmp\">\n<div class=\"graphic-story-wrapper\">\n<div class=\"voc-article-container\">\n<article class=\"voc-article voc-article--cmp-graphic-story voc-article--photo-top\">\n<div class=\"voc-img-container\">\n<div class=\"voc-horizontal voc-img-icon-link\"><img data-recalc-dims=\"1\" decoding=\"async\" class=\"lazy\" src=\"https:\/\/i0.wp.com\/static3.ideal.es\/www\/multimedia\/202210\/04\/media\/parron.jpg?w=640&#038;ssl=1\" alt=\"Flamenco en el Centro Federico Garc\u00eda Lorca\" data-original=\"\/\/static3.ideal.es\/www\/multimedia\/202210\/04\/media\/parron.jpg\" \/><\/div>\n<p class=\"figure-caption \"><span class=\"voc-photo-author\"> FRANCISCO JOS\u00c9 S\u00c1NCHEZ MONTALB\u00c1N <\/span><\/p>\n<\/div>\n<div class=\"voc-info-container\"><strong><span class=\"number\"> 2.-<\/span>Flamenco en el Centro Federico Garc\u00eda Lorca<\/strong><\/p>\n<p class=\"voc-paragraph-graphic\">El Centro Federico Garc\u00eda Lorca inicia el ciclo Flamenco con el cante de Jaime Heredia \u00abEl Parr\u00f3n\u00bb y Rafael Riqueni a la guitarra. Con estas actuaciones el Centro Federico Garc\u00eda Lorca contin\u00faa con los actos conmemorativos del Centenario del Concurso de Cante Jondo de 1922. | Viernes 7 de octubre | 20:00 horas | Centro Federico Garc\u00eda Lorca | 15 euros | Entradas en <a title=\"www.redentradas.com\" href=\"https:\/\/www.redentradas.com\/?entradas=flamenco-en-centro-federico-garcia-lorca&amp;provincia=granada&amp;cpro=18&amp;eid=2287\" data-voc-vtm-id=\"in-text-traffic\">redentradas.com<\/a><\/p>\n<\/div>\n<\/article>\n<\/div>\n<\/div>\n<\/div>\n<div class=\"voc-detail__cmp\">\n<div class=\"graphic-story-wrapper\">\n<div class=\"voc-article-container\">\n<article class=\"voc-article voc-article--cmp-graphic-story voc-article--photo-top\">\n<div class=\"voc-img-container\">\n<div class=\"voc-horizontal voc-img-icon-link\"><img data-recalc-dims=\"1\" decoding=\"async\" class=\"lazy\" src=\"https:\/\/i0.wp.com\/static1.ideal.es\/www\/multimedia\/202210\/04\/media\/japon.jpg?w=640&#038;ssl=1\" alt=\"Jap\u00f3n en Granada\" data-original=\"\/\/static1.ideal.es\/www\/multimedia\/202210\/04\/media\/japon.jpg\" \/><\/div>\n<\/div>\n<div class=\"voc-info-container\">\n<h3>3.- Jap\u00f3n en Granada<\/h3>\n<p class=\"voc-paragraph-graphic\">La capital despide la semana de la cultura nipona con una serie de conferencias en La Madraza y el Colegio Mayor Cardenal Cisneros este viernes 7 y s\u00e1bado 8 de octubre. La evoluci\u00f3n de Jap\u00f3n desde los JJOO de Tokio en 1964, el Jishin o los retos ling\u00fc\u00edsticos se tratar\u00e1n en diversas ponencias. Adem\u00e1s, la ruta de la tapa japonesa se extender\u00e1 hasta el domingo 9. M\u00e1s informaci\u00f3n en <a title=\"www.japonengranada.com\" href=\"https:\/\/www.japonengranada.com\/\" data-voc-vtm-id=\"in-text-traffic\">Jap\u00f3nengranada.com<\/a><\/p>\n<\/div>\n<\/article>\n<\/div>\n<\/div>\n<\/div>\n<div class=\"voc-detail__cmp\">\n<div class=\"graphic-story-wrapper\">\n<div class=\"voc-article-container\">\n<article class=\"voc-article voc-article--cmp-graphic-story voc-article--photo-top\">\n<div class=\"voc-img-container\">\n<div class=\"voc-horizontal voc-img-icon-link\"><img data-recalc-dims=\"1\" decoding=\"async\" class=\"lazy\" src=\"https:\/\/i0.wp.com\/static.ideal.es\/www\/multimedia\/202210\/04\/media\/albert%20pla.jpg?w=640&#038;ssl=1\" alt=\"Acu\u00e9rdate de Albert Pla\" data-original=\"\/\/static.ideal.es\/www\/multimedia\/202210\/04\/media\/albert%20pla.jpg\" \/><\/div>\n<p class=\"figure-caption \"><span class=\"voc-photo-author\"> Esther Mu\u00f1oz <\/span><\/p>\n<\/div>\n<div class=\"voc-info-container\"><strong><span class=\"number\"> 4.- <\/span>Acu\u00e9rdate de Albert Pla<\/strong><\/p>\n<p class=\"voc-paragraph-graphic\">&#8216;\u00bfOs acord\u00e1is?&#8217; es el t\u00edtulo de una de las \u00faltimas canciones que Albert Pla compuso durante la pandemia, una composici\u00f3n tan larga como el tiempo que dur\u00f3 el confinamiento. El m\u00fasico y c\u00f3mico reflexiona con iron\u00eda sobre el impacto que ha tenido la crisis del coronavirus a nivel mundial. | S\u00e1bado 8 de octubre | 21:00 horas | Teatro Isabel La Cat\u00f3lica | Entradas en <a title=\"www.redentradas.com\" href=\"https:\/\/www.redentradas.com\/?entradas=albert-pla-%C2%BFos-acordais?&amp;provincia=granada&amp;cpro=18&amp;eid=1478\" data-voc-vtm-id=\"in-text-traffic\">redentradas.com<\/a><\/p>\n<\/div>\n<\/article>\n<\/div>\n<\/div>\n<\/div>\n<div class=\"voc-detail__cmp\">\n<div class=\"graphic-story-wrapper\">\n<div class=\"voc-article-container\">\n<article class=\"voc-article voc-article--cmp-graphic-story voc-article--photo-top\">\n<div class=\"voc-img-container\">\n<div class=\"voc-horizontal voc-img-icon-link\"><img data-recalc-dims=\"1\" decoding=\"async\" class=\"lazy\" src=\"https:\/\/i0.wp.com\/static1.ideal.es\/www\/multimedia\/202210\/04\/media\/piilla.JPG?w=640&#038;ssl=1\" alt=\"Los lamentos de Juan Pinilla\" data-original=\"\/\/static1.ideal.es\/www\/multimedia\/202210\/04\/media\/piilla.JPG\" \/><\/div>\n<p class=\"figure-caption \"><span class=\"voc-photo-author\"> Pepe Mar\u00edn <\/span><\/p>\n<\/div>\n<div class=\"voc-info-container\"><strong><span class=\"number\"> 5.-<\/span>Los lamentos de Juan Pinilla<\/strong><\/p>\n<p class=\"voc-paragraph-graphic\">El cantaor granadino Juan Pinilla inaugura el ciclo Patrimonio Flamenco del Auditorio de La Chumbera, que se extender\u00e1 hasta el mes de diciembre con diversos espect\u00e1culos. Pinilla presenta &#8216;\u00bfDe d\u00f3nde viene ese lamento?&#8217;. | S\u00e1bado 8 de octubre | 21:00 horas | Auditorio La Chumbera | 10 euros | Entradas en <a title=\"www.redentradas.com\" href=\"https:\/\/www.redentradas.com\/?entradas=flamenco-en-la-chumbera-el-sacromonte&amp;provincia=granada&amp;cpro=18&amp;eid=2115\" data-voc-vtm-id=\"in-text-traffic\">redentradas.com<\/a><\/p>\n<\/div>\n<\/article>\n<\/div>\n<\/div>\n<\/div>\n<div class=\"voc-detail__cmp\">\n<div class=\"graphic-story-wrapper\">\n<div class=\"voc-article-container\">\n<article class=\"voc-article voc-article--cmp-graphic-story voc-article--photo-top\">\n<div class=\"voc-img-container\">\n<div class=\"voc-horizontal voc-img-icon-link\"><img data-recalc-dims=\"1\" decoding=\"async\" class=\"lazy\" src=\"https:\/\/i0.wp.com\/static2.ideal.es\/www\/multimedia\/202210\/04\/media\/depedro.JPG?w=640&#038;ssl=1\" alt=\"La m\u00e1quina de Depedro\" data-original=\"\/\/static2.ideal.es\/www\/multimedia\/202210\/04\/media\/depedro.JPG\" \/><\/div>\n<p class=\"figure-caption \"><span class=\"voc-photo-author\"> Juan Jes\u00fas Garc\u00eda <\/span><\/p>\n<\/div>\n<div class=\"voc-info-container\"><strong><span class=\"number\"> 6 .-<\/span>La m\u00e1quina de Depedro<\/strong><\/p>\n<p class=\"voc-paragraph-graphic\">Jairo Zavala (Depedro) se sostiene sobre un eje firme. Sus dotes naturales, basadas en la energ\u00eda y el \u00e1nimo, est\u00e1n presentes. Por encima de pandemias, de crisis, de ansiedades, la vida contin\u00faa. As\u00ed lo canta Jairo en su nuevo trabajo &#8216;M\u00e1quina de piedad&#8217;, que presenta en Granada este fin de semana. | S\u00e1bado 8 de octubre | 21:45 horas | Industrial Copera | Entradas en Industrial Copera<\/p>\n<\/div>\n<\/article>\n<\/div>\n<\/div>\n<\/div>\n<div class=\"voc-detail__cmp\">\n<div class=\"graphic-story-wrapper\">\n<div class=\"voc-article-container\">\n<article class=\"voc-article voc-article--cmp-graphic-story voc-article--photo-top\">\n<div class=\"voc-img-container\">\n<div class=\"voc-horizontal voc-img-icon-link\"><img data-recalc-dims=\"1\" decoding=\"async\" class=\"lazy\" src=\"https:\/\/i0.wp.com\/static.ideal.es\/www\/multimedia\/202210\/04\/media\/motos.jpg?w=640&#038;ssl=1\" alt=\"Acrobacias y vuelos imposibles en la Plaza de Toros\" data-original=\"\/\/static.ideal.es\/www\/multimedia\/202210\/04\/media\/motos.jpg\" \/><\/div>\n<p class=\"figure-caption \"><span class=\"voc-photo-author\"> IDEAL <\/span><\/p>\n<\/div>\n<div class=\"voc-info-container\"><strong><span class=\"number\"> 7.-<\/span>Acrobacias y vuelos imposibles en la Plaza de Toros<\/strong><\/p>\n<p class=\"voc-paragraph-graphic\">Los mejores pilotos del Campeonato de Espa\u00f1a de Freestyle regresan a Granada con sus saltos de v\u00e9rtigo. Por el t\u00edtulo, competir\u00e1n el cinco veces campe\u00f3n Maikel Melero, el cuatro veces campe\u00f3n Pedro Moreno, Remi Bizouard, Greg Rowotton, Abraham Parra o el espectacular Xavi Dolls \u00ab Jabato \u00ab. | S\u00e1bado 8 de octubre | 20:00 horas | Plaza de Toros de Granada | Entradas en <a title=\"www.enterticket.es\" href=\"https:\/\/www.enterticket.es\/eventos\/granada-rfme-campeonato-de-espana-de-freestyle-motocross-881987\" data-voc-vtm-id=\"in-text-traffic\">Enterticket<\/a><\/p>\n<\/div>\n<\/article>\n<\/div>\n<\/div>\n<\/div>\n<div class=\"voc-detail__cmp\">\n<div class=\"graphic-story-wrapper\">\n<div class=\"voc-article-container\">\n<article class=\"voc-article voc-article--cmp-graphic-story voc-article--photo-top\">\n<div class=\"voc-img-container\">\n<div class=\"voc-horizontal voc-img-icon-link\"><img data-recalc-dims=\"1\" decoding=\"async\" class=\"lazy\" src=\"https:\/\/i0.wp.com\/static.ideal.es\/www\/multimedia\/202210\/05\/media\/celtas-cortos.jpg?w=640&#038;ssl=1\" alt=\"A Loja al 100%\" data-original=\"\/\/static.ideal.es\/www\/multimedia\/202210\/05\/media\/celtas-cortos.jpg\" \/><\/div>\n<p class=\"figure-caption \"><span class=\"voc-photo-author\"> JUAN JES\u00daS GARC\u00cdA <\/span><\/p>\n<\/div>\n<div class=\"voc-info-container\"><strong><span class=\"number\"> 8.-<\/span>A Loja al 100%<\/strong><\/p>\n<p class=\"voc-paragraph-graphic\">El 100% Loja Festival se ianugura este fin de semana con actuaciones de altura. El campo de f\u00fatbol San Francisco acoger\u00e1 los conciertos de dos bandas m\u00edticas de nuestro pa\u00eds: Celtas Cortos y Mago de Oz. Adem\u00e1s, los grupos emergentes G\u00f3mez y Saed\u00edn abrir\u00e1n cada una de las dos primeras noches de festival. \u00bfM\u00fasica gratis en Loja? Al 100%. | 100% Loja Festival | Viernes 7 y s\u00e1bado 8 de octubre | 22:00 horas | Campo de f\u00fatbol San Francisco | Entrada libre<\/p>\n<\/div>\n<p><strong>\u00c1NGEL MENG\u00cdBAR<\/strong><\/p>\n<p>FOTO: <span class=\"voc-photo-author\">Ram\u00f3n L. P\u00e9rez <\/span><\/p>\n<p>https:\/\/www.ideal.es\/planes\/albert-amor-brujo-20221006142938-nt.html<\/p>\n<\/article>\n<\/div>\n<\/div>\n<\/div>\n<\/div>\n<\/div>\n<\/div>\n","protected":false},"excerpt":{"rendered":"<p>La actuaci\u00f3n de Depedro, el flamenco en el Centro Federico Garc\u00eda Lorca o la semana&#8230;<\/p>\n","protected":false},"author":1,"featured_media":56478,"comment_status":"closed","ping_status":"closed","sticky":false,"template":"","format":"standard","meta":{"_coblocks_attr":"","_coblocks_dimensions":"","_coblocks_responsive_height":"","_coblocks_accordion_ie_support":"","jetpack_post_was_ever_published":false,"_jetpack_newsletter_access":"","_jetpack_dont_email_post_to_subs":false,"_jetpack_newsletter_tier_id":0,"_jetpack_memberships_contains_paywalled_content":false,"_jetpack_memberships_contains_paid_content":false,"footnotes":"","jetpack_publicize_message":"","jetpack_publicize_feature_enabled":true,"jetpack_social_post_already_shared":true,"jetpack_social_options":{"image_generator_settings":{"template":"highway","default_image_id":0,"enabled":false},"version":2}},"categories":[1161,44,6937,15,10],"tags":[1516,5485],"class_list":["post-56477","post","type-post","status-publish","format-standard","has-post-thumbnail","hentry","category-ciudadania","category-noticias-de-hoy","category-sociedad","category-ultimas-noticias","category-salud","tag-actuaciones","tag-fin-de-semana"],"jetpack_publicize_connections":[],"jetpack_featured_media_url":"https:\/\/i0.wp.com\/miradordeatarfe.es\/wp-content\/uploads\/2022\/10\/ocg-orquesta.jpg?fit=1374%2C916&ssl=1","jetpack_likes_enabled":true,"jetpack_sharing_enabled":true,"_links":{"self":[{"href":"https:\/\/miradordeatarfe.es\/index.php?rest_route=\/wp\/v2\/posts\/56477","targetHints":{"allow":["GET"]}}],"collection":[{"href":"https:\/\/miradordeatarfe.es\/index.php?rest_route=\/wp\/v2\/posts"}],"about":[{"href":"https:\/\/miradordeatarfe.es\/index.php?rest_route=\/wp\/v2\/types\/post"}],"author":[{"embeddable":true,"href":"https:\/\/miradordeatarfe.es\/index.php?rest_route=\/wp\/v2\/users\/1"}],"replies":[{"embeddable":true,"href":"https:\/\/miradordeatarfe.es\/index.php?rest_route=%2Fwp%2Fv2%2Fcomments&post=56477"}],"version-history":[{"count":1,"href":"https:\/\/miradordeatarfe.es\/index.php?rest_route=\/wp\/v2\/posts\/56477\/revisions"}],"predecessor-version":[{"id":56479,"href":"https:\/\/miradordeatarfe.es\/index.php?rest_route=\/wp\/v2\/posts\/56477\/revisions\/56479"}],"wp:featuredmedia":[{"embeddable":true,"href":"https:\/\/miradordeatarfe.es\/index.php?rest_route=\/wp\/v2\/media\/56478"}],"wp:attachment":[{"href":"https:\/\/miradordeatarfe.es\/index.php?rest_route=%2Fwp%2Fv2%2Fmedia&parent=56477"}],"wp:term":[{"taxonomy":"category","embeddable":true,"href":"https:\/\/miradordeatarfe.es\/index.php?rest_route=%2Fwp%2Fv2%2Fcategories&post=56477"},{"taxonomy":"post_tag","embeddable":true,"href":"https:\/\/miradordeatarfe.es\/index.php?rest_route=%2Fwp%2Fv2%2Ftags&post=56477"}],"curies":[{"name":"wp","href":"https:\/\/api.w.org\/{rel}","templated":true}]}}