{"id":56485,"date":"2022-10-07T11:10:28","date_gmt":"2022-10-07T09:10:28","guid":{"rendered":"https:\/\/miradordeatarfe.es\/?p=56485"},"modified":"2022-10-07T14:10:07","modified_gmt":"2022-10-07T12:10:07","slug":"atarfe-sostenible-recibe-un-reconocimiento-por-parte-de-la-policia-local-de-atarfe","status":"publish","type":"post","link":"https:\/\/miradordeatarfe.es\/?p=56485","title":{"rendered":"Atarfe SOStenible, recibe un reconocimiento por parte de la Polic\u00eda local de Atarfe."},"content":{"rendered":"<h3>Este reconocimiento\u00a0 tuvo lugar el pasado lunes, 3 de octubre, en el Centro Cultural Medina Elvira donde\u00a0 la Polic\u00eda Local de Atarfe celebr\u00f3 festividad de los Santos \u00c1ngeles Custodios, patr\u00f3n de la Polic\u00eda<\/h3>\n<p>En el acto, presidido por el Sr. Alcalde, acompa\u00f1ado del Jefe de la Polic\u00eda Local, se entregaron reconocimientos a personas que han destacado por su labor c\u00edvica y ciudadana y a la Asociaci\u00f3n Atarfe SOStenible por su apoyo a las actuaciones e iniciativas educativas de la Polic\u00eda Local en movilidad y seguridad Vial.<\/p>\n<p>M\u00aa Carmen Garc\u00eda, tesorera de la Asociaci\u00f3n, recogi\u00f3 la placa de reconocimiento.<\/p>\n<p>\nENHORABUENA a todo el colectivo<\/p>\n<p><a href=\"https:\/\/i0.wp.com\/miradordeatarfe.es\/wp-content\/uploads\/2022\/10\/WhatsApp-Image-2022-10-06-at-11.34.27.jpeg?ssl=1\"><img data-recalc-dims=\"1\" loading=\"lazy\" decoding=\"async\" class=\"alignnone wp-image-56487 size-full\" src=\"https:\/\/i0.wp.com\/miradordeatarfe.es\/wp-content\/uploads\/2022\/10\/WhatsApp-Image-2022-10-06-at-11.34.27.jpeg?resize=640%2C360&#038;ssl=1\" alt=\"\" width=\"640\" height=\"360\" srcset=\"https:\/\/i0.wp.com\/miradordeatarfe.es\/wp-content\/uploads\/2022\/10\/WhatsApp-Image-2022-10-06-at-11.34.27.jpeg?w=1408&amp;ssl=1 1408w, https:\/\/i0.wp.com\/miradordeatarfe.es\/wp-content\/uploads\/2022\/10\/WhatsApp-Image-2022-10-06-at-11.34.27.jpeg?resize=300%2C169&amp;ssl=1 300w, https:\/\/i0.wp.com\/miradordeatarfe.es\/wp-content\/uploads\/2022\/10\/WhatsApp-Image-2022-10-06-at-11.34.27.jpeg?resize=1024%2C576&amp;ssl=1 1024w, https:\/\/i0.wp.com\/miradordeatarfe.es\/wp-content\/uploads\/2022\/10\/WhatsApp-Image-2022-10-06-at-11.34.27.jpeg?resize=768%2C432&amp;ssl=1 768w, https:\/\/i0.wp.com\/miradordeatarfe.es\/wp-content\/uploads\/2022\/10\/WhatsApp-Image-2022-10-06-at-11.34.27.jpeg?resize=1320%2C743&amp;ssl=1 1320w\" sizes=\"auto, (max-width: 640px) 100vw, 640px\" \/><\/a><\/p>\n<p><a href=\"https:\/\/i0.wp.com\/miradordeatarfe.es\/wp-content\/uploads\/2022\/10\/WhatsApp-Image-2022-10-06-at-11.34.27-1.jpeg?ssl=1\"><img data-recalc-dims=\"1\" loading=\"lazy\" decoding=\"async\" class=\"alignnone wp-image-56486 size-full\" src=\"https:\/\/i0.wp.com\/miradordeatarfe.es\/wp-content\/uploads\/2022\/10\/WhatsApp-Image-2022-10-06-at-11.34.27-1.jpeg?resize=640%2C360&#038;ssl=1\" alt=\"\" width=\"640\" height=\"360\" srcset=\"https:\/\/i0.wp.com\/miradordeatarfe.es\/wp-content\/uploads\/2022\/10\/WhatsApp-Image-2022-10-06-at-11.34.27-1.jpeg?w=1408&amp;ssl=1 1408w, https:\/\/i0.wp.com\/miradordeatarfe.es\/wp-content\/uploads\/2022\/10\/WhatsApp-Image-2022-10-06-at-11.34.27-1.jpeg?resize=300%2C169&amp;ssl=1 300w, https:\/\/i0.wp.com\/miradordeatarfe.es\/wp-content\/uploads\/2022\/10\/WhatsApp-Image-2022-10-06-at-11.34.27-1.jpeg?resize=1024%2C576&amp;ssl=1 1024w, https:\/\/i0.wp.com\/miradordeatarfe.es\/wp-content\/uploads\/2022\/10\/WhatsApp-Image-2022-10-06-at-11.34.27-1.jpeg?resize=768%2C432&amp;ssl=1 768w, https:\/\/i0.wp.com\/miradordeatarfe.es\/wp-content\/uploads\/2022\/10\/WhatsApp-Image-2022-10-06-at-11.34.27-1.jpeg?resize=1320%2C743&amp;ssl=1 1320w\" sizes=\"auto, (max-width: 640px) 100vw, 640px\" \/><\/a><\/p>\n","protected":false},"excerpt":{"rendered":"<p>Este reconocimiento\u00a0 tuvo lugar el pasado lunes, 3 de octubre, en el Centro Cultural Medina&#8230;<\/p>\n","protected":false},"author":1,"featured_media":56488,"comment_status":"closed","ping_status":"closed","sticky":false,"template":"","format":"standard","meta":{"_coblocks_attr":"","_coblocks_dimensions":"","_coblocks_responsive_height":"","_coblocks_accordion_ie_support":"","jetpack_post_was_ever_published":false,"_jetpack_newsletter_access":"","_jetpack_dont_email_post_to_subs":false,"_jetpack_newsletter_tier_id":0,"_jetpack_memberships_contains_paywalled_content":false,"_jetpack_memberships_contains_paid_content":false,"footnotes":"","jetpack_publicize_message":"","jetpack_publicize_feature_enabled":true,"jetpack_social_post_already_shared":true,"jetpack_social_options":{"image_generator_settings":{"template":"highway","default_image_id":0,"enabled":false},"version":2}},"categories":[2,7725,186,44,15,1],"tags":[7726,683,4669],"class_list":["post-56485","post","type-post","status-publish","format-standard","has-post-thumbnail","hentry","category-atarfe","category-atarfe-sostenible","category-instituciones","category-noticias-de-hoy","category-ultimas-noticias","category-uncategorized","tag-atarfe-sostenible","tag-policia-local","tag-reconocimiento"],"jetpack_publicize_connections":[],"jetpack_featured_media_url":"https:\/\/i0.wp.com\/miradordeatarfe.es\/wp-content\/uploads\/2022\/10\/M-Carmen-recogiendo.jpeg?fit=1408%2C792&ssl=1","jetpack_likes_enabled":true,"jetpack_sharing_enabled":true,"_links":{"self":[{"href":"https:\/\/miradordeatarfe.es\/index.php?rest_route=\/wp\/v2\/posts\/56485","targetHints":{"allow":["GET"]}}],"collection":[{"href":"https:\/\/miradordeatarfe.es\/index.php?rest_route=\/wp\/v2\/posts"}],"about":[{"href":"https:\/\/miradordeatarfe.es\/index.php?rest_route=\/wp\/v2\/types\/post"}],"author":[{"embeddable":true,"href":"https:\/\/miradordeatarfe.es\/index.php?rest_route=\/wp\/v2\/users\/1"}],"replies":[{"embeddable":true,"href":"https:\/\/miradordeatarfe.es\/index.php?rest_route=%2Fwp%2Fv2%2Fcomments&post=56485"}],"version-history":[{"count":3,"href":"https:\/\/miradordeatarfe.es\/index.php?rest_route=\/wp\/v2\/posts\/56485\/revisions"}],"predecessor-version":[{"id":56554,"href":"https:\/\/miradordeatarfe.es\/index.php?rest_route=\/wp\/v2\/posts\/56485\/revisions\/56554"}],"wp:featuredmedia":[{"embeddable":true,"href":"https:\/\/miradordeatarfe.es\/index.php?rest_route=\/wp\/v2\/media\/56488"}],"wp:attachment":[{"href":"https:\/\/miradordeatarfe.es\/index.php?rest_route=%2Fwp%2Fv2%2Fmedia&parent=56485"}],"wp:term":[{"taxonomy":"category","embeddable":true,"href":"https:\/\/miradordeatarfe.es\/index.php?rest_route=%2Fwp%2Fv2%2Fcategories&post=56485"},{"taxonomy":"post_tag","embeddable":true,"href":"https:\/\/miradordeatarfe.es\/index.php?rest_route=%2Fwp%2Fv2%2Ftags&post=56485"}],"curies":[{"name":"wp","href":"https:\/\/api.w.org\/{rel}","templated":true}]}}