{"id":56491,"date":"2022-10-07T11:35:49","date_gmt":"2022-10-07T09:35:49","guid":{"rendered":"https:\/\/miradordeatarfe.es\/?p=56491"},"modified":"2022-10-06T16:20:52","modified_gmt":"2022-10-06T14:20:52","slug":"atarfe-sigue-siendo-ciencia-atarfe-en-ciencia-en-accion-atarfe-se-va-a-viladecans","status":"publish","type":"post","link":"https:\/\/miradordeatarfe.es\/?p=56491","title":{"rendered":"ATARFE SIGUE SIENDO CIENCIA. ATARFE EN CIENCIA EN ACCION. ATARFE SE VA A VILADECANS"},"content":{"rendered":"<h3 style=\"text-align: justify;\">El pr\u00f3ximo fin de semana del 7, 8 y 9 de octubre se celebra en Viladecans (Barcelona) la XXIII Edici\u00f3n del Programa internacional \u201cCiencia en Acci\u00f3n\u201d del que Atarfe, tal y como recordareis, fue sede en octubre del curso pasado.<\/h3>\n<p style=\"text-align: justify;\">Por las incidencias del covid no pudieron asistir a nuestra localidad alumnado de Espa\u00f1a y de otros pa\u00edses de los que s\u00ed tuvimos representaci\u00f3n de su profesorado. Este a\u00f1o, con la vuelta a la normalidad, la edici\u00f3n retoma su sabor original, el proyecto est\u00e1 dirigido a profesorado y alumnado de cualquier etapa y \u00e1mbito educativo, a divulgadores cient\u00edficos o a cualquier persona interesada en la ense\u00f1anza y divulgaci\u00f3n de la ciencia, siendo sus modalidades individual o grupal.<\/p>\n<p style=\"text-align: justify;\">Algunos de los objetivos del programa internacional son: encontrar experiencias innovadoras que hagan la Ciencia atractiva e influyente en nuestra vida diaria, incrementar la cultura cient\u00edfica y mostrar la importancia de la Ciencia en nuestra sociedad.<\/p>\n<p style=\"text-align: justify;\">Los premios se organizan en diferentes modalidades, entre ellas sostenibilidad y puesta en escena y es por ello que nos llena de orgullo comunicar que Atarfe ha sido seleccionada para participar en la final de dichas modalidades.<\/p>\n<p style=\"text-align: justify;\">En representaci\u00f3n de todos los colegios de la localidad y en la modalidad de Puesta en escena, participamos con el teatro \u201cUniversity of Science CianciAtarfe\u201d. Esta historia la protagonizan: Fotonio (aprendiz m\u00e1s iluminado), Positronia (que siempre es positiva y optimista), Electronio (que es siempre negativo), Neutronia (que es pesada, neutra y favorita de la catedr\u00e1tica).<\/p>\n<p style=\"text-align: justify;\">Todos ellos se enfrentan a la prueba final de carrera, para convertirse en aut\u00e9nticos cient\u00edficos y cient\u00edficas. Desde el primer momento implican y hacen c\u00f3mplices al p\u00fablico asistente, al mismo tiempo que se van presentando y presentan a la Catedr\u00e1tica Nobelia.<\/p>\n<p style=\"text-align: justify;\">Se les da la bienvenida a TODOS a la clase DDD (Divulgaci\u00f3n Divirti\u00e9ndote Desinteresadamente) de la University of Science CienciAtarfe. En todo momento van pidiendo que si todo les sale bien y para que la catedr\u00e1tica valore un poquito m\u00e1s su trabajo, estudio, esfuerzo, dedicaci\u00f3n&#8230;etc., den un fuerte ABP ( Aplausos Bombas para el P\u00fablico y Profesores).<\/p>\n<p style=\"text-align: justify;\">Presentan algunos de los materiales que utilizar\u00e1n para llevar a cabo los experimentos; comentan e interact\u00faan con la tabla peri\u00f3dica, al mismo tiempo que repasan los pasos del m\u00e9todo cient\u00edfico y hacen hincapi\u00e9 en la fase de hip\u00f3tesis; donde se permite equivocarse para aprender del error y seguir investigando para sacar las conclusiones y poder definir la ley y terminar as\u00ed siempre las investigaciones.<\/p>\n<p style=\"text-align: justify;\">Como se ve es una puesta en escena en la que se presentan, intercalan experimentos dentro de la historia, interrelacionan con el p\u00fablico, haci\u00e9ndoles part\u00edcipes, explic\u00e1ndoles y haci\u00e9ndoles c\u00f3mplices a ellos de todo lo que acontece en el escenario, al mismo tiempo que se transmite el mensaje de la importancia de estudiar, trabajar,<br \/>\nesforzarse&#8230; para poder llegar a cumplir su sue\u00f1o, haci\u00e9ndose realidad.<\/p>\n<p style=\"text-align: justify;\">Y en la modalidad de sostenibilidad participa una clase de<strong> 2\u00ba de Primaria del CEIP Atalaya<\/strong> que fue seleccionada directamente para pasar a la final por un jurado de Ciencia en Acci\u00f3n en nuestra XIII Feria de la Ciencia, el alumnado impresion\u00f3 al jurado por la creaci\u00f3n de compost y unas orugas movi\u00e9ndose sobre unas hojas, pero sobre todo por la explicaci\u00f3n cient\u00edfica de nuestros peque\u00f1os y la forma tan ingeniosa y original de presentar el producto final de su proyecto con una aplicaci\u00f3n social y contribuyendo a hacer nuestra localidad m\u00e1s sostenible.<\/p>\n<p style=\"text-align: justify;\">Por eso solo queda desearles suerte a los colegios que representan a Atarfe y ya os comunicaremos los premios. Pero lo que les va a quedar para toda la vida, que es sin duda el mayor premio, es la experiencia de poder compartir con los alumnos de su clase un viaje a Barcelona, las horas de convivencia, la experiencia de compartir con una gran cantidad de ni\u00f1os y ni\u00f1as de diferentes nacionalidades, su proyecto, la oportunidad de divulgar la ciencia y de realizar esta actividad en un entorno diferente existiendo una comunidad de aprendizaje con toda la comunidad educativa (profesorado-alumnado y familias).<\/p>\n<p style=\"text-align: justify;\">Cuando Atarfe fue sede el a\u00f1o pasado por las restricciones covid no pudimos traer a nuestra localidad al alumnado de todos los centros que participaron, solo pudo venir el profesorado, por eso esperamos con ilusi\u00f3n la oportunidad de volver a ser sede de Ciencia en Acci\u00f3n y recibir a aquellos por los que realmente trabajamos y en los que creamos desde peque\u00f1os unavocaci\u00f3n cient\u00edfica\u2026 \u201cVOSOTROS, NUESTROS FUTUROS CIENTIFIC@S<\/p>\n<p style=\"text-align: justify;\">ATARFE CIENCIA EN ACCI\u00d3N<\/p>\n<p><a href=\"https:\/\/i0.wp.com\/miradordeatarfe.es\/wp-content\/uploads\/2022\/10\/WhatsApp-Image-2022-10-06-at-15.34.56.jpeg?ssl=1\"><img data-recalc-dims=\"1\" loading=\"lazy\" decoding=\"async\" class=\"alignnone wp-image-56516 size-full\" src=\"https:\/\/i0.wp.com\/miradordeatarfe.es\/wp-content\/uploads\/2022\/10\/WhatsApp-Image-2022-10-06-at-15.34.56.jpeg?resize=640%2C480&#038;ssl=1\" alt=\"\" width=\"640\" height=\"480\" srcset=\"https:\/\/i0.wp.com\/miradordeatarfe.es\/wp-content\/uploads\/2022\/10\/WhatsApp-Image-2022-10-06-at-15.34.56.jpeg?w=1600&amp;ssl=1 1600w, https:\/\/i0.wp.com\/miradordeatarfe.es\/wp-content\/uploads\/2022\/10\/WhatsApp-Image-2022-10-06-at-15.34.56.jpeg?resize=300%2C225&amp;ssl=1 300w, https:\/\/i0.wp.com\/miradordeatarfe.es\/wp-content\/uploads\/2022\/10\/WhatsApp-Image-2022-10-06-at-15.34.56.jpeg?resize=1024%2C768&amp;ssl=1 1024w, https:\/\/i0.wp.com\/miradordeatarfe.es\/wp-content\/uploads\/2022\/10\/WhatsApp-Image-2022-10-06-at-15.34.56.jpeg?resize=768%2C576&amp;ssl=1 768w, https:\/\/i0.wp.com\/miradordeatarfe.es\/wp-content\/uploads\/2022\/10\/WhatsApp-Image-2022-10-06-at-15.34.56.jpeg?resize=1536%2C1152&amp;ssl=1 1536w, https:\/\/i0.wp.com\/miradordeatarfe.es\/wp-content\/uploads\/2022\/10\/WhatsApp-Image-2022-10-06-at-15.34.56.jpeg?resize=1320%2C990&amp;ssl=1 1320w\" sizes=\"auto, (max-width: 640px) 100vw, 640px\" \/><\/a><\/p>\n<p style=\"text-align: justify;\"><a href=\"https:\/\/i0.wp.com\/miradordeatarfe.es\/wp-content\/uploads\/2022\/10\/1649333176104-scaled.jpg?ssl=1\"><img data-recalc-dims=\"1\" loading=\"lazy\" decoding=\"async\" class=\"alignnone wp-image-56498 size-full\" src=\"https:\/\/i0.wp.com\/miradordeatarfe.es\/wp-content\/uploads\/2022\/10\/1649333176104-scaled.jpg?resize=640%2C288&#038;ssl=1\" alt=\"\" width=\"640\" height=\"288\" srcset=\"https:\/\/i0.wp.com\/miradordeatarfe.es\/wp-content\/uploads\/2022\/10\/1649333176104-scaled.jpg?w=2560&amp;ssl=1 2560w, https:\/\/i0.wp.com\/miradordeatarfe.es\/wp-content\/uploads\/2022\/10\/1649333176104-scaled.jpg?resize=300%2C135&amp;ssl=1 300w, https:\/\/i0.wp.com\/miradordeatarfe.es\/wp-content\/uploads\/2022\/10\/1649333176104-scaled.jpg?resize=1024%2C461&amp;ssl=1 1024w, https:\/\/i0.wp.com\/miradordeatarfe.es\/wp-content\/uploads\/2022\/10\/1649333176104-scaled.jpg?resize=768%2C346&amp;ssl=1 768w, https:\/\/i0.wp.com\/miradordeatarfe.es\/wp-content\/uploads\/2022\/10\/1649333176104-scaled.jpg?resize=1536%2C691&amp;ssl=1 1536w, https:\/\/i0.wp.com\/miradordeatarfe.es\/wp-content\/uploads\/2022\/10\/1649333176104-scaled.jpg?resize=2048%2C922&amp;ssl=1 2048w, https:\/\/i0.wp.com\/miradordeatarfe.es\/wp-content\/uploads\/2022\/10\/1649333176104-scaled.jpg?resize=1320%2C594&amp;ssl=1 1320w, https:\/\/i0.wp.com\/miradordeatarfe.es\/wp-content\/uploads\/2022\/10\/1649333176104-scaled.jpg?w=1920&amp;ssl=1 1920w\" sizes=\"auto, (max-width: 640px) 100vw, 640px\" \/><\/a><\/p>\n<p><a href=\"https:\/\/i0.wp.com\/miradordeatarfe.es\/wp-content\/uploads\/2022\/10\/1649333176422-scaled.jpg?ssl=1\"><img data-recalc-dims=\"1\" loading=\"lazy\" decoding=\"async\" class=\"alignnone wp-image-56493 size-full\" src=\"https:\/\/i0.wp.com\/miradordeatarfe.es\/wp-content\/uploads\/2022\/10\/1649333176422-scaled.jpg?resize=640%2C288&#038;ssl=1\" alt=\"\" width=\"640\" height=\"288\" srcset=\"https:\/\/i0.wp.com\/miradordeatarfe.es\/wp-content\/uploads\/2022\/10\/1649333176422-scaled.jpg?w=2560&amp;ssl=1 2560w, https:\/\/i0.wp.com\/miradordeatarfe.es\/wp-content\/uploads\/2022\/10\/1649333176422-scaled.jpg?resize=300%2C135&amp;ssl=1 300w, https:\/\/i0.wp.com\/miradordeatarfe.es\/wp-content\/uploads\/2022\/10\/1649333176422-scaled.jpg?resize=1024%2C461&amp;ssl=1 1024w, https:\/\/i0.wp.com\/miradordeatarfe.es\/wp-content\/uploads\/2022\/10\/1649333176422-scaled.jpg?resize=768%2C346&amp;ssl=1 768w, https:\/\/i0.wp.com\/miradordeatarfe.es\/wp-content\/uploads\/2022\/10\/1649333176422-scaled.jpg?resize=1536%2C691&amp;ssl=1 1536w, https:\/\/i0.wp.com\/miradordeatarfe.es\/wp-content\/uploads\/2022\/10\/1649333176422-scaled.jpg?resize=2048%2C922&amp;ssl=1 2048w, https:\/\/i0.wp.com\/miradordeatarfe.es\/wp-content\/uploads\/2022\/10\/1649333176422-scaled.jpg?resize=1320%2C594&amp;ssl=1 1320w, https:\/\/i0.wp.com\/miradordeatarfe.es\/wp-content\/uploads\/2022\/10\/1649333176422-scaled.jpg?w=1920&amp;ssl=1 1920w\" sizes=\"auto, (max-width: 640px) 100vw, 640px\" \/><\/a><\/p>\n<p><a href=\"https:\/\/i0.wp.com\/miradordeatarfe.es\/wp-content\/uploads\/2022\/10\/1649333176734-scaled.jpg?ssl=1\"><img data-recalc-dims=\"1\" loading=\"lazy\" decoding=\"async\" class=\"alignnone wp-image-56494 size-full\" src=\"https:\/\/i0.wp.com\/miradordeatarfe.es\/wp-content\/uploads\/2022\/10\/1649333176734-scaled.jpg?resize=640%2C288&#038;ssl=1\" alt=\"\" width=\"640\" height=\"288\" srcset=\"https:\/\/i0.wp.com\/miradordeatarfe.es\/wp-content\/uploads\/2022\/10\/1649333176734-scaled.jpg?w=2560&amp;ssl=1 2560w, https:\/\/i0.wp.com\/miradordeatarfe.es\/wp-content\/uploads\/2022\/10\/1649333176734-scaled.jpg?resize=300%2C135&amp;ssl=1 300w, https:\/\/i0.wp.com\/miradordeatarfe.es\/wp-content\/uploads\/2022\/10\/1649333176734-scaled.jpg?resize=1024%2C461&amp;ssl=1 1024w, https:\/\/i0.wp.com\/miradordeatarfe.es\/wp-content\/uploads\/2022\/10\/1649333176734-scaled.jpg?resize=768%2C346&amp;ssl=1 768w, https:\/\/i0.wp.com\/miradordeatarfe.es\/wp-content\/uploads\/2022\/10\/1649333176734-scaled.jpg?resize=1536%2C691&amp;ssl=1 1536w, https:\/\/i0.wp.com\/miradordeatarfe.es\/wp-content\/uploads\/2022\/10\/1649333176734-scaled.jpg?resize=2048%2C922&amp;ssl=1 2048w, https:\/\/i0.wp.com\/miradordeatarfe.es\/wp-content\/uploads\/2022\/10\/1649333176734-scaled.jpg?resize=1320%2C594&amp;ssl=1 1320w, https:\/\/i0.wp.com\/miradordeatarfe.es\/wp-content\/uploads\/2022\/10\/1649333176734-scaled.jpg?w=1920&amp;ssl=1 1920w\" sizes=\"auto, (max-width: 640px) 100vw, 640px\" \/><\/a><\/p>\n","protected":false},"excerpt":{"rendered":"<p>El pr\u00f3ximo fin de semana del 7, 8 y 9 de octubre se celebra en&#8230;<\/p>\n","protected":false},"author":1,"featured_media":56495,"comment_status":"closed","ping_status":"closed","sticky":false,"template":"","format":"standard","meta":{"_coblocks_attr":"","_coblocks_dimensions":"","_coblocks_responsive_height":"","_coblocks_accordion_ie_support":"","jetpack_post_was_ever_published":false,"_jetpack_newsletter_access":"","_jetpack_dont_email_post_to_subs":false,"_jetpack_newsletter_tier_id":0,"_jetpack_memberships_contains_paywalled_content":false,"_jetpack_memberships_contains_paid_content":false,"footnotes":"","jetpack_publicize_message":"","jetpack_publicize_feature_enabled":true,"jetpack_social_post_already_shared":true,"jetpack_social_options":{"image_generator_settings":{"template":"highway","default_image_id":0,"enabled":false},"version":2}},"categories":[2,187,1161,186,44,15],"tags":[8652,81,9605,8424],"class_list":["post-56491","post","type-post","status-publish","format-standard","has-post-thumbnail","hentry","category-atarfe","category-centros-educativos","category-ciudadania","category-instituciones","category-noticias-de-hoy","category-ultimas-noticias","tag-8652","tag-atarfe","tag-ciencia-atarfe","tag-ciencia-en-accion"],"jetpack_publicize_connections":[],"jetpack_featured_media_url":"https:\/\/i0.wp.com\/miradordeatarfe.es\/wp-content\/uploads\/2022\/10\/IMG_20220407_180550-scaled.jpg?fit=2560%2C1152&ssl=1","jetpack_likes_enabled":true,"jetpack_sharing_enabled":true,"_links":{"self":[{"href":"https:\/\/miradordeatarfe.es\/index.php?rest_route=\/wp\/v2\/posts\/56491","targetHints":{"allow":["GET"]}}],"collection":[{"href":"https:\/\/miradordeatarfe.es\/index.php?rest_route=\/wp\/v2\/posts"}],"about":[{"href":"https:\/\/miradordeatarfe.es\/index.php?rest_route=\/wp\/v2\/types\/post"}],"author":[{"embeddable":true,"href":"https:\/\/miradordeatarfe.es\/index.php?rest_route=\/wp\/v2\/users\/1"}],"replies":[{"embeddable":true,"href":"https:\/\/miradordeatarfe.es\/index.php?rest_route=%2Fwp%2Fv2%2Fcomments&post=56491"}],"version-history":[{"count":6,"href":"https:\/\/miradordeatarfe.es\/index.php?rest_route=\/wp\/v2\/posts\/56491\/revisions"}],"predecessor-version":[{"id":56517,"href":"https:\/\/miradordeatarfe.es\/index.php?rest_route=\/wp\/v2\/posts\/56491\/revisions\/56517"}],"wp:featuredmedia":[{"embeddable":true,"href":"https:\/\/miradordeatarfe.es\/index.php?rest_route=\/wp\/v2\/media\/56495"}],"wp:attachment":[{"href":"https:\/\/miradordeatarfe.es\/index.php?rest_route=%2Fwp%2Fv2%2Fmedia&parent=56491"}],"wp:term":[{"taxonomy":"category","embeddable":true,"href":"https:\/\/miradordeatarfe.es\/index.php?rest_route=%2Fwp%2Fv2%2Fcategories&post=56491"},{"taxonomy":"post_tag","embeddable":true,"href":"https:\/\/miradordeatarfe.es\/index.php?rest_route=%2Fwp%2Fv2%2Ftags&post=56491"}],"curies":[{"name":"wp","href":"https:\/\/api.w.org\/{rel}","templated":true}]}}