{"id":56510,"date":"2022-10-09T09:07:30","date_gmt":"2022-10-09T07:07:30","guid":{"rendered":"https:\/\/miradordeatarfe.es\/?p=56510"},"modified":"2022-10-07T18:58:59","modified_gmt":"2022-10-07T16:58:59","slug":"una-eurodiputada-se-corta-el-pelo-ante-la-eurocamara-para-apoyar-a-las-mujeres-de-iran","status":"publish","type":"post","link":"https:\/\/miradordeatarfe.es\/?p=56510","title":{"rendered":"Una eurodiputada se corta el pelo ante la Euroc\u00e1mara para apoyar a las mujeres de Ir\u00e1n"},"content":{"rendered":"<h3 style=\"text-align: justify;\">Cantantes, activistas y actrices francesas como Juliette Binoche, Marion Cotillard o Charlotte Gainsbourg han difundido este mi\u00e9rcoles un v\u00eddeo en el que aparecen tambi\u00e9n cort\u00e1ndose mechones de pelo en solidaridad con las mujeres iran\u00edes<\/h3>\n<p style=\"text-align: justify;\">La eurodiputada sueca de origen<strong> iraqu\u00ed Abir Al-Sahlani,<\/strong> durante un debate en la Euroc\u00e1mara, ha sacado unas tijeras con las que se ha cortado un mech\u00f3n de pelo y ha gritado: \u00ab\u00a1Mujeres, vida, libertad!\u00bb para denunciar la muerte de la joven Masha Amini, de 22 a\u00f1os, el pasado 16 de septiembre en Teher\u00e1n.<\/p>\n<p style=\"text-align: justify;\">\u00abLa tradici\u00f3n de cortarse el pelo en protesta es una tradici\u00f3n milenaria. Muestra que la ira es m\u00e1s fuerte que el poder del opresor. Las mujeres de Ir\u00e1n han tenido suficiente. La UE deber\u00eda mostrar el mismo coraje y darles un apoyo completo\u00bb, ha escrito Al-Sahlani junto al v\u00eddeo del momento en Instagram.<\/p>\n<p class=\"has-drop-cap\" style=\"text-align: justify;\">Amini fue detenida por la Polic\u00eda de la Moral debido a que, presuntamente, llevaba el velo mal puesto. Las fuentes policiales sostienen que la joven muri\u00f3 de un infarto, sin embargo, varios testigos aseguran que falleci\u00f3 a causa de las graves heridas producidas por los cuerpos policiales, que le habr\u00edan propinado una paliza.<\/p>\n<figure id=\"attachment_445190\" class=\"wp-caption aligncenter\" style=\"text-align: justify;\" aria-describedby=\"caption-attachment-445190\"><figcaption id=\"caption-attachment-445190\" class=\"wp-caption-text\">Una eurodiputada se corta el pelo ante la Euroc\u00e1mara para apoyar a las mujeres de Ir\u00e1n<\/figcaption><\/figure>\n<p style=\"text-align: justify;\">Desde la muerte de la joven, miles de personas han salido a las calles para denunciar la represi\u00f3n contra las mujeres en el pa\u00eds y protestando por la muerte de la joven. Muchas mujeres han quemado sus velos en una hoguera improvisada y han sacado unas tijeras para cortarse la melena como s\u00edmbolo de protesta contra las tradiciones impuestas.<\/p>\n<p style=\"text-align: justify;\">La polic\u00eda iran\u00ed ha reprimido las movilizaciones con el uso de porras, gases lacrim\u00f3genos, ca\u00f1ones de agua y, seg\u00fan la ONU, munici\u00f3n real. La televisi\u00f3n estatal iran\u00ed afirm\u00f3 hace m\u00e1s de una semana que 41 personas han fallecido, pero la ONG \u00abIran Human Rights\u00bb ya eleva la cifra por encima de los 130 muertos.<\/p>\n<p style=\"text-align: justify;\">Al-Sahlani ha criticado al alto representante de la Pol\u00edtica Exterior de la UE, Josep Borrell, por no haber defendido en la reciente reuni\u00f3n de la Asamblea de las Naciones Unidas la posici\u00f3n de las mujeres iran\u00edes. \u00abEllas est\u00e1n pagando el \u00faltimo precio por su vida, la libertad. Tienen un coraje que no ha mostrado usted, se\u00f1or Borrell. En la Asamblea de la ONU no se posicion\u00f3 de su lado y pudo haberlo hecho. Es tiempo de hablar y de actuar\u00bb, le ha reprochado.<\/p>\n<p style=\"text-align: justify;\">Borrell ha anunciado que se plantean la posibilidad de sancionar al r\u00e9gimen de Teher\u00e1n, que est\u00e1 violando el derecho a la libertad de expresi\u00f3n y que se est\u00e1 negando a rendir cuentas por la muerte de Amini.<\/p>\n<p style=\"text-align: justify;\">\u00abSeguiremos considerando todas las opciones a nuestra disposici\u00f3n, incluidas las medidas restrictivas, para hacer frente al asesinato de Masha Amini y a la forma en que las fuerzas de seguridad han respondido a las manifestaciones\u00bb, indic\u00f3 Borrell durante el debate. Adem\u00e1s, se\u00f1al\u00f3 que los ministros de Exteriores de la UE \u00abdecidir\u00e1n\u00bb sobre la cuesti\u00f3n de las sanciones a Ir\u00e1n en el Consejo que celebrar\u00e1n en dos semanas.<\/p>\n<p style=\"text-align: justify;\">\u00abLa gente en Ir\u00e1n, como cualquier otra, tiene derecho a protestar pac\u00edficamente. Es tan sencillo como eso. Y est\u00e1 claro que este derecho no se ha garantizado\u00bb, a\u00f1adi\u00f3.<\/p>\n<p style=\"text-align: justify;\">\n<blockquote class=\"wp-embedded-content\" data-secret=\"jpwv75bZb9\"><p><a href=\"https:\/\/contrainformacion.es\/eurodiputada-corta-pelo-ante-eurocamara-apoyar-mujeres-iran\/\">Una eurodiputada se corta el pelo ante la Euroc\u00e1mara para apoyar a las mujeres de Ir\u00e1n<\/a><\/p><\/blockquote>\n<p><iframe loading=\"lazy\" class=\"wp-embedded-content\" sandbox=\"allow-scripts\" security=\"restricted\" style=\"position: absolute; visibility: hidden;\" title=\"\u00abUna eurodiputada se corta el pelo ante la Euroc\u00e1mara para apoyar a las mujeres de Ir\u00e1n\u00bb \u2014 Contrainformaci\u00f3n\" src=\"https:\/\/contrainformacion.es\/eurodiputada-corta-pelo-ante-eurocamara-apoyar-mujeres-iran\/embed\/#?secret=4zHRk7Hh7y#?secret=jpwv75bZb9\" data-secret=\"jpwv75bZb9\" width=\"600\" height=\"338\" frameborder=\"0\" marginwidth=\"0\" marginheight=\"0\" scrolling=\"no\"><\/iframe><\/p>\n","protected":false},"excerpt":{"rendered":"<p>Cantantes, activistas y actrices francesas como Juliette Binoche, Marion Cotillard o Charlotte Gainsbourg han difundido&#8230;<\/p>\n","protected":false},"author":1,"featured_media":56511,"comment_status":"closed","ping_status":"closed","sticky":false,"template":"","format":"standard","meta":{"_coblocks_attr":"","_coblocks_dimensions":"","_coblocks_responsive_height":"","_coblocks_accordion_ie_support":"","jetpack_post_was_ever_published":false,"_jetpack_newsletter_access":"","_jetpack_dont_email_post_to_subs":false,"_jetpack_newsletter_tier_id":0,"_jetpack_memberships_contains_paywalled_content":false,"_jetpack_memberships_contains_paid_content":false,"footnotes":"","jetpack_publicize_message":"","jetpack_publicize_feature_enabled":true,"jetpack_social_post_already_shared":true,"jetpack_social_options":{"image_generator_settings":{"template":"highway","default_image_id":0,"enabled":false},"version":2}},"categories":[1161,14,44,7671,6937,15],"tags":[9608,368,3644],"class_list":["post-56510","post","type-post","status-publish","format-standard","has-post-thumbnail","hentry","category-ciudadania","category-feminismo","category-noticias-de-hoy","category-politica","category-sociedad","category-ultimas-noticias","tag-corte-de-pelo","tag-iran","tag-protesta"],"jetpack_publicize_connections":[],"jetpack_featured_media_url":"https:\/\/i0.wp.com\/miradordeatarfe.es\/wp-content\/uploads\/2022\/10\/8-10.jpg?fit=667%2C405&ssl=1","jetpack_likes_enabled":true,"jetpack_sharing_enabled":true,"_links":{"self":[{"href":"https:\/\/miradordeatarfe.es\/index.php?rest_route=\/wp\/v2\/posts\/56510","targetHints":{"allow":["GET"]}}],"collection":[{"href":"https:\/\/miradordeatarfe.es\/index.php?rest_route=\/wp\/v2\/posts"}],"about":[{"href":"https:\/\/miradordeatarfe.es\/index.php?rest_route=\/wp\/v2\/types\/post"}],"author":[{"embeddable":true,"href":"https:\/\/miradordeatarfe.es\/index.php?rest_route=\/wp\/v2\/users\/1"}],"replies":[{"embeddable":true,"href":"https:\/\/miradordeatarfe.es\/index.php?rest_route=%2Fwp%2Fv2%2Fcomments&post=56510"}],"version-history":[{"count":1,"href":"https:\/\/miradordeatarfe.es\/index.php?rest_route=\/wp\/v2\/posts\/56510\/revisions"}],"predecessor-version":[{"id":56512,"href":"https:\/\/miradordeatarfe.es\/index.php?rest_route=\/wp\/v2\/posts\/56510\/revisions\/56512"}],"wp:featuredmedia":[{"embeddable":true,"href":"https:\/\/miradordeatarfe.es\/index.php?rest_route=\/wp\/v2\/media\/56511"}],"wp:attachment":[{"href":"https:\/\/miradordeatarfe.es\/index.php?rest_route=%2Fwp%2Fv2%2Fmedia&parent=56510"}],"wp:term":[{"taxonomy":"category","embeddable":true,"href":"https:\/\/miradordeatarfe.es\/index.php?rest_route=%2Fwp%2Fv2%2Fcategories&post=56510"},{"taxonomy":"post_tag","embeddable":true,"href":"https:\/\/miradordeatarfe.es\/index.php?rest_route=%2Fwp%2Fv2%2Ftags&post=56510"}],"curies":[{"name":"wp","href":"https:\/\/api.w.org\/{rel}","templated":true}]}}