{"id":56534,"date":"2022-10-13T08:30:14","date_gmt":"2022-10-13T06:30:14","guid":{"rendered":"https:\/\/miradordeatarfe.es\/?p=56534"},"modified":"2022-10-11T11:57:59","modified_gmt":"2022-10-11T09:57:59","slug":"prepandemias-pandemias-y-pospandemias","status":"publish","type":"post","link":"https:\/\/miradordeatarfe.es\/?p=56534","title":{"rendered":"Prepandemias, pandemias y pospandemias"},"content":{"rendered":"<h3 style=\"text-align: justify;\">Nos ha costado tiempo implementar vacunaciones y tratamientos contra la viruela del mono, un tiempo que no tendremos en el caso de brotes por virus m\u00e1s contagiosos que puedan venir en el futuro pr\u00f3ximo.<\/h3>\n<p style=\"text-align: justify;\">Pronto van a cumplirse tres a\u00f1os desde que empez\u00f3 el brote de SARS-CoV-2. Desde hac\u00eda ya tiempo, y antes del 2019, sab\u00edamos que tarde o temprano \u00edbamos a sufrir una pandemia. De hecho, en respuesta a los brotes de gripe aviar H5N1 del 2002, ya se hab\u00eda planificado c\u00f3mo responder a una pandemia causada por un virus respiratorio.<\/p>\n<h2 style=\"text-align: justify;\">Con la gripe A no lo vimos venir<\/h2>\n<p style=\"text-align: justify;\"><a href=\"https:\/\/contrainformacion.es\/que-va-a-pasar-este-ano-con-la-gripe\/\" data-wpel-link=\"internal\">Los virus de la gripe H5N1 causan enfermedad letal en aves dom\u00e9sticas<\/a>. Solo espor\u00e1dicamente son capaces de infectar a personas, con niveles de mortalidad cercanos al 50\u00a0% o mayores.<\/p>\n<p style=\"text-align: justify;\">Por fortuna, hasta ahora no han logrado adaptarse a transmitirse de persona a persona. Pero siguen circulando en aves y cambiando constantemente, lo cual implica que no podemos descartar que en alg\u00fan momento adquieran esa capacidad de transmisi\u00f3n y causen la siguiente <a href=\"https:\/\/contrainformacion.es\/video-aimar-bretos-explica-en-un-minuto-por-que-los-impuestos-salvan-vidas\/\" data-wpel-link=\"internal\">pandemia<\/a>. Aunque la realidad es que es imposible predecir qu\u00e9 virus en concreto va a convertirse en pand\u00e9mico.<\/p>\n<p style=\"text-align: justify;\">Pensemos por ejemplo en la pandemia de gripe del 2009, lo que se llam\u00f3 gripe A en Espa\u00f1a. Fue causada por un virus de la gripe previamente no detectado que estaba circulando en cerdos en las provincias del interior de M\u00e9xico. La respuesta contra este virus no impidi\u00f3 que terminara infectando en menos de un a\u00f1o a millones de personas.<\/p>\n<p style=\"text-align: justify;\">Aunque por fortuna no era un virus de alta mortalidad, caus\u00f3 diez veces m\u00e1s de muertes en j\u00f3venes adultos comparado con la gripe anual. Eso hizo que se revisaran los planes pand\u00e9micos para minimizar lo m\u00e1s posible el impacto de una futura pandemia.<\/p>\n<h2 style=\"text-align: justify;\">Una d\u00e9cada despu\u00e9s: la covid-19<\/h2>\n<p style=\"text-align: justify;\">Diez a\u00f1os despu\u00e9s de aquel 2009, la falta de preparaci\u00f3n nos hizo fallar de nuevo. No conseguimos dar una respuesta lo suficientemente r\u00e1pida al brote de SARS-CoV-2. Entre los fallos m\u00e1s evidentes est\u00e1n la falta de cooperaci\u00f3n internacional, la falta de personal y la escasez de materiales para responder a una emergencia. Adem\u00e1s de un importante vac\u00edo legal e institucional para decidir e implementar medidas de contenci\u00f3n.<\/p>\n<p style=\"text-align: justify;\">Parece que fue ayer cuando empezamos a o\u00edr que un virus nuevo estaba extendi\u00e9ndose por una ciudad china ocasionando una enfermedad respiratoria muy severa. Y lo que entonces era casi imposible de imaginar en nuestra sociedad tan avanzada tecnol\u00f3gicamente se nos cay\u00f3 encima. Un organismo microsc\u00f3pico nos dobleg\u00f3 y nos oblig\u00f3 a confinarnos, a usar mascarillas y a desconfiar de cualquier tipo de contacto con nuestro pr\u00f3jimo. Vimos como la sanidad se satur\u00f3, incapaz de poder atender a todos los enfermos cuyo n\u00famero se multiplicaba de un modo exponencial. Nos familiarizamos con nuevas palabras, tales como <em>igeges<\/em>, SARS, COVID, test antig\u00e9nicos, <em>peceerre<\/em> y \u00f3micron, que se volvieron parte del lenguaje cotidiano.<\/p>\n<p style=\"text-align: justify;\">La pandemia de SARS-CoV-2 no ha sido oficialmente declarada como acabada. Pero, con una vuelta a la normalidad como la que tenemos podemos decir con cierta certeza que nos hallamos en un per\u00edodo pospand\u00e9mico. \u00danicamente la presencia de personas \u2013cada vez menos\u2013 con mascarilla en lugares p\u00fablicos o privados nos recuerda que el virus sigue circulando. Es pr\u00e1cticamente imposible que SARS-CoV-2 vuelva a llenar las UCIs y alterar nuestro comportamiento cotidiano como ocurri\u00f3 en el 2020 y en el 2021. Sobre todo por la existencia de inmunidad vacunal o contra\u00edda por infecci\u00f3n. Esta inmunidad no es capaz de frenar del todo las infecciones, pero s\u00ed de disminuir el n\u00famero de casos graves.<\/p>\n<p style=\"text-align: justify;\">\u00a0<\/p>\n<h2 style=\"text-align: justify;\">Mejor no descuidarse<\/h2>\n<p style=\"text-align: justify;\">Eso no quiere decir que sea el momento de olvidarnos de este virus o de otros posibles virus pand\u00e9micos que vayan a surgir en el futuro, ni mucho menos.<\/p>\n<p style=\"text-align: justify;\">Por un lado, a\u00fan nos quedan casos severos de covid-19 que se podr\u00edan disminuir a\u00fan m\u00e1s mediante el desarrollo de vacunas mejoradas que no solo protejan contra enfermedad, sino tambi\u00e9n contra la infecci\u00f3n y sin necesidad de revacunaciones. Y el desarrollo de terapias adicionales a las que ya tenemos ser\u00eda tambi\u00e9n beneficioso.<\/p>\n<p style=\"text-align: justify;\">Por otro lado, la resoluci\u00f3n de los problemas encontrados en nuestro nivel de preparaci\u00f3n contra una pandemia es de importancia vital para combatir nuevas pandemias. En ese aspecto, los brotes y la reciente expansi\u00f3n del virus de la viruela del mono nos indican que seguimos sin estar preparados para afrontar futuras pandemias.<\/p>\n<h2 style=\"text-align: justify;\">La expansi\u00f3n de la viruela del mono delata que seguimos sin estar preparados<\/h2>\n<p style=\"text-align: justify;\">El virus de la viruela del mono es f\u00e1cil de contener debido a la existencia de vacunas y antivirales. Pero la respuesta sigue siendo demasiado lenta y a\u00fan no existe una coordinaci\u00f3n internacional. Tenemos suerte de que el virus no es muy contagioso y requiera contacto prolongado con las persona infectadas.<\/p>\n<p style=\"text-align: justify;\">Lo cierto es que nos ha costado tiempo implementar vacunaciones y tratamientos contra la viruela del mono. Un tiempo que no tendremos en el caso de brotes por virus m\u00e1s contagiosos que puedan venir en el futuro pr\u00f3ximo.<\/p>\n<p class=\"fine-print\" style=\"text-align: justify;\"><strong><em>Adolfo Garc\u00eda-Sastre \u2013 The Conversation<\/em><\/strong><\/p>\n","protected":false},"excerpt":{"rendered":"<p>Nos ha costado tiempo implementar vacunaciones y tratamientos contra la viruela del mono, un tiempo&#8230;<\/p>\n","protected":false},"author":1,"featured_media":56535,"comment_status":"closed","ping_status":"closed","sticky":false,"template":"","format":"standard","meta":{"_coblocks_attr":"","_coblocks_dimensions":"","_coblocks_responsive_height":"","_coblocks_accordion_ie_support":"","jetpack_post_was_ever_published":false,"_jetpack_newsletter_access":"","_jetpack_dont_email_post_to_subs":false,"_jetpack_newsletter_tier_id":0,"_jetpack_memberships_contains_paywalled_content":false,"_jetpack_memberships_contains_paid_content":false,"footnotes":"","jetpack_publicize_message":"","jetpack_publicize_feature_enabled":true,"jetpack_social_post_already_shared":true,"jetpack_social_options":{"image_generator_settings":{"template":"highway","default_image_id":0,"enabled":false},"version":2}},"categories":[1161,7149,44,6937,15],"tags":[7021,3572,697],"class_list":["post-56534","post","type-post","status-publish","format-standard","has-post-thumbnail","hentry","category-ciudadania","category-coronavirus","category-noticias-de-hoy","category-sociedad","category-ultimas-noticias","tag-coronavirus","tag-pandemia","tag-virus"],"jetpack_publicize_connections":[],"jetpack_featured_media_url":"https:\/\/i0.wp.com\/miradordeatarfe.es\/wp-content\/uploads\/2022\/10\/file-20221003-16-ulewbg-MMXEAe-356x357-1.jpeg?fit=356%2C357&ssl=1","jetpack_likes_enabled":true,"jetpack_sharing_enabled":true,"_links":{"self":[{"href":"https:\/\/miradordeatarfe.es\/index.php?rest_route=\/wp\/v2\/posts\/56534","targetHints":{"allow":["GET"]}}],"collection":[{"href":"https:\/\/miradordeatarfe.es\/index.php?rest_route=\/wp\/v2\/posts"}],"about":[{"href":"https:\/\/miradordeatarfe.es\/index.php?rest_route=\/wp\/v2\/types\/post"}],"author":[{"embeddable":true,"href":"https:\/\/miradordeatarfe.es\/index.php?rest_route=\/wp\/v2\/users\/1"}],"replies":[{"embeddable":true,"href":"https:\/\/miradordeatarfe.es\/index.php?rest_route=%2Fwp%2Fv2%2Fcomments&post=56534"}],"version-history":[{"count":1,"href":"https:\/\/miradordeatarfe.es\/index.php?rest_route=\/wp\/v2\/posts\/56534\/revisions"}],"predecessor-version":[{"id":56536,"href":"https:\/\/miradordeatarfe.es\/index.php?rest_route=\/wp\/v2\/posts\/56534\/revisions\/56536"}],"wp:featuredmedia":[{"embeddable":true,"href":"https:\/\/miradordeatarfe.es\/index.php?rest_route=\/wp\/v2\/media\/56535"}],"wp:attachment":[{"href":"https:\/\/miradordeatarfe.es\/index.php?rest_route=%2Fwp%2Fv2%2Fmedia&parent=56534"}],"wp:term":[{"taxonomy":"category","embeddable":true,"href":"https:\/\/miradordeatarfe.es\/index.php?rest_route=%2Fwp%2Fv2%2Fcategories&post=56534"},{"taxonomy":"post_tag","embeddable":true,"href":"https:\/\/miradordeatarfe.es\/index.php?rest_route=%2Fwp%2Fv2%2Ftags&post=56534"}],"curies":[{"name":"wp","href":"https:\/\/api.w.org\/{rel}","templated":true}]}}