{"id":56550,"date":"2022-10-12T09:35:24","date_gmt":"2022-10-12T07:35:24","guid":{"rendered":"https:\/\/miradordeatarfe.es\/?p=56550"},"modified":"2022-10-06T18:00:08","modified_gmt":"2022-10-06T16:00:08","slug":"el-cienasta-carlos-saura-recibira-el-goya-de-honor-2023","status":"publish","type":"post","link":"https:\/\/miradordeatarfe.es\/?p=56550","title":{"rendered":"El cienasta Carlos Saura recibir\u00e1 el Goya de Honor 2023"},"content":{"rendered":"<h3 id=\"m69-68-70\" style=\"text-align: justify;\">La Academia de cine espa\u00f1ol reconocer\u00e1 la trayectoria cinematogr\u00e1fica del director aragon\u00e9s\u00a0por haber marcado un antes y un despu\u00e9s en la historia de nuestro cine.<\/h3>\n<div class=\"before-text\">\n<div class=\"pb-ads pb-megabanner pb-mobile-ads top\">\u00a0<\/div>\n<\/div>\n<div class=\"article-body\">\n<div class=\"article-text\">\n<p id=\"m154-153-155\" class=\"pb-article-item-iteration\" style=\"text-align: justify;\">El director aragon\u00e9s <b><a title=\"Carlos Saura: 'Espa\u00f1a me ha despreciado' (PUBLICO)\" href=\"https:\/\/www.publico.es\/culturas\/estreno-rey-mundo-carlos-saura-espana-me-despreciado.html#analytics-noticia:contenido-enlace\">Carlos Saura<\/a><\/b> recibir\u00e1 el Goya de Honor de la 37 edici\u00f3n de los premios que se celebrar\u00e1 el pr\u00f3ximo 11 de febrero en Sevilla. <b>Fernando M\u00e9ndez-Leite<\/b>, <a title=\"Fernando M\u00e9ndez-Leite, nuevo presidente de la Academia de Cine\" href=\"https:\/\/www.publico.es\/culturas\/academia-cine-elige-nuevo-presidente-relevar-mariano-barroso.html#analytics-noticia:contenido-enlace\">presidente de la Academia de cine<\/a>, ha anunciado esta ma\u00f1ana la decisi\u00f3n de reconocer la trayectoria f\u00edlmica de uno de los directores m\u00e1s importantes del siglo XX: \u00abHa dado forma a la historia del cine espa\u00f1ol moderno\u00bb.\u00a0<\/p>\n<p id=\"m159-1-160\" class=\"pb-article-item-iteration\" style=\"text-align: justify;\">Este a\u00f1o muchos amantes del cine han recordado a Saura a trav\u00e9s del reconocimiento de la directora catalana, <b>Carla Sim\u00f3n<\/b>, en el festival de Berl\u00edn por su pel\u00edcula <i><a title=\"Carla Sim\u00f3n: 'En el campo se arrastra un modelo feudal' (PUBLICO)\" href=\"https:\/\/www.publico.es\/entrevistas\/estreno-alcarras-carla-simon-campo-arrastra-modelo-feudal.html#analytics-noticia:contenido-enlace\">Alcarr\u00e1s<\/a>. <\/i>El director aragon\u00e9s fue el \u00faltimo espa\u00f1ol en llevarse el <a href=\"https:\/\/www.publico.es\/tag\/berlinale#analytics-noticia:contenido-enlace\">Oso de oro<\/a> con el film <i>Deprisa, deprisa<\/i>\u00a0en 1981. La misma Sim\u00f3n fue la encargada de otorgar a Saura la Biznaga de Honor en el <b><a href=\"https:\/\/www.publico.es\/tag\/festival-de-cine-de-malaga#analytics-noticia:contenido-enlace\">Festival de M\u00e1laga<\/a><\/b> de este a\u00f1o en el que le agradeci\u00f3: \u00abel cine espa\u00f1ol no ser\u00eda el mismo sin tus pel\u00edculas y nuestras pel\u00edculas tampoco ser\u00edan las mismas sin tu cine\u00bb.\u00a0<\/p>\n<p id=\"m164-2-165\" class=\"pb-article-item-iteration\" style=\"text-align: justify;\">El director de pel\u00edculas como <i>Cr\u00eda Cuervos, La Caza <\/i>y la <i>Prima Ang\u00e9lica <\/i>sigue en activo a sus 90 a\u00f1os de edad. Recientemente se presentaba en el <b><a href=\"https:\/\/www.publico.es\/tag\/festival-internacional-de-cine-de-san-sebastian#analytics-noticia:contenido-enlace\">Festival de cine de San Sebasti\u00e1n<\/a><\/b> su \u00faltimo documental, <i><a title=\"Las paredes hablan\u2019, pel\u00edcula documental de Carlos Saura (Nueva Tribuna)\" href=\"https:\/\/www.nuevatribuna.es\/articulo\/cultura---ocio\/paredes-hablan-pelicula-documental-carlos-saura-cine-festival-san-sebastian\/20220819101122201975.html\" target=\"_blank\" rel=\"noopener\">Las paredes que hablan<\/a>, <\/i>en el que bajo su singular sensibilidad retrata la evoluci\u00f3n del arte con la pared como lienzo.\u00a0<\/p>\n<p id=\"m169-3-170\" class=\"pb-article-item-iteration\" style=\"text-align: justify;\">Su filmograf\u00eda ha supuesto una mirada atenta a la inteligencia de la infancia, a una radiograf\u00eda de la sociedad espa\u00f1ola y los males que la carcom\u00edan, al flamenco de la mano de figuras como Antonio Gades y Paco de Luc\u00eda, al cine quinqui&#8230;\u00a0<\/p>\n<p id=\"m174-4-175\" class=\"pb-article-item-iteration\" style=\"text-align: justify;\">La pr\u00f3xima gala de los <a href=\"https:\/\/www.publico.es\/tag\/premios-goya#analytics-noticia:contenido-enlace\">Goyas 2023<\/a>, en la que se ampliar\u00e1 el n\u00famero de nominados de cuatro a cinco, celebrar\u00e1 lo que algunos han calificado como uno de los mejores a\u00f1os del cine espa\u00f1ol.\u00a0\u200b<\/p>\n<\/div>\n<\/div>\n<p style=\"text-align: justify;\"><strong>PUBLICO<\/strong><\/p>\n<p style=\"text-align: justify;\">FOTO: Fotograf\u00eda del director, Carlos Saura- 06\/10\/2022. <span class=\"dash\">\u2014<\/span> <span class=\"signature\">Franciso Guasco<\/span> <span class=\"slash\">\/<\/span> <span class=\"agency\">EFE<\/span><\/p>\n<div class=\"before-text\" style=\"text-align: justify;\">https:\/\/www.publico.es\/culturas\/cienasta-carlos-saura-recibira-goya-honor-2023.html#md=modulo-portada-bloque:4col-t2;mm=mobile-big<\/div>\n","protected":false},"excerpt":{"rendered":"<p>La Academia de cine espa\u00f1ol reconocer\u00e1 la trayectoria cinematogr\u00e1fica del director aragon\u00e9s\u00a0por haber marcado un&#8230;<\/p>\n","protected":false},"author":1,"featured_media":56551,"comment_status":"closed","ping_status":"closed","sticky":false,"template":"","format":"standard","meta":{"_coblocks_attr":"","_coblocks_dimensions":"","_coblocks_responsive_height":"","_coblocks_accordion_ie_support":"","jetpack_post_was_ever_published":false,"_jetpack_newsletter_access":"","_jetpack_dont_email_post_to_subs":false,"_jetpack_newsletter_tier_id":0,"_jetpack_memberships_contains_paywalled_content":false,"_jetpack_memberships_contains_paid_content":false,"footnotes":"","jetpack_publicize_message":"","jetpack_publicize_feature_enabled":true,"jetpack_social_post_already_shared":true,"jetpack_social_options":{"image_generator_settings":{"template":"highway","default_image_id":0,"enabled":false},"version":2}},"categories":[1161,44,6937,15],"tags":[9615,7799,1833],"class_list":["post-56550","post","type-post","status-publish","format-standard","has-post-thumbnail","hentry","category-ciudadania","category-noticias-de-hoy","category-sociedad","category-ultimas-noticias","tag-carlos-saura","tag-cineasta","tag-premios-goya"],"jetpack_publicize_connections":[],"jetpack_featured_media_url":"https:\/\/i0.wp.com\/miradordeatarfe.es\/wp-content\/uploads\/2022\/10\/633e930f1efa9.jpeg?fit=990%2C660&ssl=1","jetpack_likes_enabled":true,"jetpack_sharing_enabled":true,"_links":{"self":[{"href":"https:\/\/miradordeatarfe.es\/index.php?rest_route=\/wp\/v2\/posts\/56550","targetHints":{"allow":["GET"]}}],"collection":[{"href":"https:\/\/miradordeatarfe.es\/index.php?rest_route=\/wp\/v2\/posts"}],"about":[{"href":"https:\/\/miradordeatarfe.es\/index.php?rest_route=\/wp\/v2\/types\/post"}],"author":[{"embeddable":true,"href":"https:\/\/miradordeatarfe.es\/index.php?rest_route=\/wp\/v2\/users\/1"}],"replies":[{"embeddable":true,"href":"https:\/\/miradordeatarfe.es\/index.php?rest_route=%2Fwp%2Fv2%2Fcomments&post=56550"}],"version-history":[{"count":1,"href":"https:\/\/miradordeatarfe.es\/index.php?rest_route=\/wp\/v2\/posts\/56550\/revisions"}],"predecessor-version":[{"id":56552,"href":"https:\/\/miradordeatarfe.es\/index.php?rest_route=\/wp\/v2\/posts\/56550\/revisions\/56552"}],"wp:featuredmedia":[{"embeddable":true,"href":"https:\/\/miradordeatarfe.es\/index.php?rest_route=\/wp\/v2\/media\/56551"}],"wp:attachment":[{"href":"https:\/\/miradordeatarfe.es\/index.php?rest_route=%2Fwp%2Fv2%2Fmedia&parent=56550"}],"wp:term":[{"taxonomy":"category","embeddable":true,"href":"https:\/\/miradordeatarfe.es\/index.php?rest_route=%2Fwp%2Fv2%2Fcategories&post=56550"},{"taxonomy":"post_tag","embeddable":true,"href":"https:\/\/miradordeatarfe.es\/index.php?rest_route=%2Fwp%2Fv2%2Ftags&post=56550"}],"curies":[{"name":"wp","href":"https:\/\/api.w.org\/{rel}","templated":true}]}}