{"id":56587,"date":"2022-10-12T09:41:58","date_gmt":"2022-10-12T07:41:58","guid":{"rendered":"https:\/\/miradordeatarfe.es\/?p=56587"},"modified":"2022-10-12T11:32:59","modified_gmt":"2022-10-12T09:32:59","slug":"nueva-ayuda-de-100-euros-para-las-madres-a-quien-afecta-el-cambio-de-la-seguridad-social","status":"publish","type":"post","link":"https:\/\/miradordeatarfe.es\/?p=56587","title":{"rendered":"Nueva ayuda de 100 euros para las madres: a qui\u00e9n afecta el cambio de la Seguridad Social"},"content":{"rendered":"<div class=\"voc-article-container\">\n<article class=\"voc-article voc-article--detail voc-article--detail--base voc-article--photo-bottom\">\n<div class=\"voc-info-container\">\n<h2 class=\"voc-sub-title\" style=\"text-align: justify;\">La medida a\u00fan tendr\u00e1 que esperar a que la Ley de familias sea aprobada<\/h2>\n<\/div>\n<\/article>\n<\/div>\n<div class=\"voc-detail\" data-voc-share-selection=\"\">\n<p class=\"voc-paragraph\" style=\"text-align: justify;\">Los<strong> Presupuestos Generales del Estado<\/strong> (PGE) fueron aprobados en la jornada de ayer, conllevando una serie de cambios que afectar\u00e1n a distintas ayudas sociales. Una de ellas es <strong>el complemento de la Seguridad Social a la maternidad,<\/strong> una ayuda de 100 euros que podr\u00e1n recibir aquellas familias que cumplan una serie de requisitos. Esta ayuda forma parte de los Presupuestos Generales del Estado para 2023, pero a\u00fan est\u00e1 pendiente de la aprobaci\u00f3n de la Ley de familias, primero en el Consejo de Ministros, y posteriormente, en el Congreso de los Diputados.<\/p>\n<p class=\"voc-paragraph\" style=\"text-align: justify;\">Cabe destacar que, una vez aprobada la Ley de familias, esta ayuda no ser\u00e1 universal. La extensi\u00f3n de la ayuda de 100 euros por hijo est\u00e1 destinada para madres con ni\u00f1os de entre 0 a 3 a\u00f1os que cumplan una serie de requisitos concretos. De acuerdo con el borrador elaborado para los Presupuestos Generales del Estado, ya se conocen los requisitos que deber\u00e1n cumplir aquellas madres que quieran disfrutar de la ayuda.<\/p>\n<div class=\"voc-detail__cmp voc-detail__cmp--title voc-detail__cmp--no-margin\" style=\"text-align: justify;\">\n<h3 class=\"voc-detail__title\">Requisitos para la ayuda por maternidad<\/h3>\n<\/div>\n<p class=\"voc-paragraph\" style=\"text-align: justify;\">A partir del 1 de enero de 2023, la petici\u00f3n de esta ayuda se ampl\u00eda a cualquier madre, est\u00e9 trabajando o no. Cabe destacar que, hasta ahora, la ayuda exist\u00eda \u00fanicamente para madres trabajadoras. Adem\u00e1s, es importante resaltar que esta ayuda <strong><em>se puede cobrar cada mes o incluirla como deducci\u00f3n en la declaraci\u00f3n del Impuesto a la Renta de las Personas F\u00edsicas (IRPF).<\/em><\/strong><\/p>\n<p class=\"voc-paragraph\" style=\"text-align: justify;\">Sin embargo, cuenta con una serie de condicionantes. Aparte de tener un <strong>hijo menos de tres a\u00f1os,<\/strong> la progenitora tiene que <em><strong>estar o haber estado inscrita en la Seguridad Social o en una mutualidad durante 30 d\u00edas o haber recibido una prestaci\u00f3n, contributiva o asistencial del sistema de protecci\u00f3n del desempleo.<\/strong> <\/em>As\u00ed pues, podr\u00e1n acceder a esta ayuda aquellas madres que cobren cualquier prestaci\u00f3n o subsidio por desempleo, aunque no tengan un trabajo asalariado.<\/p>\n<p class=\"voc-paragraph\" style=\"text-align: justify;\">En todo caso, cabe destacar que en el momento que la madre cotice 30 d\u00edas a la Seguridad Social, y el hijo o hija siga siendo menor de tres a\u00f1os, podr\u00e1 recibir esta prestaci\u00f3n y, adem\u00e1s, la tendr\u00e1 hasta un mes y medio despu\u00e9s de que el menor cumpla los tres a\u00f1os. De esta forma, \u00fanicamente quedar\u00edan fuera las madres que no trabajan ni cobran prestaci\u00f3n por desempleo. En caso de que la madre pierda el trabajo, seguir\u00e1 cobrando la prestaci\u00f3n hasta que el ni\u00f1o cumpla los 3 a\u00f1os de edad.<\/p>\n<div class=\"voc-detail__cmp voc-detail__cmp--title voc-detail__cmp--no-margin\" style=\"text-align: justify;\">\n<h3 class=\"voc-detail__title\">Las 3 formas de solicitar la ayuda<\/h3>\n<\/div>\n<p class=\"voc-paragraph\" style=\"text-align: justify;\">1.<strong> Telem\u00e1tica.<\/strong> Desde la Sede Electr\u00f3nica de la Agencia Tributaria a trav\u00e9s del N\u00famero de Identificaci\u00f3n Fiscal (NIF), DNI electr\u00f3nico o con un navegador con el certificado electr\u00f3nico instalado.<\/p>\n<p class=\"voc-paragraph\" style=\"text-align: justify;\">2. <strong>Por tel\u00e9fono, a trav\u00e9s del Centro de Atenci\u00f3n Telef\u00f3nica de la Agencia Tributaria (901 200 374),<\/strong> cuyo n\u00famero es gratuito. Ser\u00e1 necesario la informaci\u00f3n del NIF, el n\u00famero de cuenta, n\u00famero de afiliaci\u00f3n a la Seguridad Social o Mutualidad y los datos del registro civil.<\/p>\n<p class=\"voc-paragraph\" style=\"text-align: justify;\">3. <strong>Presencial<\/strong>. Podr\u00e1 hacerse desde cualquier Delegaci\u00f3n o Administraci\u00f3n de la Agencia Tributaria con el modelo 140 cubierto. Tambi\u00e9n se puede enviar por correo postal a la Agencia Estatal de Administraci\u00f3n Tributaria<\/p>\n<div class=\"voc-author-timesocial__signature\">\n<div class=\"voc-author-timesocial__info\">\n<div class=\"voc-author-info\" style=\"text-align: justify;\"><a class=\"voc-author\" title=\"D. CALLEJ\u00d3N\">D. CALLEJ\u00d3N <\/a><time datetime=\"2022-10-07T15:09:44Z\"> <\/time><\/div>\n<div>foto: el confidencial<\/div>\n<\/div>\n<\/div>\n<\/div>\n","protected":false},"excerpt":{"rendered":"<p>La medida a\u00fan tendr\u00e1 que esperar a que la Ley de familias sea aprobada Los&#8230;<\/p>\n","protected":false},"author":1,"featured_media":56635,"comment_status":"closed","ping_status":"closed","sticky":false,"template":"","format":"standard","meta":{"_coblocks_attr":"","_coblocks_dimensions":"","_coblocks_responsive_height":"","_coblocks_accordion_ie_support":"","jetpack_post_was_ever_published":false,"_jetpack_newsletter_access":"","_jetpack_dont_email_post_to_subs":false,"_jetpack_newsletter_tier_id":0,"_jetpack_memberships_contains_paywalled_content":false,"_jetpack_memberships_contains_paid_content":false,"footnotes":"","jetpack_publicize_message":"","jetpack_publicize_feature_enabled":true,"jetpack_social_post_already_shared":true,"jetpack_social_options":{"image_generator_settings":{"template":"highway","default_image_id":0,"enabled":false},"version":2}},"categories":[1161,14,44,7671,6937,15],"tags":[265],"class_list":["post-56587","post","type-post","status-publish","format-standard","has-post-thumbnail","hentry","category-ciudadania","category-feminismo","category-noticias-de-hoy","category-politica","category-sociedad","category-ultimas-noticias","tag-madres"],"jetpack_publicize_connections":[],"jetpack_featured_media_url":"https:\/\/i0.wp.com\/miradordeatarfe.es\/wp-content\/uploads\/2022\/10\/f.elconfidencial.com_original_669_0c3_6c1_6690c36c17e4b80623424ad421769086.jpg?fit=1200%2C900&ssl=1","jetpack_likes_enabled":true,"jetpack_sharing_enabled":true,"_links":{"self":[{"href":"https:\/\/miradordeatarfe.es\/index.php?rest_route=\/wp\/v2\/posts\/56587","targetHints":{"allow":["GET"]}}],"collection":[{"href":"https:\/\/miradordeatarfe.es\/index.php?rest_route=\/wp\/v2\/posts"}],"about":[{"href":"https:\/\/miradordeatarfe.es\/index.php?rest_route=\/wp\/v2\/types\/post"}],"author":[{"embeddable":true,"href":"https:\/\/miradordeatarfe.es\/index.php?rest_route=\/wp\/v2\/users\/1"}],"replies":[{"embeddable":true,"href":"https:\/\/miradordeatarfe.es\/index.php?rest_route=%2Fwp%2Fv2%2Fcomments&post=56587"}],"version-history":[{"count":3,"href":"https:\/\/miradordeatarfe.es\/index.php?rest_route=\/wp\/v2\/posts\/56587\/revisions"}],"predecessor-version":[{"id":56637,"href":"https:\/\/miradordeatarfe.es\/index.php?rest_route=\/wp\/v2\/posts\/56587\/revisions\/56637"}],"wp:featuredmedia":[{"embeddable":true,"href":"https:\/\/miradordeatarfe.es\/index.php?rest_route=\/wp\/v2\/media\/56635"}],"wp:attachment":[{"href":"https:\/\/miradordeatarfe.es\/index.php?rest_route=%2Fwp%2Fv2%2Fmedia&parent=56587"}],"wp:term":[{"taxonomy":"category","embeddable":true,"href":"https:\/\/miradordeatarfe.es\/index.php?rest_route=%2Fwp%2Fv2%2Fcategories&post=56587"},{"taxonomy":"post_tag","embeddable":true,"href":"https:\/\/miradordeatarfe.es\/index.php?rest_route=%2Fwp%2Fv2%2Ftags&post=56587"}],"curies":[{"name":"wp","href":"https:\/\/api.w.org\/{rel}","templated":true}]}}