{"id":56601,"date":"2022-10-11T11:41:44","date_gmt":"2022-10-11T09:41:44","guid":{"rendered":"https:\/\/miradordeatarfe.es\/?p=56601"},"modified":"2022-10-11T11:41:44","modified_gmt":"2022-10-11T09:41:44","slug":"el-coviran-cdu-atarfe-inicia-la-superliga-2-con-victoria-3-1","status":"publish","type":"post","link":"https:\/\/miradordeatarfe.es\/?p=56601","title":{"rendered":"El Coviran CDU Atarfe inicia la Superliga-2 con victoria, 3-1"},"content":{"rendered":"<div class=\"grid_9 alpha posts noticiabig\">\n<h2 style=\"text-align: justify;\">El conjunto metropolitano derrot\u00f3 en cuatro sets a la Fuensanta CV Pizarra<\/h2>\n<div class=\"meta mb autor\" style=\"text-align: justify;\">\u00a0<\/div>\n<div class=\"fotovertical\" style=\"text-align: justify;\"><a id=\"single_image\" title=\"Equipo del Covir\u00e1n CDU Atarfe (COVIR\u00c1N CDU ATARFE) \" href=\"https:\/\/i0.wp.com\/www.granadaenjuego.com\/ficheros\/202210\/imagen49717_0_original.jpg?ssl=1\"> <img data-recalc-dims=\"1\" decoding=\"async\" title=\"Equipo del Covir\u00e1n CDU Atarfe (COVIR\u00c1N CDU ATARFE) \" src=\"https:\/\/i0.wp.com\/www.granadaenjuego.com\/ficheros\/202210\/imagen49717_0_original.jpg?w=640&#038;ssl=1\" alt=\"Equipo del Covir\u00e1n CDU Atarfe (COVIR\u00c1N CDU ATARFE) \" \/> <\/a><\/p>\n<div class=\"piefotobig\"><i>Equipo del Covir\u00e1n CDU Atarfe (COVIR\u00c1N CDU ATARFE) <\/i><\/div>\n<\/div>\n<p style=\"text-align: justify;\">Comenzaron las atarfe\u00f1as muy concentradas y sin dar ninguna opci\u00f3n al rival. Los saques presionantes permit\u00edan puntuar con facilidad.<\/p>\n<p style=\"text-align: justify;\">El primer y segundo set tuvieron una alta intensidad por parte de las chicas del Covir\u00e1n CDU Atarfe.<\/p>\n<p style=\"text-align: justify;\">El tercer set tuvo a unas jugadoras malague\u00f1as m\u00e1s entonadas y a unas jugadoras Granadinas algo relajadas lo cual permiti\u00f3 a las visitantes hacerse con el tercer set.<\/p>\n<p style=\"text-align: justify;\">En el cuarto y \u00faltimo set, las jugadoras del CDU Atarfe volvieron a ser lo incisivas que fueron en los primeros sets y sin complicaciones se hicieron con el cuarto y \u00faltimo set para cerrar el partido.<\/p>\n<p style=\"text-align: justify;\">Victoria importante para comenzar la temporada en l\u00ednea positiva para afrontar los pr\u00f3ximos partidos<\/p>\n<h1 class=\"voc-title\" style=\"text-align: justify;\">El Covir\u00e1n Atarfe y el Universidad se imponen el Memorial Jes\u00fas Moch\u00f3n<\/h1>\n<div class=\"limpia\" style=\"text-align: justify;\">La III Copa Granada &#8216;Memorial Jes\u00fas M. Moch\u00f3n Cano&#8217; de voleibol se desarroll\u00f3 tanto en categor\u00eda masculina como femenina, como antesala de inicio de la temporada 2022\/23.<\/div>\n<div style=\"text-align: justify;\">\u00a0<\/div>\n<div class=\"limpia\" style=\"text-align: justify;\">En el pabell\u00f3n municipal de G\u00f3jar se disput\u00f3 el trofeo de chicos entre los equipos del CD Universidad de Granada y el CDV Torre\u00f3n Albolote.<\/div>\n<div style=\"text-align: justify;\">\u00a0<\/div>\n<div class=\"limpia\" style=\"text-align: justify;\">Ganaron los universitarios por 3-1 (25-14, 24-26, 25-22 y 25-11).<\/div>\n<div style=\"text-align: justify;\">\u00a0<\/div>\n<div class=\"limpia\" style=\"text-align: justify;\">La competici\u00f3n femenina se desarroll\u00f3 en el pabell\u00f3n del Complejo Deportivo de La Chana.<\/div>\n<div style=\"text-align: justify;\">\u00a0<\/div>\n<div class=\"limpia\" style=\"text-align: justify;\">Se enfrentaron en la final el Club Voleibol G\u00f3jar y el Covir\u00e1n CDU Atarfe. Se llev\u00f3 el t\u00edtulo el equipo atarfe\u00f1o al ganar por 3-1 (25-16, 25-20, 20-25 y 26-24).<\/div>\n<div class=\"posts_block mb clearfix\" style=\"text-align: justify;\">\n<div class=\"title colordefault\">\n<div class=\"titulo\">\u00a0<\/div>\n<\/div>\n<div class=\"grid_6 alpha\">\u00a0<\/div>\n<\/div>\n<\/div>\n<div class=\"grid_3 omega posts\">\n<div class=\"widget\" style=\"text-align: justify;\">\u00a0<\/div>\n<\/div>\n","protected":false},"excerpt":{"rendered":"<p>El conjunto metropolitano derrot\u00f3 en cuatro sets a la Fuensanta CV Pizarra \u00a0 Equipo del&#8230;<\/p>\n","protected":false},"author":1,"featured_media":56602,"comment_status":"closed","ping_status":"closed","sticky":false,"template":"","format":"standard","meta":{"_coblocks_attr":"","_coblocks_dimensions":"","_coblocks_responsive_height":"","_coblocks_accordion_ie_support":"","jetpack_post_was_ever_published":false,"_jetpack_newsletter_access":"","_jetpack_dont_email_post_to_subs":false,"_jetpack_newsletter_tier_id":0,"_jetpack_memberships_contains_paywalled_content":false,"_jetpack_memberships_contains_paid_content":false,"footnotes":"","jetpack_publicize_message":"","jetpack_publicize_feature_enabled":true,"jetpack_social_post_already_shared":true,"jetpack_social_options":{"image_generator_settings":{"template":"highway","default_image_id":0,"enabled":false},"version":2}},"categories":[2,1161,182,44,15],"tags":[123,9619],"class_list":["post-56601","post","type-post","status-publish","format-standard","has-post-thumbnail","hentry","category-atarfe","category-ciudadania","category-deportes","category-noticias-de-hoy","category-ultimas-noticias","tag-deportes","tag-vcoleibol-atarfe"],"jetpack_publicize_connections":[],"jetpack_featured_media_url":"https:\/\/i0.wp.com\/miradordeatarfe.es\/wp-content\/uploads\/2022\/10\/Voleibol.jpg?fit=1298%2C675&ssl=1","jetpack_likes_enabled":true,"jetpack_sharing_enabled":true,"_links":{"self":[{"href":"https:\/\/miradordeatarfe.es\/index.php?rest_route=\/wp\/v2\/posts\/56601","targetHints":{"allow":["GET"]}}],"collection":[{"href":"https:\/\/miradordeatarfe.es\/index.php?rest_route=\/wp\/v2\/posts"}],"about":[{"href":"https:\/\/miradordeatarfe.es\/index.php?rest_route=\/wp\/v2\/types\/post"}],"author":[{"embeddable":true,"href":"https:\/\/miradordeatarfe.es\/index.php?rest_route=\/wp\/v2\/users\/1"}],"replies":[{"embeddable":true,"href":"https:\/\/miradordeatarfe.es\/index.php?rest_route=%2Fwp%2Fv2%2Fcomments&post=56601"}],"version-history":[{"count":2,"href":"https:\/\/miradordeatarfe.es\/index.php?rest_route=\/wp\/v2\/posts\/56601\/revisions"}],"predecessor-version":[{"id":56604,"href":"https:\/\/miradordeatarfe.es\/index.php?rest_route=\/wp\/v2\/posts\/56601\/revisions\/56604"}],"wp:featuredmedia":[{"embeddable":true,"href":"https:\/\/miradordeatarfe.es\/index.php?rest_route=\/wp\/v2\/media\/56602"}],"wp:attachment":[{"href":"https:\/\/miradordeatarfe.es\/index.php?rest_route=%2Fwp%2Fv2%2Fmedia&parent=56601"}],"wp:term":[{"taxonomy":"category","embeddable":true,"href":"https:\/\/miradordeatarfe.es\/index.php?rest_route=%2Fwp%2Fv2%2Fcategories&post=56601"},{"taxonomy":"post_tag","embeddable":true,"href":"https:\/\/miradordeatarfe.es\/index.php?rest_route=%2Fwp%2Fv2%2Ftags&post=56601"}],"curies":[{"name":"wp","href":"https:\/\/api.w.org\/{rel}","templated":true}]}}