{"id":56652,"date":"2022-10-15T11:00:20","date_gmt":"2022-10-15T09:00:20","guid":{"rendered":"https:\/\/miradordeatarfe.es\/?p=56652"},"modified":"2022-10-13T14:30:44","modified_gmt":"2022-10-13T12:30:44","slug":"atarfe-tributo-a-serrat-y-sabina","status":"publish","type":"post","link":"https:\/\/miradordeatarfe.es\/?p=56652","title":{"rendered":"ATARFE: TRIBUTO A SERRAT Y SABINA"},"content":{"rendered":"<div class=\"xdj266r x11i5rnm xat24cr x1mh8g0r x1vvkbs x126k92a\">\n<h3 dir=\"auto\">\u00abDos p\u00e1jaros al vuelo\u00bb, el gran tributo a Joaqu\u00edn Sabina y Joan Manuel Serrat, aterrizar\u00e1, el pr\u00f3ximo 19 de noviembre, en el Centro Cultural Medina Elvira.<\/h3>\n<div dir=\"auto\">\u00a0<\/div>\n<div dir=\"auto\">Toni Carlos y Jan Cruz estar\u00e1n acompa\u00f1ados por la Big Band de Atarfe integrada por dieciocho m\u00fasicos y dos coristas que har\u00e1n de este d\u00eda una noche para el recuerdo. \u00bfTe lo vas a perder?<\/div>\n<\/div>\n<div class=\"x11i5rnm xat24cr x1mh8g0r x1vvkbs xtlvy1s x126k92a\">\n<div dir=\"auto\">Fecha: 19 de noviembre de 2022<\/div>\n<div dir=\"auto\">Hora: 20:00h.<\/div>\n<div dir=\"auto\">Lugar: Centro Cultural Medina Elvira (Atarfe)<\/div>\n<\/div>\n<div class=\"x11i5rnm xat24cr x1mh8g0r x1vvkbs xtlvy1s x126k92a\">\n<div dir=\"auto\">Venta de entradas: Taquilla del Centro Cultural Medina Elvira y en <a class=\"x1i10hfl xjbqb8w x6umtig x1b1mbwd xaqea5y xav7gou x9f619 x1ypdohk xt0psk2 xe8uvvx xdj266r x11i5rnm xat24cr x1mh8g0r xexx8yu x4uap5 x18d9i69 xkhd6sd x16tdsg8 x1hl2dhg xggy1nq x1a2a7pz xt0b8zv x1fey0fg\" tabindex=\"0\" role=\"link\" href=\"http:\/\/www.giglon.com\/?fbclid=IwAR3QXIzi9HWBuyUMn5MaXVZdKLVI0Pjv5EvaNdpXYiFXeEKGLV5gqScnO-g\" target=\"_blank\" rel=\"nofollow noopener\">www.giglon.com<\/a><\/div>\n<\/div>\n<div dir=\"auto\">\n<p class=\"p_1\">\u00abLo que me da rabia es que yo tengo que impostar mucho la voz para que suene a Sabina. A Ernest la de Serrat le sale sola, y va a cobrar lo mismo\u00bb, bromea Jan Cruz. El cantante de Vallmoll y Ernest Bertran, de Valls, han recreado la m\u00edtica gira Dos p\u00e1jaros de un tiro que Joaqu\u00edn Sabina y Joan Manuel Serrat realizaron en 2017. Ellos han denominado al espect\u00e1culo Dos p\u00e1jaros al vuelo y lo presentan esta noche en el polideportivo municipal de Roda de Ber\u00e0. La entradas est\u00e1n agotadas desde hace d\u00edas.<\/p>\n<p class=\"p_2\">A Cruz, que lleva ocho a\u00f1os interpretando a Sabina, se le ocurri\u00f3 la idea de montar este tributo cuando le hablaron del \u00abcolor de voz\u00bb de Ernest Bertran, el cantante del grupo La Tieta Clara, que lleva m\u00e1s de 50 a\u00f1os soportando que le digan que su voz es id\u00e9ntica a la del cantautor de Poble Sec. \u00abPusimos una base para probar, y fue perfecto desde el primer momento. Entr\u00e1bamos justo cuando tocaba, nos metimos en el personaje en seguida. Adem\u00e1s, nos lo pasamos muy bien ensayando. Un gustazo\u00bb, afirma Bertran.<\/p>\n<p class=\"p_3\">El plan ya estaba en marcha: junto con La banda tributaria, formada por miembros de La Big Band de Tarragona y liderada por Paco Mart\u00edn, montar una gira tributo exacta a la realizada por Sabina y Serrat. Las mismas canciones, las mismas coreograf\u00edas, la misma iluminaci\u00f3n y vestuario. Hasta r\u00e9plicas de los taburetes que los artistas utilizaban en el escenario.<\/p>\n<div id=\"traffective-ad-Content_2\" class=\"Content_2\"><a href=\"https:\/\/i0.wp.com\/miradordeatarfe.es\/wp-content\/uploads\/2022\/10\/301516777_511298807663498_3337701716928737272_n.jpg?ssl=1\"><img data-recalc-dims=\"1\" loading=\"lazy\" decoding=\"async\" class=\"alignnone wp-image-56653 \" src=\"https:\/\/i0.wp.com\/miradordeatarfe.es\/wp-content\/uploads\/2022\/10\/301516777_511298807663498_3337701716928737272_n.jpg?resize=640%2C905&#038;ssl=1\" alt=\"\" width=\"640\" height=\"905\" srcset=\"https:\/\/i0.wp.com\/miradordeatarfe.es\/wp-content\/uploads\/2022\/10\/301516777_511298807663498_3337701716928737272_n.jpg?w=509&amp;ssl=1 509w, https:\/\/i0.wp.com\/miradordeatarfe.es\/wp-content\/uploads\/2022\/10\/301516777_511298807663498_3337701716928737272_n.jpg?resize=212%2C300&amp;ssl=1 212w\" sizes=\"auto, (max-width: 640px) 100vw, 640px\" \/><\/a><\/div>\n<div>FOTO: <span class=\"cutline-text\">Jan Cruz (izquierda) interpreta a Sabina y Ernest Bertran (derecha) har\u00e1 la voz de Serrat. foto: \u00c0ngel ullate<\/span><\/div>\n<\/div>\n","protected":false},"excerpt":{"rendered":"<p>\u00abDos p\u00e1jaros al vuelo\u00bb, el gran tributo a Joaqu\u00edn Sabina y Joan Manuel Serrat, aterrizar\u00e1,&#8230;<\/p>\n","protected":false},"author":1,"featured_media":56654,"comment_status":"closed","ping_status":"closed","sticky":false,"template":"","format":"standard","meta":{"_coblocks_attr":"","_coblocks_dimensions":"","_coblocks_responsive_height":"","_coblocks_accordion_ie_support":"","jetpack_post_was_ever_published":false,"_jetpack_newsletter_access":"","_jetpack_dont_email_post_to_subs":false,"_jetpack_newsletter_tier_id":0,"_jetpack_memberships_contains_paywalled_content":false,"_jetpack_memberships_contains_paid_content":false,"footnotes":"","jetpack_publicize_message":"","jetpack_publicize_feature_enabled":true,"jetpack_social_post_already_shared":true,"jetpack_social_options":{"image_generator_settings":{"template":"highway","default_image_id":0,"enabled":false},"version":2}},"categories":[2,12,6916,1161,186,44,15],"tags":[9624,9625],"class_list":["post-56652","post","type-post","status-publish","format-standard","has-post-thumbnail","hentry","category-atarfe","category-cultura","category-ayuntamiento-de-atarfe","category-ciudadania","category-instituciones","category-noticias-de-hoy","category-ultimas-noticias","tag-serrat-y-sabina","tag-tributo"],"jetpack_publicize_connections":[],"jetpack_featured_media_url":"https:\/\/i0.wp.com\/miradordeatarfe.es\/wp-content\/uploads\/2022\/10\/119888_crop1645257219892_DT202202190013_MG36639326.jpg?fit=1024%2C600&ssl=1","jetpack_likes_enabled":true,"jetpack_sharing_enabled":true,"_links":{"self":[{"href":"https:\/\/miradordeatarfe.es\/index.php?rest_route=\/wp\/v2\/posts\/56652","targetHints":{"allow":["GET"]}}],"collection":[{"href":"https:\/\/miradordeatarfe.es\/index.php?rest_route=\/wp\/v2\/posts"}],"about":[{"href":"https:\/\/miradordeatarfe.es\/index.php?rest_route=\/wp\/v2\/types\/post"}],"author":[{"embeddable":true,"href":"https:\/\/miradordeatarfe.es\/index.php?rest_route=\/wp\/v2\/users\/1"}],"replies":[{"embeddable":true,"href":"https:\/\/miradordeatarfe.es\/index.php?rest_route=%2Fwp%2Fv2%2Fcomments&post=56652"}],"version-history":[{"count":2,"href":"https:\/\/miradordeatarfe.es\/index.php?rest_route=\/wp\/v2\/posts\/56652\/revisions"}],"predecessor-version":[{"id":56656,"href":"https:\/\/miradordeatarfe.es\/index.php?rest_route=\/wp\/v2\/posts\/56652\/revisions\/56656"}],"wp:featuredmedia":[{"embeddable":true,"href":"https:\/\/miradordeatarfe.es\/index.php?rest_route=\/wp\/v2\/media\/56654"}],"wp:attachment":[{"href":"https:\/\/miradordeatarfe.es\/index.php?rest_route=%2Fwp%2Fv2%2Fmedia&parent=56652"}],"wp:term":[{"taxonomy":"category","embeddable":true,"href":"https:\/\/miradordeatarfe.es\/index.php?rest_route=%2Fwp%2Fv2%2Fcategories&post=56652"},{"taxonomy":"post_tag","embeddable":true,"href":"https:\/\/miradordeatarfe.es\/index.php?rest_route=%2Fwp%2Fv2%2Ftags&post=56652"}],"curies":[{"name":"wp","href":"https:\/\/api.w.org\/{rel}","templated":true}]}}