{"id":5666,"date":"2015-12-29T08:05:19","date_gmt":"2015-12-29T08:05:19","guid":{"rendered":"http:\/\/miradordeatarfe.es\/?p=5666"},"modified":"2015-12-28T20:10:10","modified_gmt":"2015-12-28T20:10:10","slug":"gambia-prohibe-la-mutilacion-genital-femenina","status":"publish","type":"post","link":"https:\/\/miradordeatarfe.es\/?p=5666","title":{"rendered":"Gambia Proh\u00edbe La Mutilaci\u00f3n Genital Femenina"},"content":{"rendered":"<p>La mutilaci\u00f3n genital femenina (MGF) es una dolorosa pr\u00e1ctica en donde los labios de la vagina de las mujeres y\/o el cl\u00edtoris se corta, generalmente con un cuchillo o navaja.<!--more--><\/p>\n<p>Hay veces en que la vagina se cose hasta el d\u00eda de la boda de la chica. Esta cruel tradici\u00f3n puede causar hemorragia prolongada, infecci\u00f3n, infertilidad e incluso muerte, adem\u00e1s de un gran trauma emocional y psicol\u00f3gico.<\/p>\n<p>Lamentablemente muchos pa\u00edses de \u00c1frica y Medio Oriente se ven afectados por esta pr\u00e1ctica a pesar de que se haya eliminado en muchos de ellos, pero la gente lo hace todav\u00eda por presi\u00f3n social. Afortunadamente este 2015 Gambia decidi\u00f3 prohibirlo, el presidente Yahya Jammeh tom\u00f3 la gran decisi\u00f3n y todo el mundo est\u00e1 celebrando. Este video es una campa\u00f1a de UNICEF para combatir el problema y nos muestra una impactante situaci\u00f3n.<\/p>\n<p>https:\/\/youtu.be\/TS5Z_2vumLA<\/p>\n","protected":false},"excerpt":{"rendered":"<p>La mutilaci\u00f3n genital femenina (MGF) es una dolorosa pr\u00e1ctica en donde los labios de la&#8230;<\/p>\n","protected":false},"author":1,"featured_media":5667,"comment_status":"closed","ping_status":"closed","sticky":false,"template":"","format":"standard","meta":{"_coblocks_attr":"","_coblocks_dimensions":"","_coblocks_responsive_height":"","_coblocks_accordion_ie_support":"","jetpack_post_was_ever_published":false,"_jetpack_newsletter_access":"","_jetpack_dont_email_post_to_subs":false,"_jetpack_newsletter_tier_id":0,"_jetpack_memberships_contains_paywalled_content":false,"_jetpack_memberships_contains_paid_content":false,"footnotes":"","jetpack_publicize_message":"","jetpack_publicize_feature_enabled":true,"jetpack_social_post_already_shared":false,"jetpack_social_options":{"image_generator_settings":{"template":"highway","default_image_id":0,"enabled":false},"version":2}},"categories":[14,186,44,15],"tags":[1907,19,1906],"class_list":["post-5666","post","type-post","status-publish","format-standard","has-post-thumbnail","hentry","category-feminismo","category-instituciones","category-noticias-de-hoy","category-ultimas-noticias","tag-clitoris","tag-mujeres","tag-mutilacion"],"jetpack_publicize_connections":[],"jetpack_featured_media_url":"https:\/\/i0.wp.com\/miradordeatarfe.es\/wp-content\/uploads\/2015\/12\/1.jpeg?fit=293%2C172&ssl=1","jetpack_likes_enabled":true,"jetpack_sharing_enabled":true,"_links":{"self":[{"href":"https:\/\/miradordeatarfe.es\/index.php?rest_route=\/wp\/v2\/posts\/5666","targetHints":{"allow":["GET"]}}],"collection":[{"href":"https:\/\/miradordeatarfe.es\/index.php?rest_route=\/wp\/v2\/posts"}],"about":[{"href":"https:\/\/miradordeatarfe.es\/index.php?rest_route=\/wp\/v2\/types\/post"}],"author":[{"embeddable":true,"href":"https:\/\/miradordeatarfe.es\/index.php?rest_route=\/wp\/v2\/users\/1"}],"replies":[{"embeddable":true,"href":"https:\/\/miradordeatarfe.es\/index.php?rest_route=%2Fwp%2Fv2%2Fcomments&post=5666"}],"version-history":[{"count":1,"href":"https:\/\/miradordeatarfe.es\/index.php?rest_route=\/wp\/v2\/posts\/5666\/revisions"}],"predecessor-version":[{"id":5668,"href":"https:\/\/miradordeatarfe.es\/index.php?rest_route=\/wp\/v2\/posts\/5666\/revisions\/5668"}],"wp:featuredmedia":[{"embeddable":true,"href":"https:\/\/miradordeatarfe.es\/index.php?rest_route=\/wp\/v2\/media\/5667"}],"wp:attachment":[{"href":"https:\/\/miradordeatarfe.es\/index.php?rest_route=%2Fwp%2Fv2%2Fmedia&parent=5666"}],"wp:term":[{"taxonomy":"category","embeddable":true,"href":"https:\/\/miradordeatarfe.es\/index.php?rest_route=%2Fwp%2Fv2%2Fcategories&post=5666"},{"taxonomy":"post_tag","embeddable":true,"href":"https:\/\/miradordeatarfe.es\/index.php?rest_route=%2Fwp%2Fv2%2Ftags&post=5666"}],"curies":[{"name":"wp","href":"https:\/\/api.w.org\/{rel}","templated":true}]}}