{"id":56674,"date":"2022-10-22T10:00:12","date_gmt":"2022-10-22T08:00:12","guid":{"rendered":"https:\/\/miradordeatarfe.es\/?p=56674"},"modified":"2022-10-13T19:36:07","modified_gmt":"2022-10-13T17:36:07","slug":"fatima-rodriguez-recuerdame-y-vivire-para-siempre","status":"publish","type":"post","link":"https:\/\/miradordeatarfe.es\/?p=56674","title":{"rendered":"F\u00e1tima Rodr\u00edguez: \u00abRecu\u00e9rdame y vivir\u00e9 para siempre\u00bb"},"content":{"rendered":"<h3 class=\"below-entry-meta\">Esa frase que se te viene a la mente cuando has visto la pel\u00edcula <strong><em>Coco<\/em>\u00a0<\/strong>de Disney Pixar. En la pel\u00edcula, <em>Coco<\/em>\u00a0toma con imaginaci\u00f3n y respeto la rica cultura mejicana sobre el culto a los muertos<b>,<\/b> trabajando emociones como el duelo y la muerte en ternura y reflexi\u00f3n delicada y sencilla al recuerdo y al olvido. \u00abSi se acuerdan de ti, todav\u00eda vives\u00bb, escuchamos en los di\u00e1logos del filme.<span id=\"more-64157\"><\/span><\/h3>\n<div class=\"entry-content clearfix\">\n<p align=\"JUSTIFY\">El pueblo mejicano rinde un homenaje precioso a los seres queridos que ya no est\u00e1n. Flores, velas, comida favorita, objetos preciados, banderines de colores\u2026 son elementos que incluyen en un altar que preparan para ese d\u00eda junto a fotograf\u00edas de las personas que no quieren olvidar.<\/p>\n<p align=\"JUSTIFY\">En nuestro pa\u00eds, este d\u00eda lo celebramos de forma muy diferente y vivimos el duelo y la muerte tambi\u00e9n de forma distinta.<\/p>\n<p align=\"JUSTIFY\">Por ello, preparando la nueva festividad de<strong> Halloween<\/strong> que ha venido para quedarse y que quer\u00edamos enlazarlo con <strong>nuestro proyecto de M\u00e9jico<\/strong>, decidimos unir ambos temas y trabajar el duelo y la muerte con nuestros peques desde el recuerdo, la alegr\u00eda y el respeto.<\/p>\n<p align=\"JUSTIFY\">Decidimos montar nuestro propio altar para realizar las ofrendas a los que ya no est\u00e1n. Adem\u00e1s de conocer con el costumbres y tradiciones mejicanas, como he comentado, aprovechamos esta oportunidad para sumergirnos en la gesti\u00f3n del dolor y del duelo ante la p\u00e9rdida de un ser querido, vivi\u00e9ndolo como lo viven nuestros paisanos, desde la alegr\u00eda y el amor.<\/p>\n<p align=\"JUSTIFY\"><a href=\"https:\/\/i0.wp.com\/miradordeatarfe.es\/wp-content\/uploads\/2022\/10\/Preparando-el-altar.jpg?ssl=1\"><img data-recalc-dims=\"1\" loading=\"lazy\" decoding=\"async\" class=\"wp-image-56675 size-full alignleft\" src=\"https:\/\/i0.wp.com\/miradordeatarfe.es\/wp-content\/uploads\/2022\/10\/Preparando-el-altar.jpg?resize=624%2C443&#038;ssl=1\" alt=\"\" width=\"624\" height=\"443\" srcset=\"https:\/\/i0.wp.com\/miradordeatarfe.es\/wp-content\/uploads\/2022\/10\/Preparando-el-altar.jpg?w=624&amp;ssl=1 624w, https:\/\/i0.wp.com\/miradordeatarfe.es\/wp-content\/uploads\/2022\/10\/Preparando-el-altar.jpg?resize=300%2C213&amp;ssl=1 300w\" sizes=\"auto, (max-width: 624px) 100vw, 624px\" \/><\/a><\/p>\n<figure id=\"attachment_64158\" class=\"wp-caption aligncenter\" aria-describedby=\"caption-attachment-64158\"><figcaption id=\"caption-attachment-64158\" class=\"wp-caption-text\"><em><strong>Preparando el altar<\/strong><\/em><\/figcaption><\/figure>\n<p align=\"JUSTIFY\">En nuestra sociedad, el concepto de muerte sigue siendo un tema muy tab\u00fa, del que evitamos hablar en muchas ocasiones, sobre todo a los m\u00e1s peque\u00f1os.<\/p>\n<p align=\"JUSTIFY\">A la vez, vivimos un ritmo fren\u00e9tico, activo a m\u00e1s no poder, donde muchas veces no nos permitimos el tiempo necesario para vivir un duelo y poder superarlo positivamente.<\/p>\n<p align=\"JUSTIFY\">De aqu\u00ed partimos a otro concepto muy necesario de trabajar tanto en las aulas como en casa, como es la aceptaci\u00f3n de las emociones y a saber gestionarlas.<\/p>\n<p align=\"JUSTIFY\">Sabemos que hay diferentes maneras de vivir y entender el concepto de muerte, tenemos el ejemplo de c\u00f3mo se vive en pa\u00edses como M\u00e9jico, pero independientemente de si se entiende como algo m\u00e1s positivo o no, lo que tenemos claro es que hablar de este tema y trabajarlo, es imprescindible.<\/p>\n<p align=\"JUSTIFY\">Al principio dudaba por la opini\u00f3n de las familias al querer introducir este tema en el aula, despu\u00e9s me alegr\u00e9 de haber continuado con ello, ya que muchas familias agradecieron el trabajo que hab\u00eda detr\u00e1s de todo esto, pues hab\u00edan tenido situaciones complicadas que no hab\u00edan sabido explicar a sus hijos\/as, o tal vez, no se hab\u00eda hablado del tema, y con lo trabajado en el aula, todo hab\u00eda fluido, se hab\u00eda normalizado hablar con una sonrisa de esa persona o mascota, hab\u00edan desaparecido sombras y mutismos\u2026 se hab\u00edan reconfortado.<\/p>\n<p align=\"JUSTIFY\">Pedimos que trajesen al cole im\u00e1genes de sus seres queridos: personas, mascotas\u2026 que se hubiesen ido.<\/p>\n<figure id=\"attachment_64159\" class=\"wp-caption alignright\" aria-describedby=\"caption-attachment-64159\"><img data-recalc-dims=\"1\" loading=\"lazy\" decoding=\"async\" class=\"size-full wp-image-64159\" src=\"https:\/\/i0.wp.com\/static-ms.ideal.es\/wp-content\/uploads\/sites\/17\/2022\/10\/Recuerdame-y-vivire-para-siempre.jpg?resize=624%2C443&#038;ssl=1\" sizes=\"auto, (max-width: 624px) 100vw, 624px\" srcset=\"\/\/static-ms.ideal.es\/wp-content\/uploads\/sites\/17\/2022\/10\/Recuerdame-y-vivire-para-siempre.jpg 624w, \/\/static-ms.ideal.es\/wp-content\/uploads\/sites\/17\/2022\/10\/Recuerdame-y-vivire-para-siempre-300x213.jpg 300w\" alt=\"\" width=\"624\" height=\"443\" \/><figcaption id=\"caption-attachment-64159\" class=\"wp-caption-text\"><em><strong>Recu\u00e9rdame y vivir\u00e9 para siempre<\/strong><\/em><\/figcaption><\/figure>\n<p align=\"JUSTIFY\">Al d\u00eda siguiente comenzaron a llegar fotograf\u00edas, al principio les costaba hablar del protagonista de su imagen, pero el vernos felices preguntando por su comida favorita, a qu\u00e9 le gustaba jugar, si hab\u00edan paseado juntos, c\u00f3mo se sent\u00edan\u2026 les hac\u00eda sentirse bien. Realiz\u00e1bamos ronda de preguntas, las cuales siempre nos sacaban una sonrisa. Si la fotograf\u00eda era de una mascota, las preguntas eran s\u00faper divertidas: \u201c\u00bfEn qu\u00e9 alebrije se habr\u00e1 convertido?, \u00bfSer\u00e1 travieso o tranquilo? \u00bfDe qu\u00e9 colores ser\u00e1 su cuerpo?\u201d \u2026 o\u2026 \u201cSeguro que mi gatito y tu perro se han conocido all\u00ed arriba, menuda estar\u00e1n liando\u201d<\/p>\n<p align=\"JUSTIFY\">Despu\u00e9s nos acerc\u00e1bamos al altar y coloc\u00e1bamos su fotograf\u00eda en \u00e9l.<\/p>\n<p align=\"JUSTIFY\">Era enternecedor y maravilloso el verlos mirando cada foto, cada detalle que tra\u00edan, c\u00f3mo se buscaban los unos a los otros para interesarse y sobre lo que bien que ten\u00edan que estar pas\u00e1ndoselo ahora. C\u00f3mo se desahogaban y liberaban tensiones de forma natural y relajada.<\/p>\n<p align=\"JUSTIFY\">La muerte forma parte de la vida, y as\u00ed debemos hac\u00e9rselo comprender, aunque con tacto y de la manera menos dolorosa posible. Si optamos por dejarles vivir en una burbuja, ajenos al dolor y a la adversidad, no estaremos ayudando a los peques.<\/p>\n<figure id=\"attachment_64160\" class=\"wp-caption aligncenter\" aria-describedby=\"caption-attachment-64160\"><img data-recalc-dims=\"1\" loading=\"lazy\" decoding=\"async\" class=\"size-full wp-image-64160\" src=\"https:\/\/i0.wp.com\/static-ms.ideal.es\/wp-content\/uploads\/sites\/17\/2022\/10\/Trabajando-el-duelo-y-lamuerte.jpg?resize=624%2C468&#038;ssl=1\" sizes=\"auto, (max-width: 624px) 100vw, 624px\" srcset=\"\/\/static-ms.ideal.es\/wp-content\/uploads\/sites\/17\/2022\/10\/Trabajando-el-duelo-y-lamuerte.jpg 624w, \/\/static-ms.ideal.es\/wp-content\/uploads\/sites\/17\/2022\/10\/Trabajando-el-duelo-y-lamuerte-300x225.jpg 300w\" alt=\"\" width=\"624\" height=\"468\" \/><figcaption id=\"caption-attachment-64160\" class=\"wp-caption-text\"><em><strong>Trabajando el duelo y la muerte<\/strong><\/em><\/figcaption><\/figure>\n<p align=\"JUSTIFY\">Esta ha sido una de las experiencias m\u00e1s cercanas, emp\u00e1ticas, emocionales y satisfactorias que hemos realizado en el aula.<\/p>\n<p align=\"JUSTIFY\">Gracias a las familias por formar parte de ella.<\/p>\n<p align=\"JUSTIFY\"><img data-recalc-dims=\"1\" loading=\"lazy\" decoding=\"async\" class=\"alignright wp-image-62847\" src=\"https:\/\/i0.wp.com\/static-ms.ideal.es\/wp-content\/uploads\/sites\/17\/2022\/08\/Fatima-Rodriguez-Martin.jpg?resize=186%2C248&#038;ssl=1\" alt=\"\" width=\"186\" height=\"248\" \/><\/p>\n<p align=\"RIGHT\">Ver m\u00e1s art\u00edculos de<\/p>\n<p align=\"RIGHT\"><strong><a href=\"https:\/\/en-clase.ideal.es\/?s=F%C3%A1tima+Rodr%C3%ADguez\" target=\"_blank\" rel=\"noopener\">F\u00e1tima Rodr\u00edguez Mart\u00edn<\/a>,<\/strong><br \/>\nmaestra de educaci\u00f3n infantil, apasionada del ABP &amp; ABJ.<br \/>\nFormadora en Desig d\u2019aprendre de ABP.<br \/>\nCreadora de recursos y de aventuras. Bloguera educativa.<br \/>\nNominada premios educa Abanca 2022. Cree en la magia.<\/p>\n<p align=\"RIGHT\">@maestrafati<br \/>\n@lospequesdelvelazquez<\/p>\n<\/div>\n","protected":false},"excerpt":{"rendered":"<p>Esa frase que se te viene a la mente cuando has visto la pel\u00edcula Coco\u00a0de&#8230;<\/p>\n","protected":false},"author":1,"featured_media":56676,"comment_status":"closed","ping_status":"closed","sticky":false,"template":"","format":"standard","meta":{"_coblocks_attr":"","_coblocks_dimensions":"","_coblocks_responsive_height":"","_coblocks_accordion_ie_support":"","jetpack_post_was_ever_published":false,"_jetpack_newsletter_access":"","_jetpack_dont_email_post_to_subs":false,"_jetpack_newsletter_tier_id":0,"_jetpack_memberships_contains_paywalled_content":false,"_jetpack_memberships_contains_paid_content":false,"footnotes":"","jetpack_publicize_message":"","jetpack_publicize_feature_enabled":true,"jetpack_social_post_already_shared":true,"jetpack_social_options":{"image_generator_settings":{"template":"highway","default_image_id":0,"enabled":false},"version":2}},"categories":[2,187,1161,44,6937,15],"tags":[3113,820],"class_list":["post-56674","post","type-post","status-publish","format-standard","has-post-thumbnail","hentry","category-atarfe","category-centros-educativos","category-ciudadania","category-noticias-de-hoy","category-sociedad","category-ultimas-noticias","tag-halloween","tag-muerte"],"jetpack_publicize_connections":[],"jetpack_featured_media_url":"https:\/\/i0.wp.com\/miradordeatarfe.es\/wp-content\/uploads\/2022\/10\/Trajeron-imagenes-de-sus-seres-queridos-624x445-1.jpg?fit=624%2C445&ssl=1","jetpack_likes_enabled":true,"jetpack_sharing_enabled":true,"_links":{"self":[{"href":"https:\/\/miradordeatarfe.es\/index.php?rest_route=\/wp\/v2\/posts\/56674","targetHints":{"allow":["GET"]}}],"collection":[{"href":"https:\/\/miradordeatarfe.es\/index.php?rest_route=\/wp\/v2\/posts"}],"about":[{"href":"https:\/\/miradordeatarfe.es\/index.php?rest_route=\/wp\/v2\/types\/post"}],"author":[{"embeddable":true,"href":"https:\/\/miradordeatarfe.es\/index.php?rest_route=\/wp\/v2\/users\/1"}],"replies":[{"embeddable":true,"href":"https:\/\/miradordeatarfe.es\/index.php?rest_route=%2Fwp%2Fv2%2Fcomments&post=56674"}],"version-history":[{"count":1,"href":"https:\/\/miradordeatarfe.es\/index.php?rest_route=\/wp\/v2\/posts\/56674\/revisions"}],"predecessor-version":[{"id":56677,"href":"https:\/\/miradordeatarfe.es\/index.php?rest_route=\/wp\/v2\/posts\/56674\/revisions\/56677"}],"wp:featuredmedia":[{"embeddable":true,"href":"https:\/\/miradordeatarfe.es\/index.php?rest_route=\/wp\/v2\/media\/56676"}],"wp:attachment":[{"href":"https:\/\/miradordeatarfe.es\/index.php?rest_route=%2Fwp%2Fv2%2Fmedia&parent=56674"}],"wp:term":[{"taxonomy":"category","embeddable":true,"href":"https:\/\/miradordeatarfe.es\/index.php?rest_route=%2Fwp%2Fv2%2Fcategories&post=56674"},{"taxonomy":"post_tag","embeddable":true,"href":"https:\/\/miradordeatarfe.es\/index.php?rest_route=%2Fwp%2Fv2%2Ftags&post=56674"}],"curies":[{"name":"wp","href":"https:\/\/api.w.org\/{rel}","templated":true}]}}