{"id":56688,"date":"2022-10-15T10:39:13","date_gmt":"2022-10-15T08:39:13","guid":{"rendered":"https:\/\/miradordeatarfe.es\/?p=56688"},"modified":"2023-10-20T10:13:10","modified_gmt":"2023-10-20T08:13:10","slug":"el-ies-cerro-de-los-infantes-entrega-el-premio-mariluz-escribano-por-la-igualdad-y-la-concordia","status":"publish","type":"post","link":"https:\/\/miradordeatarfe.es\/?p=56688","title":{"rendered":"EL IES \u2018CERRO DE LOS INFANTES\u2019 ENTREGA EL PREMIO \u2018MARILUZ ESCRIBANO POR LA IGUALDAD Y LA CONCORDIA\u2019"},"content":{"rendered":"<h3 style=\"text-align: justify;\">Las ganadoras de esta primera edici\u00f3n son la Rectora Pilar Aranda y la Directora de la Editorial UGR, Mar\u00eda Isabel Cabrera <\/h3>\n<p style=\"text-align: justify;\">En septiembre de 2022, en el Espacio Mariluz del IES Cerro de los Infantes de Pinos Puente, tuvo lugar la Entrega de Premios \u2018Mariluz Escribano por la Igualdad y la\u00a0 oncordia\u2019, que en su primera edici\u00f3n ha querido reconocer a dos mujeres granadinas de relevancia en el \u00e1mbito de la educaci\u00f3n y la cultura a nivel tanto granadino, como auton\u00f3mico y nacional.<\/p>\n<p style=\"text-align: justify;\">Es por ello que, siguiendo la filosof\u00eda del centro y atendiendo a su vinculaci\u00f3n desde hace a\u00f1os con Mariluz Escribano y con el esp\u00edritu de lo que implica su trayectoria en defensa de valores fundamentales en la sociedad actual como la igualdad y la convivencia, se ha querido distinguir con estos primeros premios a dos mujeres que se consideran desde el IES \u2018Cerro de los Infantes\u2019 que son un magn\u00edfico referente para el alumnado: P<strong>ilar Aranda (Rectora de la Universidad de Granada) y Mar\u00eda Isabel Cabrera <\/strong><strong>Garc\u00eda (Directora de la Editorial Universidad de Granada).<\/strong> Ambas galardonadas recibir\u00e1n sendas medallas dise\u00f1adas por el escultor Arcadio Roda con la efigie de la Autora Cl\u00e1sica Andaluza reconocida ya como la poeta de la memoria y la concordia civil.<\/p>\n<p style=\"text-align: justify;\">Acto seguido se proceder\u00e1 a la inauguraci\u00f3n del Rinc\u00f3n de Lectura \u201cGeograf\u00eda de la memoria de Mariluz Escribano\u201d, un espacio donde el alumnado podr\u00e1 leer sus poemarios y textos en prosa (muchos de ellos obsequiados en diferentes visitas de la propia autora al centro) y para el que se ha donado una obra pict\u00f3rica de la\u00a0 polifac\u00e9tica intelectual granadina, que tambi\u00e9n cultiv\u00f3 con acierto esta faceta creativa.<\/p>\n<p style=\"text-align: justify;\"><b>M\u00c1S INFORMACI\u00d3N: Ram\u00f3n Mart\u00ednez, Vicedirector IES \u2018Cerro de los <\/b><\/p>\n<p style=\"text-align: justify;\"><b>Infantes\u2019, Tlf. 645215427 <\/b><\/p>\n<p style=\"text-align: justify;\"><strong>BIOGRAF\u00cdA<\/strong><\/p>\n<p style=\"text-align: justify;\">Mariluz Escribano Pueo (Granada, 1935-2019). Catedr\u00e1tica de Did\u00e1ctica de Lengua y Literatura en la Facultad de Ciencias de la Educaci\u00f3n durante casi cuarenta a\u00f1os, simultane\u00f3 sus estudios te\u00f3ricos con la creaci\u00f3n literaria, tanto en poes\u00eda como en prosa po\u00e9tica. Empez\u00f3 a publicar tard\u00edamente y entre sus poemarios destacan <i>Desde un mar <\/i><i>de silencio <\/i>(1993, agotado), <i>Canciones de la tarde <\/i>(1995, agotado), <i>Umbrales de oto\u00f1o <\/i>(2013, obra ganadora del Premio Andaluc\u00eda de la Cr\u00edtica), <i>El coraz\u00f3n de la gacela <\/i>(2015) o <i>Geograf\u00eda de la memoria <\/i>(2018). Tambi\u00e9n es autora de obras en prosa como <i>Cartas de Praga <\/i>(1999), <i>Sopas de ajo <\/i>(2001, 2\u00aa ed.), <i>Memoria de az\u00facar <\/i>(2002), <i>Ventanas al jard\u00edn <\/i>(2002), <i>El ojo de cristal <\/i>(2004), <i>Jardines p\u00e1jaros <\/i>(2007), <i>Los <\/i><i>caballos ciegos <\/i>(2008) y <i>Escuela en libertad <\/i>(2009). Fue columnista habitual de <i>Ideal. <\/i><i>Diario Regional de Andaluc\u00eda <\/i>desde 1971. Antes, desde 1958 lo hab\u00eda sido del diario <i>Patria<\/i>, lo que la convierte en unas de las primeras mujeres columnistas espa\u00f1olas del siglo XX.<\/p>\n<p style=\"text-align: justify;\">Fund\u00f3 en 2004 y dirigi\u00f3 la prestigiosa publicaci\u00f3n semestral <i>EntreR\u00edos. <\/i><i>Revista de Arte y Letras <\/i>hasta su muerte. En los \u00faltimos a\u00f1os de su vida recibi\u00f3 diferentes galardones como la Medalla de Oro al M\u00e9rito de la Ciudad de Granada, la Bandera de Andaluc\u00eda y el prestigioso Premio Elio Antonio de Nebrija de las Letras. Falleci\u00f3 en Granada el 20 de julio de 2019 tras una larga y dura enfermedad que no la apart\u00f3 nunca de su lucha: la reivindicaci\u00f3n de la memoria y la defensa de la concordia civil, que son los ejes de su obra y que la convierten en la mejor heredera de Antonio Machado. En 2021 fue nombrada Autora Cl\u00e1sica Andaluza.<\/p>\n","protected":false},"excerpt":{"rendered":"<p>Las ganadoras de esta primera edici\u00f3n son la Rectora Pilar Aranda y la Directora de&#8230;<\/p>\n","protected":false},"author":1,"featured_media":56689,"comment_status":"closed","ping_status":"closed","sticky":false,"template":"","format":"standard","meta":{"_coblocks_attr":"","_coblocks_dimensions":"","_coblocks_responsive_height":"","_coblocks_accordion_ie_support":"","jetpack_post_was_ever_published":false,"_jetpack_newsletter_access":"","_jetpack_dont_email_post_to_subs":false,"_jetpack_newsletter_tier_id":0,"_jetpack_memberships_contains_paywalled_content":false,"_jetpack_memberships_contains_paid_content":false,"footnotes":"","jetpack_publicize_message":"","jetpack_publicize_feature_enabled":true,"jetpack_social_post_already_shared":true,"jetpack_social_options":{"image_generator_settings":{"template":"highway","default_image_id":0,"enabled":false},"version":2}},"categories":[1161,14],"tags":[9629,7275,1518],"class_list":["post-56688","post","type-post","status-publish","format-standard","has-post-thumbnail","hentry","category-ciudadania","category-feminismo","tag-cerro-de-los-infantes","tag-mari-luz-escribano","tag-pinos-puente"],"jetpack_publicize_connections":[],"jetpack_featured_media_url":"https:\/\/i0.wp.com\/miradordeatarfe.es\/wp-content\/uploads\/2022\/10\/Picture.png?fit=1300%2C1278&ssl=1","jetpack_likes_enabled":true,"jetpack_sharing_enabled":true,"_links":{"self":[{"href":"https:\/\/miradordeatarfe.es\/index.php?rest_route=\/wp\/v2\/posts\/56688","targetHints":{"allow":["GET"]}}],"collection":[{"href":"https:\/\/miradordeatarfe.es\/index.php?rest_route=\/wp\/v2\/posts"}],"about":[{"href":"https:\/\/miradordeatarfe.es\/index.php?rest_route=\/wp\/v2\/types\/post"}],"author":[{"embeddable":true,"href":"https:\/\/miradordeatarfe.es\/index.php?rest_route=\/wp\/v2\/users\/1"}],"replies":[{"embeddable":true,"href":"https:\/\/miradordeatarfe.es\/index.php?rest_route=%2Fwp%2Fv2%2Fcomments&post=56688"}],"version-history":[{"count":1,"href":"https:\/\/miradordeatarfe.es\/index.php?rest_route=\/wp\/v2\/posts\/56688\/revisions"}],"predecessor-version":[{"id":56690,"href":"https:\/\/miradordeatarfe.es\/index.php?rest_route=\/wp\/v2\/posts\/56688\/revisions\/56690"}],"wp:featuredmedia":[{"embeddable":true,"href":"https:\/\/miradordeatarfe.es\/index.php?rest_route=\/wp\/v2\/media\/56689"}],"wp:attachment":[{"href":"https:\/\/miradordeatarfe.es\/index.php?rest_route=%2Fwp%2Fv2%2Fmedia&parent=56688"}],"wp:term":[{"taxonomy":"category","embeddable":true,"href":"https:\/\/miradordeatarfe.es\/index.php?rest_route=%2Fwp%2Fv2%2Fcategories&post=56688"},{"taxonomy":"post_tag","embeddable":true,"href":"https:\/\/miradordeatarfe.es\/index.php?rest_route=%2Fwp%2Fv2%2Ftags&post=56688"}],"curies":[{"name":"wp","href":"https:\/\/api.w.org\/{rel}","templated":true}]}}