{"id":56691,"date":"2022-10-25T09:18:04","date_gmt":"2022-10-25T07:18:04","guid":{"rendered":"https:\/\/miradordeatarfe.es\/?p=56691"},"modified":"2022-10-18T20:08:29","modified_gmt":"2022-10-18T18:08:29","slug":"que-implica-que-el-parlamento-europeo-respalde-que-ciertas-inversiones-en-energia-nuclear-y-gas-se-consideren-verdes","status":"publish","type":"post","link":"https:\/\/miradordeatarfe.es\/?p=56691","title":{"rendered":"\u00bfQu\u00e9 implica que el Parlamento Europeo respalde que ciertas inversiones en energ\u00eda nuclear y gas se consideren \u201cverdes\u201d?"},"content":{"rendered":"<h3 class=\"prs-paragraph\" style=\"text-align: justify;\">El Pleno del Parlamento Europeo <a href=\"https:\/\/www.europarl.europa.eu\/news\/en\/press-room\/20220701IPR34365\/taxonomy-meps-do-not-object-to-inclusion-of-gas-and-nuclear-activities\">ha votado en contra<\/a> de una moci\u00f3n planteada por sus <a href=\"https:\/\/twitter.com\/ernesturtasun\/status\/1536652497833566209\">comisiones de medioambiente y econom\u00eda<\/a> para que ciertas inversiones en plantas nucleares y en centrales de gas para generar electricidad no sean consideradas \u201cverdes\u201d.<\/h3>\n<p class=\"prs-paragraph\" style=\"text-align: justify;\">Es decir, ha salido adelante la propuesta que present\u00f3 en febrero la <a href=\"https:\/\/ec.europa.eu\/commission\/presscorner\/detail\/es\/IP_22_711\">Comisi\u00f3n Europea<\/a>, incluyendo estas actividades en lo que denominaron \u201c<a href=\"https:\/\/ec.europa.eu\/info\/business-economy-euro\/banking-and-finance\/sustainable-finance\/eu-taxonomy-sustainable-activities_en\">taxonom\u00eda verde<\/a>\u201d.<\/p>\n<p class=\"prs-paragraph\" style=\"text-align: justify;\">El informe que planteaba la objeci\u00f3n a esta taxonom\u00eda y que ha votado hoy el Pleno del Parlamento Europeo no ha salido adelante, con 328 votos en contra, 278 votos a favor y 33 abstenciones, puesto que requer\u00eda de una mayor\u00eda absoluta de la C\u00e1mara para salir adelante (353). Os explicamos qu\u00e9 supone y cu\u00e1les son los siguientes pasos.<\/p>\n<h2 class=\"prs-h2\" style=\"text-align: justify;\">La propuesta de la Comisi\u00f3n Europea: inversiones en gas y nuclear para \u201cacelerar la descarbonizaci\u00f3n\u201d de la econom\u00eda<\/h2>\n<p class=\"prs-paragraph\" style=\"text-align: justify;\">En febrero de 2022, la Comisi\u00f3n Europea (<a href=\"https:\/\/maldita.es\/malditateexplica\/20220509\/union-europea-instituciones-diferencias-forman\/\">algo as\u00ed como \u201cel Gobierno\u201d de la Uni\u00f3n Europea<\/a>) present\u00f3 una taxonom\u00eda de las inversiones privadas en la Uni\u00f3n Europea \u201cpara lograr que Europa sea clim\u00e1ticamente neutra antes de 2050\u201d permitiendo reorientar las inversiones \u201chacia tecnolog\u00edas y empresas m\u00e1s sostenibles\u201d que incluye el gas y la nuclear. \u00bfPero qu\u00e9 es esta taxonom\u00eda?<\/p>\n<p class=\"prs-paragraph\" style=\"text-align: justify;\">La Comisi\u00f3n Europea la define como \u201cuna herramienta de transparencia s\u00f3lida y con base cient\u00edfica, a disposici\u00f3n de empresas e inversores, que crea un lenguaje com\u00fan al que los inversores pueden recurrir para invertir en proyectos y actividades econ\u00f3micas con una incidencia positiva y sustancial en el clima y el medio ambiente. Adem\u00e1s, la taxonom\u00eda introduce obligaciones de informaci\u00f3n para las empresas y los participantes en los mercados financieros\u201d.<\/p>\n<p class=\"prs-paragraph\" style=\"text-align: justify;\">Con esta clasificaci\u00f3n de la inversiones privadas, la Comisi\u00f3n estima que la inversi\u00f3n en actividades de gas y energ\u00eda nuclear \u201cpueden desempe\u00f1ar un papel en esta transici\u00f3n\u201d hacia una econom\u00eda que no emita gases de efecto invernadero al permitir abandonar m\u00e1s r\u00e1pido actividades m\u00e1s contaminantes, como el carb\u00f3n.<\/p>\n<p class=\"prs-paragraph\" style=\"text-align: justify;\">La propuesta de la Comisi\u00f3n establece \u201crequisitos estrictos\u201d, siempre seg\u00fan la instituci\u00f3n: contribuir a la transici\u00f3n a la neutralidad clim\u00e1tica para ambas fuentes energ\u00e9ticas, para la energ\u00eda nuclear que cumpla los requisitos de seguridad nuclear y medioambiental y para el gas que contribuya a la transici\u00f3n del carb\u00f3n a las energ\u00edas renovables.<\/p>\n<p class=\"prs-paragraph\" style=\"text-align: justify;\">El Parlamento Europeo, en una nota de prensa publicada hoy tras la votaci\u00f3n del Pleno, refrenda la propuesta de la Comisi\u00f3n: \u201cComo la Comisi\u00f3n mantiene que la inversi\u00f3n privada en actividades de gas y nucleares tiene un papel en la transici\u00f3n verde, ha propuesto la clasificaci\u00f3n de determinadas actividades de gas f\u00f3sil y energ\u00eda nuclear como <b>actividades transitorias que contribuyen a la mitigaci\u00f3n del cambio clim\u00e1tico<\/b>. La inclusi\u00f3n de determinadas actividades de gas y nucleares est\u00e1 limitada en el tiempo y depende de condiciones espec\u00edficas y requisitos de transparencia\u201d.<\/p>\n<p class=\"prs-paragraph\" style=\"text-align: justify;\">Por su parte, la Comisi\u00f3n Europea publicaba una <a href=\"https:\/\/ec.europa.eu\/commission\/presscorner\/detail\/en\/ip_22_4349\">nota de prensa<\/a>\u00a0en la que manifestaba \u00abacoger con satisfacci\u00f3n\u00bb el resultado de la votaci\u00f3n de hoy del Parlamento. \u00abLa inclusi\u00f3n de las actividades de transici\u00f3n del gas y la energ\u00eda nuclear<b> es una parte peque\u00f1a, aunque necesaria<\/b>, de toda la taxonom\u00eda de la UE, que se centra en las energ\u00edas renovables. Las <b>energ\u00edas renovables<\/b> seguir\u00e1n siendo el centro de atenci\u00f3n de los inversores verdes y de la creaci\u00f3n de productos financieros verdes\u00bb, indicaban.*\u00a0\u00a0<\/p>\n<h2 class=\"prs-h2\" style=\"text-align: justify;\"><a href=\"https:\/\/i0.wp.com\/miradordeatarfe.es\/wp-content\/uploads\/2022\/10\/62c5733f39d21taxonomiaverde-jpg.jpg?ssl=1\"><img data-recalc-dims=\"1\" loading=\"lazy\" decoding=\"async\" class=\"alignnone wp-image-56692 size-full\" src=\"https:\/\/i0.wp.com\/miradordeatarfe.es\/wp-content\/uploads\/2022\/10\/62c5733f39d21taxonomiaverde-jpg.jpg?resize=640%2C270&#038;ssl=1\" alt=\"\" width=\"640\" height=\"270\" srcset=\"https:\/\/i0.wp.com\/miradordeatarfe.es\/wp-content\/uploads\/2022\/10\/62c5733f39d21taxonomiaverde-jpg.jpg?w=1280&amp;ssl=1 1280w, https:\/\/i0.wp.com\/miradordeatarfe.es\/wp-content\/uploads\/2022\/10\/62c5733f39d21taxonomiaverde-jpg.jpg?resize=300%2C127&amp;ssl=1 300w, https:\/\/i0.wp.com\/miradordeatarfe.es\/wp-content\/uploads\/2022\/10\/62c5733f39d21taxonomiaverde-jpg.jpg?resize=1024%2C432&amp;ssl=1 1024w, https:\/\/i0.wp.com\/miradordeatarfe.es\/wp-content\/uploads\/2022\/10\/62c5733f39d21taxonomiaverde-jpg.jpg?resize=768%2C324&amp;ssl=1 768w\" sizes=\"auto, (max-width: 640px) 100vw, 640px\" \/><\/a>Una iniciativa rechazada por los asesores energ\u00e9ticos de Bruselas<\/h2>\n<p class=\"prs-paragraph\" style=\"text-align: justify;\"><a href=\"https:\/\/ec.europa.eu\/info\/sites\/default\/files\/business_economy_euro\/banking_and_finance\/documents\/220121-sustainable-finance-platform-response-taxonomy-complementary-delegated-act_en.pdf\">La Plataforma sobre Finanzas Sostenibles<\/a>, que asesora a la Comisi\u00f3n Europea, ha rechazado incluir a la nuclear o el gas como energ\u00edas favorecidas por las inversiones. Entre sus motivos est\u00e1 que no ayudar\u00e1 a lograr el objetivo de neutralidad clim\u00e1tica para 2050. Su opini\u00f3n no es vinculante. La propia <a href=\"https:\/\/www.iea.org\/reports\/net-zero-by-2050\">Agencia Internacional de la Energ\u00eda<\/a> tambi\u00e9n opina que \u201cno hay necesidad de invertir en un nuevo suministro de combustibles f\u00f3siles\u201d como el gas si se quiere limitar el calentamiento global a 1,5 \u00baC.<\/p>\n<h2 class=\"prs-h2\" style=\"text-align: justify;\">Pr\u00f3ximos pasos: falta el visto bueno del Consejo<\/h2>\n<p class=\"prs-paragraph\" style=\"text-align: justify;\">Tras esta votaci\u00f3n del Parlamento, faltan algunos pasos para que la iniciativa de la Comisi\u00f3n salga adelante. La propuesta (que tiene el formato de <a href=\"https:\/\/www.consilium.europa.eu\/es\/council-eu\/decision-making\/implementing-and-delegated-acts\/\">acto delegado<\/a>) necesita el visto bueno del Parlamento Europeo y del Consejo. <b>El Consejo tendr\u00e1 derecho a oponerse al acto delegado por mayor\u00eda cualificada reforzada<\/b>: al menos el 72 % de los Estados miembros (esto es, al menos 20 pa\u00edses), que a su vez representen al menos el 65 % de la poblaci\u00f3n de la UE. El Parlamento Europeo puede oponerse si una mayor\u00eda de diputados vota en contra en el Pleno (esto es, al menos 353 diputados), algo que no ha ocurrido en la sesi\u00f3n de hoy.<\/p>\n<p class=\"prs-paragraph\" style=\"text-align: justify;\">La nueva clasificaci\u00f3n necesita a\u00fan superar el tr\u00e1mite del Consejo, donde los Estados miembro tienen hasta el pr\u00f3ximo <b>d\u00eda 11 de julio para presentar objeciones<\/b>.<\/p>\n<p class=\"prs-paragraph\" style=\"text-align: justify;\">Si tampoco salieran adelante las posibles objeciones del Consejo, la propuesta de la Comisi\u00f3n con la nueva taxonom\u00eda verde entrar\u00e1 en vigor y ser\u00e1 de aplicaci\u00f3n el 1 de enero de 2023.<\/p>\n<p class=\"prs-paragraph\" style=\"text-align: justify;\">Adem\u00e1s, <a href=\"https:\/\/twitter.com\/ClaudeTurmes\/status\/1544630232388444160\">Austria y Luxemburgo<\/a> han anunciado que van a recurrir la etiqueta &#8216;verde&#8217; para el gas y la nuclear al Tribunal de Justicia de la Uni\u00f3n Europea.<\/p>\n<p class=\"prs-paragraph\" style=\"text-align: justify;\">*Hemos actualizado el art\u00edculo el 6 de julio para incluir el contenido de la nota de prensa publicada por la Comisi\u00f3n Europea<\/p>\n<p>FOTO: https:\/\/www.concienciaeco.com\/2015\/08\/03\/el-futuro-esta-en-la-energia-verde\/<\/p>\n<p>https:\/\/maldita.es\/clima\/20220706\/inversion-verde-gas-nuclear-europa-taxonomia\/?utm_source=whatsapp&#038;utm_medium=resumendiario&#038;utm_campaign=10jul22<\/p>\n","protected":false},"excerpt":{"rendered":"<p>El Pleno del Parlamento Europeo ha votado en contra de una moci\u00f3n planteada por sus&#8230;<\/p>\n","protected":false},"author":1,"featured_media":56693,"comment_status":"closed","ping_status":"closed","sticky":false,"template":"","format":"standard","meta":{"_coblocks_attr":"","_coblocks_dimensions":"","_coblocks_responsive_height":"","_coblocks_accordion_ie_support":"","jetpack_post_was_ever_published":false,"_jetpack_newsletter_access":"","_jetpack_dont_email_post_to_subs":false,"_jetpack_newsletter_tier_id":0,"_jetpack_memberships_contains_paywalled_content":false,"_jetpack_memberships_contains_paid_content":false,"footnotes":"","jetpack_publicize_message":"","jetpack_publicize_feature_enabled":true,"jetpack_social_post_already_shared":true,"jetpack_social_options":{"image_generator_settings":{"template":"highway","default_image_id":0,"enabled":false},"version":2}},"categories":[1161,9,44,6937,15],"tags":[9630,4424],"class_list":["post-56691","post","type-post","status-publish","format-standard","has-post-thumbnail","hentry","category-ciudadania","category-medio-ambiente","category-noticias-de-hoy","category-sociedad","category-ultimas-noticias","tag-consejo-de-europa","tag-energia-verde"],"jetpack_publicize_connections":[],"jetpack_featured_media_url":"https:\/\/i0.wp.com\/miradordeatarfe.es\/wp-content\/uploads\/2022\/10\/indice.jpg?fit=389%2C129&ssl=1","jetpack_likes_enabled":true,"jetpack_sharing_enabled":true,"_links":{"self":[{"href":"https:\/\/miradordeatarfe.es\/index.php?rest_route=\/wp\/v2\/posts\/56691","targetHints":{"allow":["GET"]}}],"collection":[{"href":"https:\/\/miradordeatarfe.es\/index.php?rest_route=\/wp\/v2\/posts"}],"about":[{"href":"https:\/\/miradordeatarfe.es\/index.php?rest_route=\/wp\/v2\/types\/post"}],"author":[{"embeddable":true,"href":"https:\/\/miradordeatarfe.es\/index.php?rest_route=\/wp\/v2\/users\/1"}],"replies":[{"embeddable":true,"href":"https:\/\/miradordeatarfe.es\/index.php?rest_route=%2Fwp%2Fv2%2Fcomments&post=56691"}],"version-history":[{"count":1,"href":"https:\/\/miradordeatarfe.es\/index.php?rest_route=\/wp\/v2\/posts\/56691\/revisions"}],"predecessor-version":[{"id":56694,"href":"https:\/\/miradordeatarfe.es\/index.php?rest_route=\/wp\/v2\/posts\/56691\/revisions\/56694"}],"wp:featuredmedia":[{"embeddable":true,"href":"https:\/\/miradordeatarfe.es\/index.php?rest_route=\/wp\/v2\/media\/56693"}],"wp:attachment":[{"href":"https:\/\/miradordeatarfe.es\/index.php?rest_route=%2Fwp%2Fv2%2Fmedia&parent=56691"}],"wp:term":[{"taxonomy":"category","embeddable":true,"href":"https:\/\/miradordeatarfe.es\/index.php?rest_route=%2Fwp%2Fv2%2Fcategories&post=56691"},{"taxonomy":"post_tag","embeddable":true,"href":"https:\/\/miradordeatarfe.es\/index.php?rest_route=%2Fwp%2Fv2%2Ftags&post=56691"}],"curies":[{"name":"wp","href":"https:\/\/api.w.org\/{rel}","templated":true}]}}