{"id":56701,"date":"2022-10-16T11:32:59","date_gmt":"2022-10-16T09:32:59","guid":{"rendered":"https:\/\/miradordeatarfe.es\/?p=56701"},"modified":"2023-10-21T20:31:45","modified_gmt":"2023-10-21T18:31:45","slug":"atarfenos-del-mundo-de-la-ciencia-blanca-del-carmen-rivera-aranda-enfermeria","status":"publish","type":"post","link":"https:\/\/miradordeatarfe.es\/?p=56701","title":{"rendered":"ATARFE\u00d1OS DEL MUNDO DE LA CIENCIA: Blanca del Carmen Rivera Aranda. Enfermer\u00eda"},"content":{"rendered":"<h3 style=\"text-align: justify;\">Recuerdo cuando abr\u00ed el libro de sociales y apareci\u00f3 dentro de las profesiones una se\u00f1orita\u00a0con bata blanca y fonendoscopio, y dije \u00abesa quiero ser yo\u00bb.<\/h3>\n<p style=\"text-align: justify;\">M\u00e1s adelante la biolog\u00eda me ense\u00f1\u00f3 la gen\u00e9tica, eso que hace que nos parezcamos a nuestros padres, o el conocimiento\u00a0 e las enfermedades y c\u00f3mo tratarlas que sin duda, sin la ciencia no lo habr\u00edamos descubierto. Y yo quer\u00eda formar parte de eso.<\/p>\n<p style=\"text-align: justify;\">En\u00a0mi\u00a0profesi\u00f3n\u00a0necesitamos\u00a0de\u00a0la\u00a0ciencia\u00a0y\u00a0la\u00a0investigaci\u00f3n\u00a0continuamente.\u00a0Y\u00a0por\u00a0ello\u00a0nuestra formaci\u00f3n es tambi\u00e9n continua. Para estar en todo momento capacitadas en los\u00a0nuevos avances que la ciencia e investigaci\u00f3n van innovando.<\/p>\n<p style=\"text-align: justify;\">Llevamos dos a\u00f1os luchando contra el virus del Covid-19, y gracias a la vacuna los s\u00edntomas han ido a menos y la hospitalizaci\u00f3n en servicios como la UCI ha bajado. Pero no cre\u00e1is que se lo han sacado de la manga, llevaban 30 a\u00f1os investigando sobre el ARN-mensajero, por eso han podido hacer una vacuna en tiempo r\u00e9cord. Este ARN es el que le va a decir a la c\u00e9lula que viene el virus de camino y que hay que preparar a los anticuerpos (los guerreros)\u00a0para que luchen.\u00a0Y\u00a0esto es as\u00ed gracias a la ciencia y la investigaci\u00f3n.<\/p>\n<p><a href=\"https:\/\/i0.wp.com\/miradordeatarfe.es\/wp-content\/uploads\/2022\/10\/Blanca-rivera-aranda-scaled.jpg?ssl=1\"><img data-recalc-dims=\"1\" loading=\"lazy\" decoding=\"async\" class=\"alignnone wp-image-56702 size-full\" src=\"https:\/\/i0.wp.com\/miradordeatarfe.es\/wp-content\/uploads\/2022\/10\/Blanca-rivera-aranda-scaled.jpg?resize=640%2C755&#038;ssl=1\" alt=\"\" width=\"640\" height=\"755\" srcset=\"https:\/\/i0.wp.com\/miradordeatarfe.es\/wp-content\/uploads\/2022\/10\/Blanca-rivera-aranda-scaled.jpg?w=2169&amp;ssl=1 2169w, https:\/\/i0.wp.com\/miradordeatarfe.es\/wp-content\/uploads\/2022\/10\/Blanca-rivera-aranda-scaled.jpg?resize=254%2C300&amp;ssl=1 254w, https:\/\/i0.wp.com\/miradordeatarfe.es\/wp-content\/uploads\/2022\/10\/Blanca-rivera-aranda-scaled.jpg?resize=868%2C1024&amp;ssl=1 868w, https:\/\/i0.wp.com\/miradordeatarfe.es\/wp-content\/uploads\/2022\/10\/Blanca-rivera-aranda-scaled.jpg?resize=768%2C906&amp;ssl=1 768w, https:\/\/i0.wp.com\/miradordeatarfe.es\/wp-content\/uploads\/2022\/10\/Blanca-rivera-aranda-scaled.jpg?resize=1302%2C1536&amp;ssl=1 1302w, https:\/\/i0.wp.com\/miradordeatarfe.es\/wp-content\/uploads\/2022\/10\/Blanca-rivera-aranda-scaled.jpg?resize=1735%2C2048&amp;ssl=1 1735w, https:\/\/i0.wp.com\/miradordeatarfe.es\/wp-content\/uploads\/2022\/10\/Blanca-rivera-aranda-scaled.jpg?resize=1320%2C1558&amp;ssl=1 1320w, https:\/\/i0.wp.com\/miradordeatarfe.es\/wp-content\/uploads\/2022\/10\/Blanca-rivera-aranda-scaled.jpg?w=1920&amp;ssl=1 1920w\" sizes=\"auto, (max-width: 640px) 100vw, 640px\" \/><\/a><\/p>\n","protected":false},"excerpt":{"rendered":"<p>Recuerdo cuando abr\u00ed el libro de sociales y apareci\u00f3 dentro de las profesiones una se\u00f1orita\u00a0con&#8230;<\/p>\n","protected":false},"author":1,"featured_media":56829,"comment_status":"closed","ping_status":"closed","sticky":false,"template":"","format":"standard","meta":{"_coblocks_attr":"","_coblocks_dimensions":"","_coblocks_responsive_height":"","_coblocks_accordion_ie_support":"","jetpack_post_was_ever_published":false,"_jetpack_newsletter_access":"","_jetpack_dont_email_post_to_subs":false,"_jetpack_newsletter_tier_id":0,"_jetpack_memberships_contains_paywalled_content":false,"_jetpack_memberships_contains_paid_content":false,"footnotes":"","jetpack_publicize_message":"","jetpack_publicize_feature_enabled":true,"jetpack_social_post_already_shared":true,"jetpack_social_options":{"image_generator_settings":{"template":"highway","default_image_id":0,"enabled":false},"version":2}},"categories":[9597,10778,6539],"tags":[81,9633],"class_list":["post-56701","post","type-post","status-publish","format-standard","has-post-thumbnail","hentry","category-cientificos-atarfenos","category-feria-de-la-ciencia-atarfe","category-personajes-de-ataref","tag-atarfe","tag-atarfenos-de-ciencia"],"jetpack_publicize_connections":[],"jetpack_featured_media_url":"https:\/\/i0.wp.com\/miradordeatarfe.es\/wp-content\/uploads\/2022\/10\/FeriaCienciaAtarfe-Logo.jpg?fit=730%2C327&ssl=1","jetpack_likes_enabled":true,"jetpack_sharing_enabled":true,"_links":{"self":[{"href":"https:\/\/miradordeatarfe.es\/index.php?rest_route=\/wp\/v2\/posts\/56701","targetHints":{"allow":["GET"]}}],"collection":[{"href":"https:\/\/miradordeatarfe.es\/index.php?rest_route=\/wp\/v2\/posts"}],"about":[{"href":"https:\/\/miradordeatarfe.es\/index.php?rest_route=\/wp\/v2\/types\/post"}],"author":[{"embeddable":true,"href":"https:\/\/miradordeatarfe.es\/index.php?rest_route=\/wp\/v2\/users\/1"}],"replies":[{"embeddable":true,"href":"https:\/\/miradordeatarfe.es\/index.php?rest_route=%2Fwp%2Fv2%2Fcomments&post=56701"}],"version-history":[{"count":1,"href":"https:\/\/miradordeatarfe.es\/index.php?rest_route=\/wp\/v2\/posts\/56701\/revisions"}],"predecessor-version":[{"id":56703,"href":"https:\/\/miradordeatarfe.es\/index.php?rest_route=\/wp\/v2\/posts\/56701\/revisions\/56703"}],"wp:featuredmedia":[{"embeddable":true,"href":"https:\/\/miradordeatarfe.es\/index.php?rest_route=\/wp\/v2\/media\/56829"}],"wp:attachment":[{"href":"https:\/\/miradordeatarfe.es\/index.php?rest_route=%2Fwp%2Fv2%2Fmedia&parent=56701"}],"wp:term":[{"taxonomy":"category","embeddable":true,"href":"https:\/\/miradordeatarfe.es\/index.php?rest_route=%2Fwp%2Fv2%2Fcategories&post=56701"},{"taxonomy":"post_tag","embeddable":true,"href":"https:\/\/miradordeatarfe.es\/index.php?rest_route=%2Fwp%2Fv2%2Ftags&post=56701"}],"curies":[{"name":"wp","href":"https:\/\/api.w.org\/{rel}","templated":true}]}}