{"id":56746,"date":"2022-10-18T09:21:57","date_gmt":"2022-10-18T07:21:57","guid":{"rendered":"https:\/\/miradordeatarfe.es\/?p=56746"},"modified":"2022-10-18T13:45:57","modified_gmt":"2022-10-18T11:45:57","slug":"esto-es-lo-que-nos-costaria-desde-una-radiografia-a-una-operacion-sin-sanidad-publica","status":"publish","type":"post","link":"https:\/\/miradordeatarfe.es\/?p=56746","title":{"rendered":"Esto es lo que nos costar\u00eda desde una radiograf\u00eda a una operaci\u00f3n sin sanidad p\u00fablica"},"content":{"rendered":"<h3>Si hay un aspecto que despierta profundas envidias en determinadas sociedades como la norteamericana ese es el <strong class=\"mce\">sistema sanitario espa\u00f1ol<\/strong>.<\/h3>\n<p class=\"mce\" style=\"text-align: justify;\">El clima, la comida o el estilo de vida son algunos de los aspectos que tradicionalmente los extranjeros han envidiado de Espa\u00f1a. Desde hace un par de d\u00e9cadas el deporte, con destacas figuras futbol\u00edsticas, del tenis, baloncesto o mundo del motor, se posicion\u00f3 con fuerza en Europa. Pero si hay un aspecto que despierta profundas envidias en determinadas sociedades como la norteamericana ese es el <strong class=\"mce\">sistema sanitario espa\u00f1ol<\/strong>. Aunque son muchos los que critican y no valoran la Sanidad p\u00fablica espa\u00f1ola, la realidad es que la comparaci\u00f3n respecto a la mayor\u00eda de pa\u00edses sale casi siempre a favor de los profesionales y tratamientos espa\u00f1oles. El <a class=\"mce\" href=\"https:\/\/www.redaccionmedica.com\/secciones\/sanidad-hoy\/el-gasto-sanitario-en-espana-crece-5-600-millones-en-2021-2691\" target=\"_blank\" rel=\"dofollow noopener\">gasto que Espa\u00f1a destina a la sanidad<\/a> se increment\u00f3 el a\u00f1o pasado en cerca de 5.600 millones, sobre todo en la Sanidad p\u00fabica, con un montante de 81.600 millones.\u00a0Todos los servicios sanitarios tienen un precio y suele ser m\u00e1s elevado de lo que los usuarios estiman. Esto es lo que\u00a0nos costar\u00eda desde una radiograf\u00eda a una intervenci\u00f3n de apendicitis sin Sanidad p\u00fablica.<\/p>\n<p class=\"mce\" style=\"text-align: justify;\">Bien es cierto que existen los impuestos, pero han sido varios los especialistas que se han encargado de demostrar a lo largo de los a\u00f1os el importante <a class=\"mce\" href=\"https:\/\/www.redaccionmedica.com\/secciones\/sanidad-hoy\/defensa-de-un-medico-de-la-sanidad-publica-no-sabemos-valorarla--3840\" target=\"_blank\" rel=\"dofollow noopener\">gasto que supone cada actuaci\u00f3n m\u00e9dica e intervenci\u00f3n quir\u00fargica<\/a> para aprender a valorarla.<\/p>\n<p class=\"mce\" style=\"text-align: justify;\">As\u00ed, en Andaluc\u00eda, considerada\u00a0<a class=\"mce\" href=\"https:\/\/www.diariodesevilla.es\/andalucia\/comunidad-autonoma-servicios-sanitarios_0_1686733008.html\">segunda comunidad aut\u00f3noma con peores servicios sanitarios<\/a>, una consulta a urgencias, si no fuera asumida por la Seguridad Social, costar\u00eda algo m\u00e1s de 50 euros, atender un parto, de 2.000 a 4.000 euros, practicar <strong class=\"mce\">una ces\u00e1rea, de 2.300 a 5.700 euros<\/strong>; y <strong class=\"mce\"><a class=\"mce\" href=\"https:\/\/www.bolsamania.com\/noticias\/economia\/2130-euros-un-parto-y-hasta-19000-una-apendicitis-el-precio-de-la-sanidad-publica-y-gratuita-en-espana--2771196.html\" target=\"_blank\" rel=\"dofollow noopener\">una intervenci\u00f3n de apendicitis, de 3.000 a 8.000 euros<\/a>.<\/strong><\/p>\n<h2 class=\"mce\" style=\"text-align: justify;\">Operaciones por encima de los 3.000 euros<\/h2>\n<div class=\"inset-auto\" style=\"text-align: justify;\">\n<figure class=\"image-holder\"><span class=\"obj-img hmedia\"><img data-recalc-dims=\"1\" loading=\"lazy\" decoding=\"async\" class=\"photo lazy\" src=\"https:\/\/i0.wp.com\/www.diariodesevilla.es\/2022\/01\/28\/sevilla\/paciente-recibiendo-tratamiento-quimioterapia_1651645488_151080732_1200x675.jpg?resize=640%2C360&#038;ssl=1\" alt=\"Un paciente recibiendo tratamiento de quimioterapia.\" width=\"640\" height=\"360\" data-src=\"\/2022\/01\/28\/sevilla\/paciente-recibiendo-tratamiento-quimioterapia_1651645488_151080732_1200x675.jpg\" \/><\/span><figcaption>\n<div class=\"footnote\">\n<p class=\"text\">Un paciente recibiendo tratamiento de quimioterapia. <wbr \/> \/ <span class=\"source\">H. U. V. M.<\/span><\/p>\n<\/div>\n<\/figcaption><\/figure>\n<\/div>\n<p class=\"mce\" style=\"text-align: justify;\">Si seguimos desarrollando los <a class=\"mce\" href=\"https:\/\/www.sspa.juntadeandalucia.es\/servicioandaluzdesalud\/profesionales\/relacion-con-la-ciudadania\/precios-publicos\" target=\"_blank\" rel=\"dofollow noopener\">precios p\u00fablicos<\/a> y el gasto que supondr\u00edan los distintos servicios para el usuario comprobamos que\u00a0<strong class=\"mce\">una radiograf\u00eda simple cuesta unos 12 euros<\/strong>,\u00a0un TAC, alrededor de 200 euros\u00a0y\u00a0un traslado en ambulancia tiene un coste m\u00ednimo de 250 euros. Mientras que arreglarnos una\u00a0luxaci\u00f3n de cadera tras una ca\u00edda &#8216;tonta&#8217; podr\u00eda llegar a costarnos de 3.000 a 9.000 euros y los tratamientos con quimioterapia, alrededor de 4.000 euros.<\/p>\n<p class=\"mce\" style=\"text-align: justify;\">As\u00ed, <a class=\"mce\" href=\"https:\/\/twitter.com\/yodoctorcomic\/status\/1219274374739562497?ref_src=twsrc%5Etfw%7Ctwcamp%5Etweetembed%7Ctwterm%5E1219274374739562497%7Ctwgr%5Ecb726d6c3e05be7132e0848e9f489c77363d3a7b%7Ctwcon%5Es1_&amp;ref_url=https%3A%2F%2Fwww.redaccionmedica.com%2Fsecciones%2Fsanidad-hoy%2Fdefensa-de-un-medico-de-la-sanidad-publica-no-sabemos-valorarla--3840\" target=\"_blank\" rel=\"dofollow noopener\">@yodoctorcomic<\/a>, que lleva a\u00f1os divulgando sobre ciencia y sanidad con p\u00edldoras visuales, emplaza a los pacientes a \u00abser\u00a0conscientes de lo que valen las cosas y de lo afortunados que somos; saber lo que tenemos y utilizarlo con cabeza\u00bb. Porque \u00abcuando nos lo hayamos cargado, ser\u00e1 culpa nuestra\u00bb.<\/p>\n<p style=\"text-align: justify;\">https:\/\/www.diariodesevilla.es\/salud\/investigacion-tecnologia\/costaria-radiografia-intervencion-apendicitis-Sanidad_0_1727227866.html<\/p>\n<p style=\"text-align: justify;\">FOTO: Profesionales sanitarios <wbr \/> \/ <span class=\"source\">Archivo<\/span> DIARIO DE SEVILLA<\/p>\n","protected":false},"excerpt":{"rendered":"<p>Si hay un aspecto que despierta profundas envidias en determinadas sociedades como la norteamericana ese&#8230;<\/p>\n","protected":false},"author":1,"featured_media":56747,"comment_status":"closed","ping_status":"closed","sticky":false,"template":"","format":"standard","meta":{"_coblocks_attr":"","_coblocks_dimensions":"","_coblocks_responsive_height":"","_coblocks_accordion_ie_support":"","jetpack_post_was_ever_published":false,"_jetpack_newsletter_access":"","_jetpack_dont_email_post_to_subs":false,"_jetpack_newsletter_tier_id":0,"_jetpack_memberships_contains_paywalled_content":false,"_jetpack_memberships_contains_paid_content":false,"footnotes":"","jetpack_publicize_message":"","jetpack_publicize_feature_enabled":true,"jetpack_social_post_already_shared":true,"jetpack_social_options":{"image_generator_settings":{"template":"highway","default_image_id":0,"enabled":false},"version":2}},"categories":[1161,44,7671,6937,15,10],"tags":[9638,409],"class_list":["post-56746","post","type-post","status-publish","format-standard","has-post-thumbnail","hentry","category-ciudadania","category-noticias-de-hoy","category-politica","category-sociedad","category-ultimas-noticias","category-salud","tag-coste-de-servicios-sanitarios","tag-sanidad"],"jetpack_publicize_connections":[],"jetpack_featured_media_url":"https:\/\/i0.wp.com\/miradordeatarfe.es\/wp-content\/uploads\/2022\/10\/Profesionales-sanitarios_1727237940_167662547_667x375.jpg?fit=667%2C375&ssl=1","jetpack_likes_enabled":true,"jetpack_sharing_enabled":true,"_links":{"self":[{"href":"https:\/\/miradordeatarfe.es\/index.php?rest_route=\/wp\/v2\/posts\/56746","targetHints":{"allow":["GET"]}}],"collection":[{"href":"https:\/\/miradordeatarfe.es\/index.php?rest_route=\/wp\/v2\/posts"}],"about":[{"href":"https:\/\/miradordeatarfe.es\/index.php?rest_route=\/wp\/v2\/types\/post"}],"author":[{"embeddable":true,"href":"https:\/\/miradordeatarfe.es\/index.php?rest_route=\/wp\/v2\/users\/1"}],"replies":[{"embeddable":true,"href":"https:\/\/miradordeatarfe.es\/index.php?rest_route=%2Fwp%2Fv2%2Fcomments&post=56746"}],"version-history":[{"count":2,"href":"https:\/\/miradordeatarfe.es\/index.php?rest_route=\/wp\/v2\/posts\/56746\/revisions"}],"predecessor-version":[{"id":56867,"href":"https:\/\/miradordeatarfe.es\/index.php?rest_route=\/wp\/v2\/posts\/56746\/revisions\/56867"}],"wp:featuredmedia":[{"embeddable":true,"href":"https:\/\/miradordeatarfe.es\/index.php?rest_route=\/wp\/v2\/media\/56747"}],"wp:attachment":[{"href":"https:\/\/miradordeatarfe.es\/index.php?rest_route=%2Fwp%2Fv2%2Fmedia&parent=56746"}],"wp:term":[{"taxonomy":"category","embeddable":true,"href":"https:\/\/miradordeatarfe.es\/index.php?rest_route=%2Fwp%2Fv2%2Fcategories&post=56746"},{"taxonomy":"post_tag","embeddable":true,"href":"https:\/\/miradordeatarfe.es\/index.php?rest_route=%2Fwp%2Fv2%2Ftags&post=56746"}],"curies":[{"name":"wp","href":"https:\/\/api.w.org\/{rel}","templated":true}]}}