{"id":56767,"date":"2022-10-27T09:04:19","date_gmt":"2022-10-27T07:04:19","guid":{"rendered":"https:\/\/miradordeatarfe.es\/?p=56767"},"modified":"2022-10-24T15:59:40","modified_gmt":"2022-10-24T13:59:40","slug":"cuadernos-rubio-la-historia-de-una-iniciativa-familiar-que-resiste-el-paso-del-tiempo","status":"publish","type":"post","link":"https:\/\/miradordeatarfe.es\/?p=56767","title":{"rendered":"Cuadernos Rubio: la historia de una iniciativa familiar que resiste el paso del tiempo"},"content":{"rendered":"<h3 style=\"text-align: justify;\">Han pasado muchos a\u00f1os desde las fichas de ejercicios, creadas por Ram\u00f3n Rubio para su academia, y los cuadernos Rubio de 1959; ha cambiado la sociedad espa\u00f1ola y la legislaci\u00f3n educativa<\/h3>\n<p style=\"text-align: justify;\">La historia de Cuadernos Rubio va ligada a la vocaci\u00f3n del empleado de banca Ram\u00f3n Rubio (1924\u20132001), procedente de Geldo (Castell\u00f3n), que descubri\u00f3 que su verdadero inter\u00e9s se encontraba en el gusto por ense\u00f1ar a los dem\u00e1s.<\/p>\n<p style=\"text-align: justify;\">As\u00ed, a los 25 a\u00f1os cre\u00f3 la Academia Rubio, en Valencia, por la que pasaron <a href=\"https:\/\/www.planetadelibros.com\/libro-mi-mama-me-mima\/203849\" rel=\"external noopener noreferrer\" data-wpel-link=\"external\">m\u00e1s de 3\u00a0500 alumnos<\/a>, sobre todo opositores que deseaban optar a un puesto de contable en la banca o en una empresa.<\/p>\n<p style=\"text-align: justify;\">Fue precisamente en esta academia donde se originan los primeros Cuadernos Rubio. Para ahorrarse el tiempo que dedicaba cada d\u00eda a escribir los ejercicios en la pizarra, cre\u00f3 unas fichas que fueron el germen de los cuadernos y, m\u00e1s adelante, elabor\u00f3 tambi\u00e9n fichas de caligraf\u00eda.<\/p>\n<p style=\"text-align: justify;\">Estas fichas se reorganizaron y se presentaron en forma de cuadernillos. Surg\u00edan as\u00ed, en 1956, los famosos cuadernillos Rubio que, en sus comienzos, el propio Ram\u00f3n imprimir\u00eda en su casa de forma completamente artesanal. A partir de 1959, aparecen como impresos por Ediciones T\u00e9cnicas Rubio, empresa creada por \u00e9l mismo que se ha hecho cargo de la publicaci\u00f3n de los cuadernillos hasta nuestros d\u00edas.<\/p>\n<p style=\"text-align: justify;\">\u201c\u00c9l lo hac\u00eda todo: se inventaba las frases y dibujaba los ejercicios, y luego un delineante los pasaba a limpio. De ah\u00ed, a la imprenta\u201d, <a href=\"https:\/\/www.expansion.com\/fueradeserie\/cultura\/2019\/06\/21\/5cf7c9f1e5fdea6a0d8b46e1.html\" rel=\"external noopener noreferrer\" data-wpel-link=\"external\">recuerda<\/a> su hijo Enrique en una entrevista reciente.<\/p>\n<h2 style=\"text-align: justify;\">Complemento a la escuela<\/h2>\n<p style=\"text-align: justify;\">Pronto vio que pod\u00edan usarse como complemento a la ense\u00f1anza escolar, pues sus contenidos se refer\u00edan a la educaci\u00f3n primaria. Ram\u00f3n Rubio <a href=\"https:\/\/www.researchgate.net\/publication\/351566429_Calcular_con_los_Cuadernos_Rubio_Caracteristicas_y_evolucion_desde_1959\" rel=\"external noopener noreferrer\" data-wpel-link=\"external\">los ofert\u00f3 a centros educativos de ese nivel<\/a>, como se afirma en la contraportada de los cuadernos de 1977:<\/p>\n<p style=\"text-align: justify;\">\u201cSu uso sistem\u00e1tico complementa y potencia las ense\u00f1anzas impartidas en los centros, habitu\u00e1ndolos a soluciones razonadas que se reflejar\u00e1n favorablemente en las evaluaciones\u201d.<\/p>\n<p style=\"text-align: justify;\">Son ejercicios para hacer <a href=\"http:\/\/www.histemat.com.br\/index.php\/HISTEMAT\/article\/view\/489\/414\" rel=\"external noopener noreferrer\" data-wpel-link=\"external\">en casa y durante las vacaciones<\/a>. Su sencillez y la facilidad de acceso a los mismos (se venden en tiendas de papeler\u00eda) ha contribuido a su popularizaci\u00f3n.<\/p>\n<h2 style=\"text-align: justify;\">Un cl\u00e1sico para la generaci\u00f3n de los 50<\/h2>\n<p style=\"text-align: justify;\">En los recuerdos escolares de las personas nacidas a partir de 1950 suelen aparecer estos cuadernos de aritm\u00e9tica o de caligraf\u00eda, asociados a las tareas escolares, al inter\u00e9s de los padres por la mejora de la caligraf\u00eda y el dominio de las operaciones aritm\u00e9ticas de sus hijos y a las tareas de vacaciones.<\/p>\n<p style=\"text-align: justify;\">En los a\u00f1os setenta y ochenta Cuadernos Rubio lleg\u00f3 a vender hasta diez millones de ejemplares anuales. Por muy poco dinero \u20131,5 pesetas en 1960, 22 en el a\u00f1o 1982\u2013, era posible adquirir en las papeler\u00edas unas libretas llenas de ejercicios para entrenar a los menores. Hasta 1980, Ediciones T\u00e9cnicas Rubio casi ten\u00eda la exclusiva del mercado.<\/p>\n<h2 style=\"text-align: justify;\">Los Cuadernos Rubio de aritm\u00e9tica<\/h2>\n<p style=\"text-align: justify;\">La colecci\u00f3n de cuadernos de aritm\u00e9tica consta, desde su inicio en 1959, de 25 cuadernos. A lo largo de los 60 a\u00f1os desde su aparici\u00f3n, se han diferenciado seis \u00e9pocas en el dise\u00f1o de los mismos.<\/p>\n<div class=\"code-block code-block-5\" style=\"text-align: justify;\">\u00a0<\/div>\n<p style=\"text-align: justify;\">Los doce primeros cuadernos est\u00e1n dedicados al aprendizaje de los algoritmos de las operaciones aritm\u00e9ticas elementales.<\/p>\n<p style=\"text-align: justify;\">Los trece cuadernos restantes, (7 al 19), incluyen la resoluci\u00f3n de problemas aritm\u00e9ticos y tienen una estructura diferente en la primera edici\u00f3n de 1959 y en las restantes, publicadas a partir de 1978.<\/p>\n<p style=\"text-align: justify;\">En la primera edici\u00f3n, los cuadernos estaban divididos en \u201cejercicios\u201d, cada uno de los cuales se presentaba como el trabajo que se deb\u00eda realizar un d\u00eda laborable, y constaba de operaciones y problemas.<\/p>\n<p style=\"text-align: justify;\">En 1978 se cambi\u00f3 la orientaci\u00f3n de estos cuadernos, centr\u00e1ndolos en la resoluci\u00f3n de problemas \u201csencillos, variados y graduados\u201d, y organizados teniendo en cuenta el \u00e1mbito num\u00e9rico y las operaciones que se pod\u00edan utilizar en la resoluci\u00f3n.<\/p>\n<h2 style=\"text-align: justify;\">Aparici\u00f3n de la EGB<\/h2>\n<p style=\"text-align: justify;\">En los a\u00f1os 70 del siglo XX, cambi\u00f3 la estructura del sistema educativo espa\u00f1ol, unificando los ocho primeros niveles educativos obligatorios en una \u00fanica etapa: la Educaci\u00f3n General B\u00e1sica (EGB). Por ello, en la segunda \u00e9poca de los Cuadernos Rubio de Aritm\u00e9tica (1977 para los cuadernos de operaciones y 1978 para los de problemas) se advierte de que est\u00e1n \u201corientados a la E.G.B.\u201d.<\/p>\n<p style=\"text-align: justify;\">En esta \u00e9poca se introdujeron ilustraciones. Las im\u00e1genes se reutilizaban, se recortaban, se reorganizaban. En ocasiones, con una misma imagen, la parte verbal planteaba problemas diferentes.<\/p>\n<h2 style=\"text-align: justify;\">\u00bfCada vez m\u00e1s f\u00e1ciles?<\/h2>\n<p style=\"text-align: justify;\">A lo largo de los 60 a\u00f1os estudiados se observa la disminuci\u00f3n tanto en n\u00famero como en dificultad de las operaciones aritm\u00e9ticas planteadas.<\/p>\n<p style=\"text-align: justify;\">Este fen\u00f3meno puede relacionarse con la disminuci\u00f3n de la importancia concedida socialmente a los c\u00e1lculos aritm\u00e9ticos, sobre todo tras la popularizaci\u00f3n de las calculadoras y los ordenadores.<\/p>\n<p style=\"text-align: justify;\">Tambi\u00e9n aumentaron las ilustraciones, realizadas con mayor cuidado para hacer los cuadernos m\u00e1s atractivos y competitivos; las razones de los cambios fueron m\u00e1s de tipo comercial que did\u00e1ctico.<\/p>\n<h2 style=\"text-align: justify;\">Cambio del sistema monetario e ilustraciones m\u00e1s cuidadas<\/h2>\n<p style=\"text-align: justify;\">Los cambios a lo largo del tiempo en los cuadernos de problemas Rubio se han debido, fundamentalmente, al cambio en el sistema monetario en Espa\u00f1a (2002) y a la modificaci\u00f3n de las ilustraciones.<\/p>\n<p style=\"text-align: justify;\">Cuando en 2002 se pas\u00f3 de la peseta al euro como unidad monetaria, los cuadernos Rubio se adaptaron a esta nueva situaci\u00f3n introduciendo los m\u00ednimos cambios posibles: sustituir la palabra \u201cpesetas\u201d por \u201ceuros\u201d o por \u201cc\u00e9ntimos\u201d y, a veces, cambiar las cantidades para hacerlas m\u00e1s realistas.<\/p>\n<p style=\"text-align: justify;\">El cambio en los cuadernos en la \u00e9poca 4 afect\u00f3, sobre todo, al dise\u00f1o. Cambiaron las ilustraciones, pero tambi\u00e9n se moderniz\u00f3 la redacci\u00f3n de algunos problemas adecu\u00e1ndola a los valores que quer\u00edan transmitirse al alumnado; pero el tipo de problema, los n\u00fameros que interven\u00edan y la operaci\u00f3n que lo resolv\u00eda era la misma.<\/p>\n<h2 style=\"text-align: justify;\">Mayor peso de la ilustraci\u00f3n y los gr\u00e1ficos<\/h2>\n<p style=\"text-align: justify;\">En la \u00e9poca 6 (a partir de 2010, aproximadamente), cambi\u00f3 el dise\u00f1o, con ilustraciones en color, pero se redujo el 25% de los problemas planteados por eliminaci\u00f3n de problemas verbales, aumentando de esa forma el peso de los problemas gr\u00e1ficos.<\/p>\n<p style=\"text-align: justify;\">Actualmente se encuentran en los comercios cuadernos Rubio de las \u00e9pocas 3 a la 6, es decir, de los publicados desde 1990 hasta la actualidad, a un precio aproximado de un euro.<\/p>\n<p style=\"text-align: justify;\">La mayor\u00eda de los comerciantes no suelen ser conscientes de las diferencias entre los cuadernos de las distintas \u00e9pocas; para ellos, a pesar de las<br \/>\ndiferencias de dise\u00f1o, ilustraciones e, incluso, contenido en el caso de los cuadernos de la \u00e9poca 6, simplemente, son el cuaderno Rubio n\u00famero X.<\/p>\n<p style=\"text-align: justify;\">Han pasado muchos a\u00f1os desde las fichas de ejercicios, creadas por Ram\u00f3n Rubio para su academia, y los cuadernos Rubio de 1959; ha cambiado la sociedad espa\u00f1ola y la legislaci\u00f3n educativa (varias veces), y la empresa iniciada por Ram\u00f3n Rubio ha evolucionado para adaptarse a esos cambios; pero las papeler\u00edas de pueblos y barrios siguen ofreciendo los cuadernos Rubio de aritm\u00e9tica que recogen las operaciones y problemas que hab\u00eda planteado su fundador.<\/p>\n<p>REDACCI\u00d3N DE CONTRAINFORMACI\u00d3N<\/p>\n<p>&nbsp;<\/p>\n<blockquote class=\"wp-embedded-content\" data-secret=\"si169htgYX\"><p><a href=\"https:\/\/contrainformacion.es\/cuadernos-rubio-la-historia-de-una-iniciativa-familiar-que-resiste-el-paso-del-tiempo\/\">Cuadernos Rubio: la historia de una iniciativa familiar que resiste el paso del tiempo<\/a><\/p><\/blockquote>\n<p><iframe loading=\"lazy\" class=\"wp-embedded-content\" sandbox=\"allow-scripts\" security=\"restricted\" style=\"position: absolute; visibility: hidden;\" title=\"\u00abCuadernos Rubio: la historia de una iniciativa familiar que resiste el paso del tiempo\u00bb \u2014 Contrainformaci\u00f3n\" src=\"https:\/\/contrainformacion.es\/cuadernos-rubio-la-historia-de-una-iniciativa-familiar-que-resiste-el-paso-del-tiempo\/embed\/#?secret=Me8PaMPBjU#?secret=si169htgYX\" data-secret=\"si169htgYX\" width=\"600\" height=\"338\" frameborder=\"0\" marginwidth=\"0\" marginheight=\"0\" scrolling=\"no\"><\/iframe><\/p>\n<p>&nbsp;<\/p>\n","protected":false},"excerpt":{"rendered":"<p>Han pasado muchos a\u00f1os desde las fichas de ejercicios, creadas por Ram\u00f3n Rubio para su&#8230;<\/p>\n","protected":false},"author":1,"featured_media":56768,"comment_status":"closed","ping_status":"closed","sticky":false,"template":"","format":"standard","meta":{"_coblocks_attr":"","_coblocks_dimensions":"","_coblocks_responsive_height":"","_coblocks_accordion_ie_support":"","jetpack_post_was_ever_published":false,"_jetpack_newsletter_access":"","_jetpack_dont_email_post_to_subs":false,"_jetpack_newsletter_tier_id":0,"_jetpack_memberships_contains_paywalled_content":false,"_jetpack_memberships_contains_paid_content":false,"footnotes":"","jetpack_publicize_message":"","jetpack_publicize_feature_enabled":true,"jetpack_social_post_already_shared":true,"jetpack_social_options":{"image_generator_settings":{"template":"highway","default_image_id":0,"enabled":false},"version":2}},"categories":[187,1161,44,6937,15],"tags":[9643,27,216],"class_list":["post-56767","post","type-post","status-publish","format-standard","has-post-thumbnail","hentry","category-centros-educativos","category-ciudadania","category-noticias-de-hoy","category-sociedad","category-ultimas-noticias","tag-cuadernos-rubio","tag-educacion","tag-escuelas"],"jetpack_publicize_connections":[],"jetpack_featured_media_url":"https:\/\/i0.wp.com\/miradordeatarfe.es\/wp-content\/uploads\/2022\/10\/file-20221005-20-di24ll-KXajmd.png?fit=496%2C373&ssl=1","jetpack_likes_enabled":true,"jetpack_sharing_enabled":true,"_links":{"self":[{"href":"https:\/\/miradordeatarfe.es\/index.php?rest_route=\/wp\/v2\/posts\/56767","targetHints":{"allow":["GET"]}}],"collection":[{"href":"https:\/\/miradordeatarfe.es\/index.php?rest_route=\/wp\/v2\/posts"}],"about":[{"href":"https:\/\/miradordeatarfe.es\/index.php?rest_route=\/wp\/v2\/types\/post"}],"author":[{"embeddable":true,"href":"https:\/\/miradordeatarfe.es\/index.php?rest_route=\/wp\/v2\/users\/1"}],"replies":[{"embeddable":true,"href":"https:\/\/miradordeatarfe.es\/index.php?rest_route=%2Fwp%2Fv2%2Fcomments&post=56767"}],"version-history":[{"count":1,"href":"https:\/\/miradordeatarfe.es\/index.php?rest_route=\/wp\/v2\/posts\/56767\/revisions"}],"predecessor-version":[{"id":56769,"href":"https:\/\/miradordeatarfe.es\/index.php?rest_route=\/wp\/v2\/posts\/56767\/revisions\/56769"}],"wp:featuredmedia":[{"embeddable":true,"href":"https:\/\/miradordeatarfe.es\/index.php?rest_route=\/wp\/v2\/media\/56768"}],"wp:attachment":[{"href":"https:\/\/miradordeatarfe.es\/index.php?rest_route=%2Fwp%2Fv2%2Fmedia&parent=56767"}],"wp:term":[{"taxonomy":"category","embeddable":true,"href":"https:\/\/miradordeatarfe.es\/index.php?rest_route=%2Fwp%2Fv2%2Fcategories&post=56767"},{"taxonomy":"post_tag","embeddable":true,"href":"https:\/\/miradordeatarfe.es\/index.php?rest_route=%2Fwp%2Fv2%2Ftags&post=56767"}],"curies":[{"name":"wp","href":"https:\/\/api.w.org\/{rel}","templated":true}]}}