{"id":56770,"date":"2022-10-24T08:09:29","date_gmt":"2022-10-24T06:09:29","guid":{"rendered":"https:\/\/miradordeatarfe.es\/?p=56770"},"modified":"2022-10-17T19:59:42","modified_gmt":"2022-10-17T17:59:42","slug":"56770","status":"publish","type":"post","link":"https:\/\/miradordeatarfe.es\/?p=56770","title":{"rendered":"Nobel para las segundas revoluciones"},"content":{"rendered":"<h3 style=\"text-align: justify;\">Hace un a\u00f1o, no le dimos mucho hueco a los Nobel: <strong>est\u00e1bamos mirando al volc\u00e1n de La Palma<\/strong>. Metaf\u00f3ricamente, pero tambi\u00e9n literalmente: mis compa\u00f1eros Nu\u00f1o Dom\u00ednguez y Manuel Ansede dieron cuenta de los premiados desde la isla canaria, mientras preparaban informaciones relacionadas con la erupci\u00f3n.<\/h3>\n<p style=\"text-align: justify;\">Este a\u00f1o, ya desde la redacci\u00f3n, llama la atenci\u00f3n que hay un fino hilo conductor que relaciona a los tres premios cient\u00edficos de este a\u00f1o. En Medicina, F\u00edsica y Qu\u00edmica se han reconocido contribuciones que suponen <strong>segundas revoluciones en sus respectivas disciplinas<\/strong>. Vamos a explicarlo (y no es f\u00e1cil, trat\u00e1ndose de f\u00edsica cu\u00e1ntica y mol\u00e9culas).<\/p>\n<p style=\"text-align: justify;\">En F\u00edsica, <a href=\"http:\/\/t.info.elpais.com\/r\/?id=h4d413492,9c29b18,499ad47&amp;mid=DM144302&amp;bid=1296118930\" target=\"_blank\" rel=\"noopener\" data-saferedirecturl=\"https:\/\/www.google.com\/url?q=http:\/\/t.info.elpais.com\/r\/?id%3Dh4d413492,9c29b18,499ad47%26mid%3DDM144302%26bid%3D1296118930&amp;source=gmail&amp;ust=1665746769076000&amp;usg=AOvVaw3UubwxaCu0Anq3lLamAexE\">los premiados fueron<\/a> el franc\u00e9s Alain Aspect, el estadounidense John Clauser y el austriaco Anton Zeilinger por su trabajo pionero en la <strong>ciencia de la comunicaci\u00f3n cu\u00e1ntica<\/strong>. Me gusta especialmente que uno de los trabajos experimentales m\u00e1s chulos de este campo se realiz\u00f3 al \u201cteleportar un estado cu\u00e1ntico\u201d entre dos fotones de luz entrelazados y separados por 143 kil\u00f3metros: uno estaba, precisamente, en la isla canaria de La Palma y otro, en Tenerife.<\/p>\n<p style=\"text-align: justify;\">El f\u00edsico espa\u00f1ol Ignacio Cirac, director del Instituto Max Planck de \u00d3ptica Cu\u00e1ntica en Alemania, explic\u00f3 cuando le llamamos: \u00abSon los pioneros que han dado lugar a <strong>la segunda revoluci\u00f3n cu\u00e1ntica<\/strong>, que es el procesar y transmitir informaci\u00f3n utilizando las leyes de la f\u00edsica cu\u00e1ntica\u201d. La primera revoluci\u00f3n, hace un siglo, se produjo a partir de los debates sobre la mec\u00e1nica cu\u00e1ntica entre Albert Einstein y Niels Bohr (las cosas siempre suelen ser un poco m\u00e1s complejas de c\u00f3mo nos las contamos para sintetizar el relato) y dio lugar a nuevas tecnolog\u00edas como la electr\u00f3nica, los l\u00e1seres y los superconductores.<\/p>\n<p style=\"text-align: justify;\">Los premiados, con experimentos efectuados desde la d\u00e9cada de 1970 hasta el de Canarias, habr\u00edan dado paso a la segunda revoluci\u00f3n, se\u00f1ala Cirac:<\/p>\n<blockquote>\n<p>\u201cLa f\u00edsica cu\u00e1ntica tiene <strong>aspectos muy ex\u00f3ticos<\/strong>, que nos sorprenden a todos. Alain Aspect, John Clauser y Anton Zeilinger son los que hicieron los experimentos que demostraron que la naturaleza es realmente as\u00ed de ex\u00f3tica. Verificaron que las <strong>predicciones m\u00e1s absurdas<\/strong> de la f\u00edsica cu\u00e1ntica son correctas\u201d.<\/p>\n<\/blockquote>\n<div id=\"m_7425180822385499475sumario_2|foto\" style=\"text-align: justify;\"><a name=\"m_7425180822385499475_sumario_2\"><\/a><\/p>\n<div class=\"m_7425180822385499475media\">\n<div class=\"m_7425180822385499475foto\"><a title=\"pulsa en la foto\" href=\"http:\/\/t.info.elpais.com\/r\/?id=h4d413492,9c29b18,499ad48&amp;mid=DM144302&amp;bid=1296118930\" target=\"_blank\" rel=\"noopener\" data-saferedirecturl=\"https:\/\/www.google.com\/url?q=http:\/\/t.info.elpais.com\/r\/?id%3Dh4d413492,9c29b18,499ad48%26mid%3DDM144302%26bid%3D1296118930&amp;source=gmail&amp;ust=1665746769076000&amp;usg=AOvVaw2WjYZT8RmmYjPd6thBevi1\"><img decoding=\"async\" class=\"CToWUd alignleft\" title=\"Experimento entre Tenerife y La Palma de 2012.\" src=\"https:\/\/ci3.googleusercontent.com\/proxy\/7R1Y5r7hJxgRvXt6OxDISTRwAiwmWYSqSZnDzQwuVCtwt0ygRp7T4Un5u2_R7oPKwi56JD9OfyrcfWgjMGXIquFAcuv_fdBTQkxHeZdyfnwrRvGM-HtmKLb5YLazofDkKHAZhsgBmEieAcNZ8Y_enIJZE96J6cDd_HSO8K1q_OUmYPv9vbZ9pLaY=s0-d-e1-ft#http:\/\/elpais.com\/elpais\/imagenes\/2021\/03\/11\/newsletter_materia_boletin\/1615486303_333222_1665165236_sumario_normal.jpg\" alt=\"Experimento entre Tenerife y La Palma de 2012.\" width=\"600\" data-bit=\"iit\" \/><span id=\"m_7425180822385499475capaAmpliarFotoReposo_p9\"><\/span> <\/a><\/p>\n<p>Experimento entre Tenerife y La Palma de 2012. \/ <span class=\"m_7425180822385499475firma\">ESA<\/span><\/p>\n<\/div>\n<\/div>\n<\/div>\n<p style=\"text-align: justify;\">Es decir, aterrizaron unos logros te\u00f3ricos de aquellos titanes que se reun\u00edan en Solvay, y pasaron de los <strong>famosos experimentos mentales de Einstein<\/strong> a experimentos reales en los que pon\u00edan a prueba esas cosas absurdas como la teleportaci\u00f3n cu\u00e1ntica de dos part\u00edculas entrelazadas.<\/p>\n<ul style=\"text-align: justify;\">\n<li>Si todo esto te suena a chino, dos consejos: no te preocupes, porque efectivamente es un poco chino; y l\u00e9ete <a href=\"http:\/\/t.info.elpais.com\/r\/?id=h4d413492,9c29b18,499ad49&amp;mid=DM144302&amp;bid=1296118930\" target=\"_blank\" rel=\"noopener\" data-saferedirecturl=\"https:\/\/www.google.com\/url?q=http:\/\/t.info.elpais.com\/r\/?id%3Dh4d413492,9c29b18,499ad49%26mid%3DDM144302%26bid%3D1296118930&amp;source=gmail&amp;ust=1665746769076000&amp;usg=AOvVaw2MGKuCbBmid9AayxioKWpJ\">esta entrevista<\/a> que le hicimos al especialista Alberto Casas, que nos ayud\u00f3 a confeccionar una <strong>gu\u00eda b\u00e1sica para entender toda esta movida cu\u00e1ntica<\/strong>.<\/li>\n<\/ul>\n<p style=\"text-align: justify;\">En Qu\u00edmica, tambi\u00e9n se premi\u00f3 a la segunda revoluci\u00f3n de su campo: <a href=\"http:\/\/t.info.elpais.com\/r\/?id=h4d413492,9c29b18,499ad4a&amp;mid=DM144302&amp;bid=1296118930\" target=\"_blank\" rel=\"noopener\" data-saferedirecturl=\"https:\/\/www.google.com\/url?q=http:\/\/t.info.elpais.com\/r\/?id%3Dh4d413492,9c29b18,499ad4a%26mid%3DDM144302%26bid%3D1296118930&amp;source=gmail&amp;ust=1665746769076000&amp;usg=AOvVaw3Ebhqszqfv7HEvoOhbdqiM\">Carolyn Bertozzi, Morten Meldal y Barry Sharpless<\/a> desarrollaron herramientas para producir mol\u00e9culas \u2014como f\u00e1rmacos y nuevos materiales\u2014 de manera r\u00e1pida, <strong>incluso en el interior de las c\u00e9lulas<\/strong>. De entender c\u00f3mo funcionan a hacerlas funcionar:<\/p>\n<blockquote>\n<p>\u201cLa qu\u00edmica del clic y las reacciones bioortogonales <strong>han llevado a la qu\u00edmica a la era del funcionalismo<\/strong>, con un enorme beneficio para la humanidad\u201d, sentencia la instituci\u00f3n. Uno de los miembros del comit\u00e9 del Nobel, el qu\u00edmico sueco Olof Ramstr\u00f6m, ha afirmado tras la ceremonia que \u201clos m\u00e9todos para conectar mol\u00e9culas funcionan esencialmente <strong>como hacer construcciones con los bloques de Lego<\/strong>\u201d.<\/p>\n<\/blockquote>\n<p style=\"text-align: justify;\">Hablando de segundos, importante resaltar aqu\u00ed que <strong>Sharpless es la quinta persona que recibe dos premios Nobel<\/strong>, tras Marie Curie, Frederick Sanger, Linus Pauling y John Bardeen.<a title=\"pulsa en la foto\" href=\"http:\/\/t.info.elpais.com\/r\/?id=h4d413492,9c29b18,499ad4b&amp;mid=DM144302&amp;bid=1296118930\" target=\"_blank\" rel=\"noopener\" data-saferedirecturl=\"https:\/\/www.google.com\/url?q=http:\/\/t.info.elpais.com\/r\/?id%3Dh4d413492,9c29b18,499ad4b%26mid%3DDM144302%26bid%3D1296118930&amp;source=gmail&amp;ust=1665746769076000&amp;usg=AOvVaw3-46yg7XvKg2QOEl-TCuo4\"><img decoding=\"async\" class=\"CToWUd alignright\" title=\"Svante P\u00e4\u00e4bo, en Alicante, en 2019.\" src=\"https:\/\/ci5.googleusercontent.com\/proxy\/hjh8fFv_KZxgllm8eV-2LW9MO2Nxz6RC87Bbd_pw1tk93o4BpKlRlitCb7ZPuBH7wegeMMZ4XNQNRnWf04_wgk6pig5wmqvPFV9SVszvztnTSoWznMUlV0roEx3BmGnz7TFToFWWSQ6-uHFQzyqYtcBOKo38gn6stB2HfsN5pcT6Ey8bvdQSZpjT=s0-d-e1-ft#http:\/\/elpais.com\/elpais\/imagenes\/2021\/03\/11\/newsletter_materia_boletin\/1615486303_333222_1665165269_sumario_normal.jpg\" alt=\"Svante P\u00e4\u00e4bo, en Alicante, en 2019.\" width=\"600\" data-bit=\"iit\" \/><span id=\"m_7425180822385499475capaAmpliarFotoReposo_p14\"><\/span> <\/a><\/p>\n<div id=\"m_7425180822385499475sumario_3|foto\" style=\"text-align: justify;\">\n<div class=\"m_7425180822385499475media\">\n<div class=\"m_7425180822385499475foto\">\n<p>Svante P\u00e4\u00e4bo, en Alicante, en 2019. \/ <span class=\"m_7425180822385499475firma\">PEPE OLIVARES<\/span><\/p>\n<\/div>\n<\/div>\n<\/div>\n<p style=\"text-align: justify;\">De ah\u00ed saltamos al tercero, el de Medicina o Fisiolog\u00eda, que se le entreg\u00f3 <a href=\"http:\/\/t.info.elpais.com\/r\/?id=h4d413492,9c29b18,499ad4c&amp;mid=DM144302&amp;bid=1296118930\" target=\"_blank\" rel=\"noopener\" data-saferedirecturl=\"https:\/\/www.google.com\/url?q=http:\/\/t.info.elpais.com\/r\/?id%3Dh4d413492,9c29b18,499ad4c%26mid%3DDM144302%26bid%3D1296118930&amp;source=gmail&amp;ust=1665746769076000&amp;usg=AOvVaw3Z4G2z6ebTAlfqHJmv8Oaq\">al sueco Svante P\u00e4\u00e4bo<\/a> por, entre otras cosas, demostrar algo sencillamente impensable hace no mucho: que <strong>sapiens y neandertales tuvimos descendencia juntos<\/strong>. Como detall\u00f3 Guillermo Altares <a href=\"http:\/\/t.info.elpais.com\/r\/?id=h4d413492,9c29b18,499ad4d&amp;mid=DM144302&amp;bid=1296118930\" target=\"_blank\" rel=\"noopener\" data-saferedirecturl=\"https:\/\/www.google.com\/url?q=http:\/\/t.info.elpais.com\/r\/?id%3Dh4d413492,9c29b18,499ad4d%26mid%3DDM144302%26bid%3D1296118930&amp;source=gmail&amp;ust=1665746769076000&amp;usg=AOvVaw07Fy5aCio_xOBMoHKimMtq\">en un art\u00edculo<\/a> tras el premio:<\/p>\n<blockquote>\n<p>\u00abEl propio P\u00e4\u00e4bo explica que fue el primer sorprendido cuando descubri\u00f3 que todos los humanos modernos tienen entre un 2% y un 4% de genoma neandertal. De repente, las fronteras entre unas especies humanas y otras se abolieron. Para algunos investigadores, <strong>los neandertales no se han extinguido porque, b\u00e1sicamente, somos nosotros<\/strong>: nunca ha habido tantos genes neandertales sobre la faz de la tierra como en la actualidad\u00bb.<\/p>\n<\/blockquote>\n<p style=\"text-align: justify;\">Poca cosa: descubrir que los humanos actuales somos un animal mestizo, pero no de razas, sino de <strong>especies humanas distintas que convivieron<\/strong>, con derecho a roce y a tener hijos juntos. Primero lleg\u00f3 la revoluci\u00f3n de la paleontolog\u00eda, cuando se comenz\u00f3 a conocer el complej\u00edsimo \u00e1rbol de la evoluci\u00f3n humana, y con P\u00e4\u00e4bo lleg\u00f3 <strong>una nueva disciplina: la paleogen\u00f3mica<\/strong>. Como resalt\u00f3 el jurado: \u201cAl desvelar las diferencias gen\u00e9ticas entre las personas actuales y los hom\u00ednidos extintos, sus descubrimientos permiten investigar qu\u00e9 nos hace genuinamente humanos\u201d.<\/p>\n<p style=\"text-align: justify;\">Un pie de p\u00e1gina en esta historia tiene que ver con la vida personal de dos de los premiados. Porque Carolyn Bertozzi <a href=\"http:\/\/t.info.elpais.com\/r\/?id=h4d413492,9c29b18,499ad4e\" target=\"_blank\" rel=\"noopener\" data-saferedirecturl=\"https:\/\/www.google.com\/url?q=http:\/\/t.info.elpais.com\/r\/?id%3Dh4d413492,9c29b18,499ad4e&amp;source=gmail&amp;ust=1665746769076000&amp;usg=AOvVaw1IpXlzYxch9jYZlVrmVGT1\">es lesbiana<\/a> y Svante P\u00e4\u00e4bo cont\u00f3 en su autobiograf\u00eda que <a href=\"http:\/\/t.info.elpais.com\/r\/?id=h4d413492,9c29b18,499ad4f&amp;mid=DM144302&amp;bid=1296118930\" target=\"_blank\" rel=\"noopener\" data-saferedirecturl=\"https:\/\/www.google.com\/url?q=http:\/\/t.info.elpais.com\/r\/?id%3Dh4d413492,9c29b18,499ad4f%26mid%3DDM144302%26bid%3D1296118930&amp;source=gmail&amp;ust=1665746769076000&amp;usg=AOvVaw3ezvImT9yxuppXLWNH5Bft\">es bisexual<\/a>. Creo que es relevante porque no es com\u00fan: <a href=\"http:\/\/t.info.elpais.com\/r\/?id=h4d413492,9c29b18,499ad50\" target=\"_blank\" rel=\"noopener\" data-saferedirecturl=\"https:\/\/www.google.com\/url?q=http:\/\/t.info.elpais.com\/r\/?id%3Dh4d413492,9c29b18,499ad50&amp;source=gmail&amp;ust=1665746769076000&amp;usg=AOvVaw1gW7LUoNDvpOcm_hKtqZEK\">seg\u00fan la Wikipedia<\/a>, solo hab\u00eda ocho premiados LGBT hasta 2021 (incluidos dos espa\u00f1oles: Vicente Aleixandre y Jacinto Benavente), 8 de 943. Y sobre todo porque tambi\u00e9n muestra que, afortunadamente, llegan nuevos tiempos y aparecen estos perfiles entre los galardonados. <strong>Grandes profesionales que ya no tienen que ocultar c\u00f3mo son<\/strong>. Es f\u00e1cil acordarse de gente como <a href=\"http:\/\/t.info.elpais.com\/r\/?id=h4d413492,9c29b18,499ad51&amp;mid=DM144302&amp;bid=1296118930\" target=\"_blank\" rel=\"noopener\" data-saferedirecturl=\"https:\/\/www.google.com\/url?q=http:\/\/t.info.elpais.com\/r\/?id%3Dh4d413492,9c29b18,499ad51%26mid%3DDM144302%26bid%3D1296118930&amp;source=gmail&amp;ust=1665746769076000&amp;usg=AOvVaw1BWhtGhKUNhBegxp34YFgl\">Alan Turing<\/a>, que quiz\u00e1 hubiera llegado a recibir un premio como el Nobel, pero acab\u00f3 suicid\u00e1ndose con 41 a\u00f1os, precisamente tras ser <strong>condenado por su homosexualidad<\/strong>.<\/p>\n<div id=\"m_7425180822385499475sumario_4|foto\" style=\"text-align: justify;\"><a name=\"m_7425180822385499475_sumario_4\"><\/a><\/p>\n<div class=\"m_7425180822385499475media\">\n<div class=\"m_7425180822385499475foto\"><a title=\"pulsa en la foto\" href=\"http:\/\/t.info.elpais.com\/r\/?id=h4d413492,9c29b18,499ad52&amp;mid=DM144302&amp;bid=1296118930\" target=\"_blank\" rel=\"noopener\" data-saferedirecturl=\"https:\/\/www.google.com\/url?q=http:\/\/t.info.elpais.com\/r\/?id%3Dh4d413492,9c29b18,499ad52%26mid%3DDM144302%26bid%3D1296118930&amp;source=gmail&amp;ust=1665746769076000&amp;usg=AOvVaw06ERtECODOIoRdKqDfQvdI\"><img decoding=\"async\" class=\"CToWUd alignleft\" title=\"La qu\u00edmica estadounidense Carolyn Bertozzi, de la Universidad de Stanford.\" src=\"https:\/\/ci5.googleusercontent.com\/proxy\/85-Syf_UmyEmqoE5X__UXQKOkDoHKDdoBJTfJZ2nXySqcIr2Q6IrUZOvuvEHHZ6hK_bXQduBYnaKbP1NjiFTsdO4cRGXqfyJOIvi4DA1CIUTp5CzaXS_ZXrSexV9zrIa7yVpa9v8jKOXKmFkNz9QMu5fC_AvuQlAMux6WIoN4afUR2zYWv7pglpx=s0-d-e1-ft#http:\/\/elpais.com\/elpais\/imagenes\/2021\/03\/11\/newsletter_materia_boletin\/1615486303_333222_1665165293_sumario_normal.jpg\" alt=\"La qu\u00edmica estadounidense Carolyn Bertozzi, de la Universidad de Stanford.\" width=\"600\" data-bit=\"iit\" \/><span id=\"m_7425180822385499475capaAmpliarFotoReposo_p18\"><\/span> <\/a><\/p>\n<p>La qu\u00edmica estadounidense Carolyn Bertozzi, de la Universidad de Stanford. \/ <span class=\"m_7425180822385499475firma\">ANDREW BRODHEAD<\/span><\/p>\n<\/div>\n<\/div>\n<\/div>\n<p style=\"text-align: justify;\">Llama la atenci\u00f3n esto que dijo Bertozzi en <a href=\"http:\/\/t.info.elpais.com\/r\/?id=h4d413492,9c29b18,499ad53\" target=\"_blank\" rel=\"noopener\" data-saferedirecturl=\"https:\/\/www.google.com\/url?q=http:\/\/t.info.elpais.com\/r\/?id%3Dh4d413492,9c29b18,499ad53&amp;source=gmail&amp;ust=1665746769076000&amp;usg=AOvVaw1exwOk-lA4IojMUNf-6McU\">una entrevista<\/a> previa al Nobel, cuando le preguntaron si sufr\u00eda discriminaci\u00f3n por ser lesbiana:<\/p>\n<blockquote>\n<p>\u00abDefinitivamente, tengo trolls en Twitter; cualquier mujer en las redes sociales lo sufre. Pero nada comparado con la flagrante homofobia de mis a\u00f1os universitarios. Sin embargo, sorprendentemente, <strong>ser mujer era y sigue siendo peor que ser lesbiana<\/strong>\u00ab.<\/p>\n<\/blockquote>\n<p style=\"text-align: justify;\">Con Bertozzi, ocho mujeres han recibido el Nobel de Qu\u00edmica, del total de 189 galardonados: el 4%.<\/p>\n<ul style=\"text-align: justify;\">\n<li>Los <a href=\"http:\/\/t.info.elpais.com\/r\/?id=h4d413492,9c29b18,499ad54&amp;mid=DM144302&amp;bid=1296118930\" target=\"_blank\" rel=\"noopener\" data-saferedirecturl=\"https:\/\/www.google.com\/url?q=http:\/\/t.info.elpais.com\/r\/?id%3Dh4d413492,9c29b18,499ad54%26mid%3DDM144302%26bid%3D1296118930&amp;source=gmail&amp;ust=1665746769076000&amp;usg=AOvVaw2QpB_n6gNrXeWxISvC_Xlr\">Premios Nacionales de Investigaci\u00f3n<\/a> reconocieron esta semana, por primera vez, el trabajo de los <strong>j\u00f3venes investigadores<\/strong>. Entre los galardonados tambi\u00e9n destacan cient\u00edficos de importante trayectoria como Mariano Barbacid, Ana Mart\u00ednez Gil y el fil\u00f3sofo <a href=\"http:\/\/t.info.elpais.com\/r\/?id=h4d413492,9c29b18,499ad55&amp;mid=DM144302&amp;bid=1296118930\" target=\"_blank\" rel=\"noopener\" data-saferedirecturl=\"https:\/\/www.google.com\/url?q=http:\/\/t.info.elpais.com\/r\/?id%3Dh4d413492,9c29b18,499ad55%26mid%3DDM144302%26bid%3D1296118930&amp;source=gmail&amp;ust=1665746769076000&amp;usg=AOvVaw0neLBhUbPZtawigOEUzGkR\">Daniel Innerarity<\/a>.<\/li>\n<li>\u00a0<\/li>\n<li>EL PAIS MATERIA<\/li>\n<\/ul>\n<p style=\"text-align: justify;\">FOTO: Desde la izquierda, Anton Zeilinger, Alain Aspect y John Clauser.<\/p>\n<p style=\"text-align: justify;\">\u00a0<\/p>\n","protected":false},"excerpt":{"rendered":"<p>Hace un a\u00f1o, no le dimos mucho hueco a los Nobel: est\u00e1bamos mirando al volc\u00e1n&#8230;<\/p>\n","protected":false},"author":1,"featured_media":56771,"comment_status":"closed","ping_status":"closed","sticky":false,"template":"","format":"standard","meta":{"_coblocks_attr":"","_coblocks_dimensions":"","_coblocks_responsive_height":"","_coblocks_accordion_ie_support":"","jetpack_post_was_ever_published":false,"_jetpack_newsletter_access":"","_jetpack_dont_email_post_to_subs":false,"_jetpack_newsletter_tier_id":0,"_jetpack_memberships_contains_paywalled_content":false,"_jetpack_memberships_contains_paid_content":false,"footnotes":"","jetpack_publicize_message":"","jetpack_publicize_feature_enabled":true,"jetpack_social_post_already_shared":true,"jetpack_social_options":{"image_generator_settings":{"template":"highway","default_image_id":0,"enabled":false},"version":2}},"categories":[44,7671,6937,15],"tags":[4676,9644],"class_list":["post-56770","post","type-post","status-publish","format-standard","has-post-thumbnail","hentry","category-noticias-de-hoy","category-politica","category-sociedad","category-ultimas-noticias","tag-investigaciones","tag-premios-nobel"],"jetpack_publicize_connections":[],"jetpack_featured_media_url":"https:\/\/i0.wp.com\/miradordeatarfe.es\/wp-content\/uploads\/2022\/10\/unnamed3.jpg?fit=980%2C552&ssl=1","jetpack_likes_enabled":true,"jetpack_sharing_enabled":true,"_links":{"self":[{"href":"https:\/\/miradordeatarfe.es\/index.php?rest_route=\/wp\/v2\/posts\/56770","targetHints":{"allow":["GET"]}}],"collection":[{"href":"https:\/\/miradordeatarfe.es\/index.php?rest_route=\/wp\/v2\/posts"}],"about":[{"href":"https:\/\/miradordeatarfe.es\/index.php?rest_route=\/wp\/v2\/types\/post"}],"author":[{"embeddable":true,"href":"https:\/\/miradordeatarfe.es\/index.php?rest_route=\/wp\/v2\/users\/1"}],"replies":[{"embeddable":true,"href":"https:\/\/miradordeatarfe.es\/index.php?rest_route=%2Fwp%2Fv2%2Fcomments&post=56770"}],"version-history":[{"count":3,"href":"https:\/\/miradordeatarfe.es\/index.php?rest_route=\/wp\/v2\/posts\/56770\/revisions"}],"predecessor-version":[{"id":56774,"href":"https:\/\/miradordeatarfe.es\/index.php?rest_route=\/wp\/v2\/posts\/56770\/revisions\/56774"}],"wp:featuredmedia":[{"embeddable":true,"href":"https:\/\/miradordeatarfe.es\/index.php?rest_route=\/wp\/v2\/media\/56771"}],"wp:attachment":[{"href":"https:\/\/miradordeatarfe.es\/index.php?rest_route=%2Fwp%2Fv2%2Fmedia&parent=56770"}],"wp:term":[{"taxonomy":"category","embeddable":true,"href":"https:\/\/miradordeatarfe.es\/index.php?rest_route=%2Fwp%2Fv2%2Fcategories&post=56770"},{"taxonomy":"post_tag","embeddable":true,"href":"https:\/\/miradordeatarfe.es\/index.php?rest_route=%2Fwp%2Fv2%2Ftags&post=56770"}],"curies":[{"name":"wp","href":"https:\/\/api.w.org\/{rel}","templated":true}]}}