{"id":5678,"date":"2016-01-01T09:39:11","date_gmt":"2016-01-01T09:39:11","guid":{"rendered":"http:\/\/miradordeatarfe.es\/?p=5678"},"modified":"2015-12-28T20:50:52","modified_gmt":"2015-12-28T20:50:52","slug":"los-emigrantes-espanoles-vuelven-a-casa-por-navidad-sin-sanidad","status":"publish","type":"post","link":"https:\/\/miradordeatarfe.es\/?p=5678","title":{"rendered":"Los emigrantes espa\u00f1oles vuelven a casa por Navidad sin sanidad"},"content":{"rendered":"<p style=\"text-align: justify;\">Los emigrantes espa\u00f1oles vuelven a casa esta Navidad y lo hacen sin <strong><a title=\"sanidad\" href=\"http:\/\/www.lasexta.com\/temas\/noticias\/sanidad-1.html\">sanidad. <\/a><\/strong>Algunos cambios legislativos han hecho que las personas que pasan m\u00e1s de 90 d\u00edas fuera de Espa\u00f1a no tengan derecho a la tarjeta sanitaria. La Maraea Granate y &#8216;Yo s\u00ed Sanidad Universal&#8217; denuncian, con una campa\u00f1a, los casos de exclusi\u00f3n sanitaria.<!--more--><\/p>\n<p style=\"text-align: justify;\">Mar\u00eda vuelve a casa por Navidad, pero <strong>a punto de quedarse sin sanidad<\/strong>. Explica que tuvo que emigar porque no ten\u00eda trabajo que en febrero se le acaba la vigencia de su tarjeta sanitaria: \u00abMe extendieron un poco el derecho a la salud, me extendieron la tarjeta sanitaria durante una teporada pero se me acaba en febrero\u00bb.<\/p>\n<p>La reforma sanitaria de 2012, dice, excluye del sistema a los emigrados que pasan m\u00e1s de 90 d\u00edas fuera de Espa\u00f1a. Juan Luis Ruiz, miembro de &#8216;<strong>Yo S\u00ed Sanidad Universal<\/strong>&#8216;, explica que \u00abesto es una medida que se tom\u00f3 de forma arbitraria que est\u00e1 haciendo mucho da\u00f1o\u00bb.<\/p>\n<p style=\"text-align: justify;\">Los colectivos de la Marea Granate y &#8216;Yo S\u00ed Sanidad Universal&#8217; han lanzado una <strong>campa\u00f1a para que los emigrantes denuncien si sufren la exclusi\u00f3n sanitaria<\/strong>.<\/p>\n<p style=\"text-align: justify;\">Exclusi\u00f3n como la que sufri\u00f3 Esperanza cuando volvi\u00f3 de Centroam\u00e9rica. Est\u00e1 enferma y al pedir ser atendida ser <strong>atendida en una unidad de enfermedades tropicales<\/strong> se encontr\u00f3 con que su tarjeta estaba desactivada. Ella misma destaca que le dijeron que estaba \u00abutilizando de forma irregular la tarjeta\u00bb y que ten\u00eda \u00abla responsabilidad de haber usado as\u00ed la tarjeta\u00bb.<\/p>\n<p>Oculta su rostro porque todav\u00eda est\u00e1 a la espera de la factura. El Ministerio de Sanidad ha asegurado a laSexta que<strong> todos los espa\u00f1oles tienen derecho a la tarjeta sanitaria<\/strong>. No obstante, los afectados piden derogar cuanto antes el real decreto de 2012 que aseguran, exluyen de la sanidad a miles de espa\u00f1oles.<\/p>\n","protected":false},"excerpt":{"rendered":"<p>Los emigrantes espa\u00f1oles vuelven a casa esta Navidad y lo hacen sin sanidad. Algunos cambios&#8230;<\/p>\n","protected":false},"author":1,"featured_media":5679,"comment_status":"closed","ping_status":"closed","sticky":false,"template":"","format":"standard","meta":{"_coblocks_attr":"","_coblocks_dimensions":"","_coblocks_responsive_height":"","_coblocks_accordion_ie_support":"","jetpack_post_was_ever_published":false,"_jetpack_newsletter_access":"","_jetpack_dont_email_post_to_subs":false,"_jetpack_newsletter_tier_id":0,"_jetpack_memberships_contains_paywalled_content":false,"_jetpack_memberships_contains_paid_content":false,"footnotes":"","jetpack_publicize_message":"","jetpack_publicize_feature_enabled":true,"jetpack_social_post_already_shared":false,"jetpack_social_options":{"image_generator_settings":{"template":"highway","default_image_id":0,"enabled":false},"version":2}},"categories":[44,15,10],"tags":[1795,55,1910],"class_list":["post-5678","post","type-post","status-publish","format-standard","has-post-thumbnail","hentry","category-noticias-de-hoy","category-ultimas-noticias","category-salud","tag-extranjeros","tag-salud","tag-tarjeta-sanitaria"],"jetpack_publicize_connections":[],"jetpack_featured_media_url":"https:\/\/i0.wp.com\/miradordeatarfe.es\/wp-content\/uploads\/2015\/12\/maria.jpeg?fit=306%2C165&ssl=1","jetpack_likes_enabled":true,"jetpack_sharing_enabled":true,"_links":{"self":[{"href":"https:\/\/miradordeatarfe.es\/index.php?rest_route=\/wp\/v2\/posts\/5678","targetHints":{"allow":["GET"]}}],"collection":[{"href":"https:\/\/miradordeatarfe.es\/index.php?rest_route=\/wp\/v2\/posts"}],"about":[{"href":"https:\/\/miradordeatarfe.es\/index.php?rest_route=\/wp\/v2\/types\/post"}],"author":[{"embeddable":true,"href":"https:\/\/miradordeatarfe.es\/index.php?rest_route=\/wp\/v2\/users\/1"}],"replies":[{"embeddable":true,"href":"https:\/\/miradordeatarfe.es\/index.php?rest_route=%2Fwp%2Fv2%2Fcomments&post=5678"}],"version-history":[{"count":3,"href":"https:\/\/miradordeatarfe.es\/index.php?rest_route=\/wp\/v2\/posts\/5678\/revisions"}],"predecessor-version":[{"id":5682,"href":"https:\/\/miradordeatarfe.es\/index.php?rest_route=\/wp\/v2\/posts\/5678\/revisions\/5682"}],"wp:featuredmedia":[{"embeddable":true,"href":"https:\/\/miradordeatarfe.es\/index.php?rest_route=\/wp\/v2\/media\/5679"}],"wp:attachment":[{"href":"https:\/\/miradordeatarfe.es\/index.php?rest_route=%2Fwp%2Fv2%2Fmedia&parent=5678"}],"wp:term":[{"taxonomy":"category","embeddable":true,"href":"https:\/\/miradordeatarfe.es\/index.php?rest_route=%2Fwp%2Fv2%2Fcategories&post=5678"},{"taxonomy":"post_tag","embeddable":true,"href":"https:\/\/miradordeatarfe.es\/index.php?rest_route=%2Fwp%2Fv2%2Ftags&post=5678"}],"curies":[{"name":"wp","href":"https:\/\/api.w.org\/{rel}","templated":true}]}}