{"id":56784,"date":"2022-10-20T10:40:13","date_gmt":"2022-10-20T08:40:13","guid":{"rendered":"https:\/\/miradordeatarfe.es\/?p=56784"},"modified":"2022-10-17T13:13:19","modified_gmt":"2022-10-17T11:13:19","slug":"el-proximo-dia-de-la-cruz-sera-festivo-en-granada","status":"publish","type":"post","link":"https:\/\/miradordeatarfe.es\/?p=56784","title":{"rendered":"El pr\u00f3ximo D\u00eda de la Cruz ser\u00e1 festivo en Granada"},"content":{"rendered":"<div class=\"voc-article-container\">\n<article class=\"voc-article voc-article--detail voc-article--detail--base voc-article--photo-bottom\">\n<div class=\"voc-info-container\">\n<h2 class=\"voc-sub-title\">La propuesta del equipo de gobierno avalada por el grupo municipal popular ser\u00e1 aprobada en el pleno de este mes de octubre<\/h2>\n<\/div>\n<\/article>\n<\/div>\n<div class=\"voc-detail\" data-voc-share-selection=\"\">\n<p class=\"voc-paragraph\">El D\u00eda de la Cruz de 2023 ser\u00e1 festivo, y por lo tanto no lectivo, en Granada. Es una propuesta del equipo de gobierno que avala el grupo municipal popular y que quedar\u00e1 refrendado en el pr\u00f3ximo pleno este mes de octubre. De esta forma, se pretende recuperar una de las fiestas con m\u00e1s arraigo de los granadinos de manera que los ni\u00f1os y los mayores la puedan disfrutar en toda su plenitud.<\/p>\n<p class=\"voc-paragraph\">La intenci\u00f3n del Ayuntamiento de Granada es que, de esta forma, aumenten las cruces en la ciudad. Para ello, el equipo de gobierno, adem\u00e1s de declarar festivo el 3 de mayo (mi\u00e9rcoles), estudia permitir desde el martes d\u00eda 2 por la tarde la instalaci\u00f3n de las cruces y de las barras, de manera que haya m\u00e1s tiempo para disfrutar de la fiesta y les sea m\u00e1s rentable a aquellos que instalen dichas barras. Eso s\u00ed, seguir\u00e1n existiendo las limitaciones horarias para mantener la esencia de la fiesta y, de paso, permitir el descanso de los vecinos de las zonas donde queden instaladas las barras.<\/p>\n<p class=\"voc-paragraph\">El hecho de que el 1 de enero de 2023 caiga en domingo hace que el festivo pase al d\u00eda 2, por lo tanto permite al equipo de gobierno utilizar ese festivo en otra fecha, ya que habr\u00eda que trasladar el D\u00eda de la Toma al 3 de enero. Este 2022 fue festivo el 26 de mayo, d\u00eda de Mariana Pineda, pero en 2023 ser\u00e1 el D\u00eda de la Cruz. Sin embargo, el Ayuntamiento pretende que la festividad en honor a la hero\u00edna granadina no se pierda, por eso estudia declarar el tercer domingo de mayo como D\u00eda de Mariana, para honrar su figura cada a\u00f1o.<\/p>\n<p class=\"voc-paragraph\">El equipo de gobierno pretende que d\u00edas tan se\u00f1alados para los granadinos tengan m\u00e1s arraigo. Por eso, el pr\u00f3ximo D\u00eda de la Cruz ser\u00e1 festivo y no habr\u00e1 tampoco colegio, as\u00ed que la familia al completo podr\u00e1 disfrutar de todas las actividades en plenitud. El \u00faltimo D\u00eda de la Cruz, este 2022, perdi\u00f3 afluencia al ser d\u00eda laborable y, adem\u00e1s, estuvo acompa\u00f1ado de lluvia, lo que desluci\u00f3 a\u00fan m\u00e1s una festividad se\u00f1alada en el calendario de los granadinos.<\/p>\n<div class=\"voc-author-timesocial__signature\">\n<div class=\"voc-author-timesocial__info\">\n<div class=\"voc-author-info\"><strong><a class=\"voc-author\" title=\"M. VICTORIA COBO\">M. VICTORIA COBO <\/a><\/strong><\/div>\n<div>\u00a0<\/div>\n<div>FOTO:<span class=\"voc-photo-caption\">Celebraci\u00f3n del D\u00eda de la Cruz este a\u00f1o \/ <\/span><span class=\"voc-photo-author\">RAM\u00d3N L. P\u00c9REZ<\/span><\/div>\n<div>\u00a0<\/div>\n<div>https:\/\/www.ideal.es\/granada\/proximo-cruz-festivo-20221013090548-nt.html<\/div>\n<\/div>\n<\/div>\n<\/div>\n","protected":false},"excerpt":{"rendered":"<p>La propuesta del equipo de gobierno avalada por el grupo municipal popular ser\u00e1 aprobada en&#8230;<\/p>\n","protected":false},"author":1,"featured_media":56785,"comment_status":"closed","ping_status":"closed","sticky":false,"template":"","format":"standard","meta":{"_coblocks_attr":"","_coblocks_dimensions":"","_coblocks_responsive_height":"","_coblocks_accordion_ie_support":"","jetpack_post_was_ever_published":false,"_jetpack_newsletter_access":"","_jetpack_dont_email_post_to_subs":false,"_jetpack_newsletter_tier_id":0,"_jetpack_memberships_contains_paywalled_content":false,"_jetpack_memberships_contains_paid_content":false,"footnotes":"","jetpack_publicize_message":"","jetpack_publicize_feature_enabled":true,"jetpack_social_post_already_shared":true,"jetpack_social_options":{"image_generator_settings":{"template":"highway","default_image_id":0,"enabled":false},"version":2}},"categories":[1161,44,7671,6937,15],"tags":[2054,9647,129],"class_list":["post-56784","post","type-post","status-publish","format-standard","has-post-thumbnail","hentry","category-ciudadania","category-noticias-de-hoy","category-politica","category-sociedad","category-ultimas-noticias","tag-dia-de-la-cruz","tag-festivo","tag-granada"],"jetpack_publicize_connections":[],"jetpack_featured_media_url":"https:\/\/i0.wp.com\/miradordeatarfe.es\/wp-content\/uploads\/2022\/10\/cruces1.jpg?fit=600%2C400&ssl=1","jetpack_likes_enabled":true,"jetpack_sharing_enabled":true,"_links":{"self":[{"href":"https:\/\/miradordeatarfe.es\/index.php?rest_route=\/wp\/v2\/posts\/56784","targetHints":{"allow":["GET"]}}],"collection":[{"href":"https:\/\/miradordeatarfe.es\/index.php?rest_route=\/wp\/v2\/posts"}],"about":[{"href":"https:\/\/miradordeatarfe.es\/index.php?rest_route=\/wp\/v2\/types\/post"}],"author":[{"embeddable":true,"href":"https:\/\/miradordeatarfe.es\/index.php?rest_route=\/wp\/v2\/users\/1"}],"replies":[{"embeddable":true,"href":"https:\/\/miradordeatarfe.es\/index.php?rest_route=%2Fwp%2Fv2%2Fcomments&post=56784"}],"version-history":[{"count":1,"href":"https:\/\/miradordeatarfe.es\/index.php?rest_route=\/wp\/v2\/posts\/56784\/revisions"}],"predecessor-version":[{"id":56786,"href":"https:\/\/miradordeatarfe.es\/index.php?rest_route=\/wp\/v2\/posts\/56784\/revisions\/56786"}],"wp:featuredmedia":[{"embeddable":true,"href":"https:\/\/miradordeatarfe.es\/index.php?rest_route=\/wp\/v2\/media\/56785"}],"wp:attachment":[{"href":"https:\/\/miradordeatarfe.es\/index.php?rest_route=%2Fwp%2Fv2%2Fmedia&parent=56784"}],"wp:term":[{"taxonomy":"category","embeddable":true,"href":"https:\/\/miradordeatarfe.es\/index.php?rest_route=%2Fwp%2Fv2%2Fcategories&post=56784"},{"taxonomy":"post_tag","embeddable":true,"href":"https:\/\/miradordeatarfe.es\/index.php?rest_route=%2Fwp%2Fv2%2Ftags&post=56784"}],"curies":[{"name":"wp","href":"https:\/\/api.w.org\/{rel}","templated":true}]}}