{"id":56787,"date":"2022-10-26T10:00:23","date_gmt":"2022-10-26T08:00:23","guid":{"rendered":"https:\/\/miradordeatarfe.es\/?p=56787"},"modified":"2022-10-24T18:00:41","modified_gmt":"2022-10-24T16:00:41","slug":"mentiras-nada-saludables-el-40-de-la-gente-mintio-sobre-su-estado-de-salud-con-el-covid","status":"publish","type":"post","link":"https:\/\/miradordeatarfe.es\/?p=56787","title":{"rendered":"Mentiras nada saludables: el 40% de la gente minti\u00f3 sobre su estado de salud con el covid"},"content":{"rendered":"<h2 class=\"voc-sub-title\">Algunas personas dec\u00edan que estaban tomando precauciones que, en realidad, no tomaban<\/h2>\n<p class=\"voc-paragraph\">Uno de los dos temas m\u00e1s recurrentes para una conversaci\u00f3n imprevista es el de la salud. El otro, ya se sabe, el tiempo. Parece que va a llover, igual no, a ver si aguanta el fin de semana&#8230; La selecci\u00f3n de uno y otro depende, muy posiblemente, del nivel de confianza de los interlocutores; aunque todo lo relacionado con indisposiciones y achaques se ha convertido en la estrella de los ascensores y otros espacios cr\u00edticos desde marzo de 2020. Lo sorprendente, ante una emergencia sanitaria como la del coronavirus, es descubrir cu\u00e1nto oculta la gente. Hasta un 40% de la poblaci\u00f3n reconoce que minti\u00f3 sobre su estado de salud en los peores momentos de la pandemia.<\/p>\n<p class=\"voc-paragraph\">Lo dice un estudio realizado en Estados Unidos y publicado en la reconocida revista &#8216;Jama Network Open&#8217;, que describe una realidad que bien podr\u00eda aplicarse a la espa\u00f1ola, aunque los especialistas consultados difieren en este asunto. El trabajo, basado en encuestas a la poblaci\u00f3n, concluye que cuatro de cada diez estadounidenses no solo no fueron sinceros sobre si estaban infectados de covid, sino que reconocen que incumplieron con muchas de las medidas preventivas durante el apogeo de la pandemia. Ocurri\u00f3 durante el primer a\u00f1o, sobre todo durante los meses del f\u00e9rreo confinamiento domiciliario.<\/p>\n<div class=\"voc-detail__cmp voc-detail__cmp--title voc-detail__cmp--no-margin\">\n<h3 class=\"voc-detail__title\">El peso del rechazo social<\/h3>\n<\/div>\n<p class=\"voc-paragraph\">Los resultados obtenidos preocupan a los investigadores. Buena parte de la poblaci\u00f3n no solo se hizo pasar por sano cuando en realidad estaba infectado, sino que, adem\u00e1s, hizo el menor caso posible a la obligatoriedad de guardar la distancia social y utilizar mascarillas cuando eran obligatorias. \u00abAnte la covid 19 es necesario concienciarse de que cuando las personas son deshonestas puede aumentar la propagaci\u00f3n de la enfermedad en la comunidad\u00bb, protesta la autora principal del trabajo, Angela Fagerlin, presidenta del Departamento de Ciencias de la Salud de la Poblaci\u00f3n de la Universidad de Utah.<\/p>\n<p class=\"voc-paragraph\">Lo de ocultar que se padecen determinadas enfermedades no es nuevo. Las que m\u00e1s se esconden, por el estigma social que a\u00fan arrastran, suelen ser las infecciosas \u2013pi\u00e9nsese en el ejemplo cl\u00e1sico del VIH\/sida\u2013 y las mentales. Pero no hace falta pensar en dolencias tan graves. Hay muchas otras que se callan para evitar ser se\u00f1alado con el dedo o que le tomen a uno por vago, como la apnea del sue\u00f1o, que puede dejar al paciente dormido en el momento m\u00e1s inoportuno. La ocultaci\u00f3n en un momento de emergencia sanitaria mundial tiene, sin embargo, otras connotaciones.<\/p>\n<p class=\"voc-paragraph\">\u00abEs un trabajo muy revelador, porque muestra las tendencias de los comportamientos individuales, y finalmente sociales, que pueden influir de manera muy negativa ante un fen\u00f3meno pand\u00e9mico\u00bb, reflexiona el experto en Salud P\u00fablica Daniel L\u00f3pez-Acu\u00f1a, exdirector de Acciones de Salud de la Organizaci\u00f3n Mundial de la Salud (OMS). Lo sucedido, desde su punto de vista, tiene una explicaci\u00f3n clara. Las instituciones, en Estados Unidos, como en todo el mundo occidental, \u00abincluida Espa\u00f1a\u00bb, pusieron la libertad individual por delante de las necesidades de salud colectivas. \u00abLamentablemente, todo esto tiene mucho que ver con la \u00e9tica social posmoderna, que privilegia mucho m\u00e1s el ego\u00edsmo, lo individual. Parece m\u00e1s importante la libertad individual que favorecer la propagaci\u00f3n de una enfermedad o evitar la muerte que provoca\u00bb.<\/p>\n<div class=\"voc-detail__cmp voc-detail__cmp--title voc-detail__cmp--no-margin\">\n<h3 class=\"voc-detail__title\">Mal ejemplo de los pol\u00edticos<\/h3>\n<\/div>\n<p class=\"voc-paragraph\">La actitud de los gestores pol\u00edticos, a su entender, ha favorecido esta situaci\u00f3n. Dif\u00edcilmente la poblaci\u00f3n puede responder de manera adecuada cuando ve que se aparta de la gesti\u00f3n a los profesionales sanitarios y que los propios pol\u00edticos incumplen las recomendaciones que dictan.<\/p>\n<p class=\"voc-paragraph\">El psiquiatra Julio Bobes considera que la cifra dada, 40%, es demasiado alta. Quiz\u00e1s el trabajo, a su entender, se hizo en un momento tan temprano de la pandemia que la confusi\u00f3n social era alta. Para el catedr\u00e1tico, esa situaci\u00f3n no es equiparable a la de Espa\u00f1a.\u00abAnte una crisis sanitaria de la envergadura de la de la covid, la gente \u2013afirma\u2013, a\u00fan as\u00ed deber\u00eda recuperar el soporte moral social y ponerlo por delante de los criterios personales\u00bb.<\/p>\n<div class=\"voc-detail__cmp voc-detail__cmp--pad-lr \">\n<div class=\"voc-ficha-detail__wrapper\">\n<section class=\"voc-ficha-detail\">\n<div class=\"voc-article-container\">\n<article class=\"voc-article voc-article--cmp-despiece \">\n<div class=\"voc-info-container\">\n<h3 class=\"voc-title\">Desde saltarse la cuarentena a mentir sobre la vacunaci\u00f3n<\/h3>\n<p class=\"voc-paragraph\">El informe publicado en EEUU revela que el cat\u00e1logo de mentiras y trampas ciudadanas en torno a la pandemia de covid gir\u00f3 sobre cinco aspectos. La lista de las mayores trolas la encabeza la ruptura de las reglas de la cuarentena. Es decir, no solo sali\u00f3 a la calle quien no ten\u00eda perro, estaba trabajando, hac\u00eda recados o hab\u00eda salido a bajar la basura.<\/p>\n<p class=\"voc-paragraph\">Muchas personas dec\u00edan, adem\u00e1s, que tomaban m\u00e1s precauciones contra la infecci\u00f3n de las que adoptaban en realidad. La medalla de bronce del ranking de patra\u00f1as pand\u00e9micas la ocupan quienes acud\u00edan al centro de salud sin informar de que hab\u00edan tenido o estaban pasando la infecci\u00f3n. Los embustes sobre si se estaba o no vacunado, en un sentido o en otro, completan tan deplorable lista.<\/p>\n<\/div>\n<\/article>\n<\/div>\n<\/section>\n<\/div>\n<\/div>\n<p><strong><a class=\"voc-author\" title=\"FERM\u00cdN APEZTEGUIA\" href=\"https:\/\/www.ideal.es\/autor\/fermin-apezteguia-167.html\">FERM\u00cdN APEZTEGUIA <\/a><\/strong><\/p>\n<p>https:\/\/www.ideal.es\/vivir\/salud\/mentiras-nasa-saludables-20221013153141-ntrc.html<\/p>\n","protected":false},"excerpt":{"rendered":"<p>Algunas personas dec\u00edan que estaban tomando precauciones que, en realidad, no tomaban Uno de los&#8230;<\/p>\n","protected":false},"author":1,"featured_media":56788,"comment_status":"closed","ping_status":"closed","sticky":false,"template":"","format":"standard","meta":{"_coblocks_attr":"","_coblocks_dimensions":"","_coblocks_responsive_height":"","_coblocks_accordion_ie_support":"","jetpack_post_was_ever_published":false,"_jetpack_newsletter_access":"","_jetpack_dont_email_post_to_subs":false,"_jetpack_newsletter_tier_id":0,"_jetpack_memberships_contains_paywalled_content":false,"_jetpack_memberships_contains_paid_content":false,"footnotes":"","jetpack_publicize_message":"","jetpack_publicize_feature_enabled":true,"jetpack_social_post_already_shared":true,"jetpack_social_options":{"image_generator_settings":{"template":"highway","default_image_id":0,"enabled":false},"version":2}},"categories":[1161,7149,44,6937,15,10],"tags":[7021,7166,60,9648],"class_list":["post-56787","post","type-post","status-publish","format-standard","has-post-thumbnail","hentry","category-ciudadania","category-coronavirus","category-noticias-de-hoy","category-sociedad","category-ultimas-noticias","category-salud","tag-coronavirus","tag-covid-19","tag-enfermedades","tag-mentiras-de-salud"],"jetpack_publicize_connections":[],"jetpack_featured_media_url":"https:\/\/i0.wp.com\/miradordeatarfe.es\/wp-content\/uploads\/2022\/10\/Imagen-mascarilla-kAqC-U180352895224Zg-624x385%40RC.jpg?fit=624%2C385&ssl=1","jetpack_likes_enabled":true,"jetpack_sharing_enabled":true,"_links":{"self":[{"href":"https:\/\/miradordeatarfe.es\/index.php?rest_route=\/wp\/v2\/posts\/56787","targetHints":{"allow":["GET"]}}],"collection":[{"href":"https:\/\/miradordeatarfe.es\/index.php?rest_route=\/wp\/v2\/posts"}],"about":[{"href":"https:\/\/miradordeatarfe.es\/index.php?rest_route=\/wp\/v2\/types\/post"}],"author":[{"embeddable":true,"href":"https:\/\/miradordeatarfe.es\/index.php?rest_route=\/wp\/v2\/users\/1"}],"replies":[{"embeddable":true,"href":"https:\/\/miradordeatarfe.es\/index.php?rest_route=%2Fwp%2Fv2%2Fcomments&post=56787"}],"version-history":[{"count":1,"href":"https:\/\/miradordeatarfe.es\/index.php?rest_route=\/wp\/v2\/posts\/56787\/revisions"}],"predecessor-version":[{"id":56789,"href":"https:\/\/miradordeatarfe.es\/index.php?rest_route=\/wp\/v2\/posts\/56787\/revisions\/56789"}],"wp:featuredmedia":[{"embeddable":true,"href":"https:\/\/miradordeatarfe.es\/index.php?rest_route=\/wp\/v2\/media\/56788"}],"wp:attachment":[{"href":"https:\/\/miradordeatarfe.es\/index.php?rest_route=%2Fwp%2Fv2%2Fmedia&parent=56787"}],"wp:term":[{"taxonomy":"category","embeddable":true,"href":"https:\/\/miradordeatarfe.es\/index.php?rest_route=%2Fwp%2Fv2%2Fcategories&post=56787"},{"taxonomy":"post_tag","embeddable":true,"href":"https:\/\/miradordeatarfe.es\/index.php?rest_route=%2Fwp%2Fv2%2Ftags&post=56787"}],"curies":[{"name":"wp","href":"https:\/\/api.w.org\/{rel}","templated":true}]}}