{"id":56791,"date":"2022-10-14T11:36:49","date_gmt":"2022-10-14T09:36:49","guid":{"rendered":"https:\/\/miradordeatarfe.es\/?p=56791"},"modified":"2023-02-17T20:11:03","modified_gmt":"2023-02-17T19:11:03","slug":"novatadas-por-alberto-granados","status":"publish","type":"post","link":"https:\/\/miradordeatarfe.es\/?p=56791","title":{"rendered":"\u00abNovatadas\u00bb por Alberto Granados"},"content":{"rendered":"<h3 style=\"text-align: justify;\">En la propia filosof\u00eda profunda de las novatadas subyace una afirmaci\u00f3n cuartelera que pretende ser una verdad axiom\u00e1tica: la veteran\u00eda es un grado.<\/h3>\n<p style=\"text-align: justify;\">No me extra\u00f1a que el origen de tal aserto sea una instituci\u00f3n basada en la jerarqu\u00eda piramidal, como es el estamento militar, tan escasamente democr\u00e1tico y tan opaco, tan necesitado de actualizar sus maneras y adaptarlas a una sociedad democr\u00e1tica, europea y plural. Es posible que las novatadas no sean un <em>patrimonio cultural<\/em> exclusivo de nuestro pa\u00eds: el cine, especialmente el americano, ha explotado este fil\u00f3n zafio que permite a los veteranos humillar, acosar, insultar, degradar a los novatos de las fraternidades universitarias, a los reclutas de remplazo, a los polic\u00edas en pr\u00e1cticas, etc.<\/p>\n<p style=\"text-align: justify;\">Yo creo que la veteran\u00eda, la experiencia, solo es una ventaja en el caso de que el paso del tiempo haya permitido madurar al veterano, adquirir una t\u00e9cnica incuestionable en lo suyo, haber sacado un provecho indiscutible de lo aprendido durante un tiempo. En cambio, la veteran\u00eda del universitario que no aprueba ni <em>las mar\u00edas<\/em>, del soldado que se sigue equivocando en la instrucci\u00f3n, del polic\u00eda que no tiene la intuici\u00f3n para continuar una investigaci\u00f3n estancada, m\u00e1s que una ventaja es una prueba evidente de su incapacidad, una prueba que yo tender\u00eda a mantener lo m\u00e1s oculta posible.<\/p>\n<p style=\"text-align: justify;\">La reflexi\u00f3n previa viene a cuento de una noticia de estas \u00faltimas horas: los internos de un colegio mayor masculino madrile\u00f1o han proferido gritos insultantes a las chicas de la residencia femenina pr\u00f3xima. Han sido insultos gruesos, de contenido sexual y especialmente soeces.<\/p>\n<p style=\"text-align: justify;\">No se trata en este caso del mec\u00e1nico cuyo taller exhibe una colecci\u00f3n de fotos recortadas de una revista pornogr\u00e1fica, ni del alba\u00f1il que desde un andamio lanza ofertas sexuales prometedoras a las mujeres que pasan por la calle. Son universitarios, destinados a formar los cuadros del futuro en campos vitales: ense\u00f1anza, investigaci\u00f3n, medicina, arquitectura, artes, obras p\u00fablicas, derecho\u2026 Son j\u00f3venes, alocados, gozan de una libertad que mi generaci\u00f3n jam\u00e1s hubiera so\u00f1ado, pero no han aprendido a gestionar esa libertad, a ponerse unos l\u00edmites que simplemente eviten su propia degradaci\u00f3n moral. Ellas, tampoco: las chicas, igualmente destinadas a formar parte de esos cuadros esenciales del futuro, han restado importancia y no se sienten ofendidas ni humilladas. Ni siquiera, molestas: lo ven una situaci\u00f3n normal. Posiblemente, en alg\u00fan caso, hasta halagadora. Consideran algo inocuo, inocente que las llamen putas, que les anuncien un uso sexual descarnado, que las identifiquen como conejas\u2026<\/p>\n<p style=\"text-align: justify;\"><img decoding=\"async\" class=\"CToWUd a6T alignleft\" tabindex=\"0\" src=\"https:\/\/ci6.googleusercontent.com\/proxy\/IymyMNbAWiaIcN93wz9ZjC-Jo3VyQGxVh7dJY-7tnE58hpdPbFWMw_oWAHgsDrdcv8aW0KILLV4qi_tO1mqhwVlpYhxS_J-app4RYF32hI4vwstyCK7ARItRAfs4Tg=s0-d-e1-ft#https:\/\/albertogranados.files.wordpress.com\/2022\/10\/novatada-ayer.jpg?w=560\" alt=\"\" data-bit=\"iit\" \/><\/p>\n<p style=\"text-align: justify;\">(Imagen tomada de Vozpopuli)<\/p>\n<p style=\"text-align: justify;\">Nunca me gustaron las inocentadas porque percibo en todas ellas un sustrato fascistoide. Particip\u00e9 como v\u00edctima en una novatada bastante inocente en un internado (nos cortaron el agua caliente de las duchas, aunque ya lo barrunt\u00e1bamos y nos enjabonamos lo menos posible para salir en cuanto el agua se enfriara), y en el cuartel donde hice la mili (nos form\u00f3 un veterano, con permiso evidente del oficial de guardia a las tres de la ma\u00f1ana), pero con 21 a\u00f1os eso era cosa sabida y lo importante era que la novatada llegara cuanto antes para quedarnos tranquilos de una vez. Pero he le\u00eddo en prensa otras novatadas menos inocentes: en la Facultad de Medicina de la UGR, una chica reci\u00e9n llegada de Ja\u00e9n, se tir\u00f3 por una ventana, presa del p\u00e1nico, y sufri\u00f3 varias fracturas que le hicieron perder el curso. As\u00ed de divertido.<\/p>\n<p style=\"text-align: justify;\">\u00a0<\/p>\n<p style=\"text-align: justify;\">Algunas universidades han prohibido las novatadas, pese a lo cual se siguen dando. Algunas tan chisposas como pintarrajearles las batas reci\u00e9n compradas por los padres a los alumnos de Medicina. No puede negarse que esta manifestaci\u00f3n l\u00fadica debe de resultar muy divertid para los padres que han pagado la bata, posiblemente con un considerable esfuerzo econ\u00f3mico, para que quede inservible ya en los primeros d\u00edas de curso.<\/p>\n<p style=\"text-align: justify;\">Y en plena ola de afirmaci\u00f3n feminista, cuando algunos gobiernos se esfuerzan por erradicar conductas sexistas y proteger la integridad y la dignidad de las mujeres, estalla este esc\u00e1ndalo al que se le quiere soslayar la profunda carga machista.<\/p>\n<p style=\"text-align: justify;\">Viendo el v\u00eddeo en los telediarios de anoche, me dej\u00f3 K.O. un hecho: la unanimidad. Un tipo sale a su ventana, insulta a las chicas de enfrente y, s\u00fabitamente, se abren las dem\u00e1s ventanas y aparecen tres siluetas en cada una, como si de una coreograf\u00eda ensayada y siniestra se tratara. \u00bfNo hubo nadie discrepante? \u00bfTiene tal capacidad de convocatoria una propuesta tan denigrante?, \u00bfEs posible tal grado de borreguismo?<\/p>\n<p style=\"text-align: justify;\">Cada vez estoy m\u00e1s convencido de que aquella Educaci\u00f3n para la Ciudadan\u00eda que lamin\u00f3 el ministro Wert en nombre del PP es necesaria, m\u00e1s que nunca, en una sociedad que pese a la brecha econ\u00f3mica vive en cierta opulencia, en un desarrollo tecnol\u00f3gico futurista, pero se permite una futura clase dominante a la altura moral del primate.<\/p>\n<p style=\"text-align: justify;\">ALBERTO GRANADOS<\/p>\n<p>FOTO: CADENA SER<\/p>\n<blockquote class=\"wp-embedded-content\" data-secret=\"NRbohahef5\"><p><a href=\"https:\/\/albertogranados.wordpress.com\/2022\/10\/07\/novatadas\/\">Novatadas<\/a><\/p><\/blockquote>\n<p><iframe loading=\"lazy\" class=\"wp-embedded-content\" sandbox=\"allow-scripts\" security=\"restricted\" style=\"position: absolute; visibility: hidden;\" title=\"\u00abNovatadas\u00bb \u2014 Alberto Granados\" src=\"https:\/\/albertogranados.wordpress.com\/2022\/10\/07\/novatadas\/embed\/#?secret=JZD4IY0S7w#?secret=NRbohahef5\" data-secret=\"NRbohahef5\" width=\"600\" height=\"338\" frameborder=\"0\" marginwidth=\"0\" marginheight=\"0\" scrolling=\"no\"><\/iframe><\/p>\n","protected":false},"excerpt":{"rendered":"<p>En la propia filosof\u00eda profunda de las novatadas subyace una afirmaci\u00f3n cuartelera que pretende ser&#8230;<\/p>\n","protected":false},"author":1,"featured_media":56792,"comment_status":"closed","ping_status":"closed","sticky":false,"template":"","format":"standard","meta":{"_coblocks_attr":"","_coblocks_dimensions":"","_coblocks_responsive_height":"","_coblocks_accordion_ie_support":"","jetpack_post_was_ever_published":false,"_jetpack_newsletter_access":"","_jetpack_dont_email_post_to_subs":false,"_jetpack_newsletter_tier_id":0,"_jetpack_memberships_contains_paywalled_content":false,"_jetpack_memberships_contains_paid_content":false,"footnotes":"","jetpack_publicize_message":"","jetpack_publicize_feature_enabled":true,"jetpack_social_post_already_shared":true,"jetpack_social_options":{"image_generator_settings":{"template":"highway","default_image_id":0,"enabled":false},"version":2}},"categories":[39,1161,14,44,6937,15],"tags":[1884,562,9649,77],"class_list":["post-56791","post","type-post","status-publish","format-standard","has-post-thumbnail","hentry","category-opinion-de-alberto-granados","category-ciudadania","category-feminismo","category-noticias-de-hoy","category-sociedad","category-ultimas-noticias","tag-insultos","tag-machismo","tag-novatadas","tag-violencia"],"jetpack_publicize_connections":[],"jetpack_featured_media_url":"https:\/\/i0.wp.com\/miradordeatarfe.es\/wp-content\/uploads\/2022\/10\/3ILLJI5NLNLEPCCKNBS25UTFYA.jpg?fit=1080%2C718&ssl=1","jetpack_likes_enabled":true,"jetpack_sharing_enabled":true,"_links":{"self":[{"href":"https:\/\/miradordeatarfe.es\/index.php?rest_route=\/wp\/v2\/posts\/56791","targetHints":{"allow":["GET"]}}],"collection":[{"href":"https:\/\/miradordeatarfe.es\/index.php?rest_route=\/wp\/v2\/posts"}],"about":[{"href":"https:\/\/miradordeatarfe.es\/index.php?rest_route=\/wp\/v2\/types\/post"}],"author":[{"embeddable":true,"href":"https:\/\/miradordeatarfe.es\/index.php?rest_route=\/wp\/v2\/users\/1"}],"replies":[{"embeddable":true,"href":"https:\/\/miradordeatarfe.es\/index.php?rest_route=%2Fwp%2Fv2%2Fcomments&post=56791"}],"version-history":[{"count":1,"href":"https:\/\/miradordeatarfe.es\/index.php?rest_route=\/wp\/v2\/posts\/56791\/revisions"}],"predecessor-version":[{"id":56793,"href":"https:\/\/miradordeatarfe.es\/index.php?rest_route=\/wp\/v2\/posts\/56791\/revisions\/56793"}],"wp:featuredmedia":[{"embeddable":true,"href":"https:\/\/miradordeatarfe.es\/index.php?rest_route=\/wp\/v2\/media\/56792"}],"wp:attachment":[{"href":"https:\/\/miradordeatarfe.es\/index.php?rest_route=%2Fwp%2Fv2%2Fmedia&parent=56791"}],"wp:term":[{"taxonomy":"category","embeddable":true,"href":"https:\/\/miradordeatarfe.es\/index.php?rest_route=%2Fwp%2Fv2%2Fcategories&post=56791"},{"taxonomy":"post_tag","embeddable":true,"href":"https:\/\/miradordeatarfe.es\/index.php?rest_route=%2Fwp%2Fv2%2Ftags&post=56791"}],"curies":[{"name":"wp","href":"https:\/\/api.w.org\/{rel}","templated":true}]}}