{"id":56794,"date":"2022-10-22T10:22:50","date_gmt":"2022-10-22T08:22:50","guid":{"rendered":"https:\/\/miradordeatarfe.es\/?p=56794"},"modified":"2022-10-14T10:28:21","modified_gmt":"2022-10-14T08:28:21","slug":"dos-anos-de-proteccion-contra-la-covid","status":"publish","type":"post","link":"https:\/\/miradordeatarfe.es\/?p=56794","title":{"rendered":"Dos a\u00f1os de protecci\u00f3n contra la COVID"},"content":{"rendered":"<header>\n<h3 style=\"text-align: justify;\">Un estudio del Instituto de Salud Global de BCN demuestra que los anticuerpos generados contra la COVID por infecci\u00f3n natural pueden persistir hasta 20 meses despu\u00e9s de la enfermedad<\/h3>\n<p style=\"text-align: justify;\">El estudio se ha realizado con un grupo de 250 profesionales sanitarios que se contagiaron antes de recibir ninguna vacuna. Los investigadores analizaron muestras en ocho momentos diferentes entre el verano de 2020 y noviembre de 2021. Como se esperaba, los resultados muestran una ca\u00edda gradual y considerable en los niveles de anticuerpos, aunque m\u00e1s del 90% de los participantes continuaban teni\u00e9ndolos casi dos a\u00f1os despu\u00e9s de haberse infectado.<\/p>\n<\/header>\n<p style=\"text-align: justify;\">\u00abA\u00fan estamos haciendo el seguimiento de esta cohorte y vemos que se mantienen los anticuerpos hasta 20 meses despu\u00e9s de haberse infectado. Pocos estudios han descrito el mantenimiento de la inmunidad en un per\u00edodo tan largo\u00bb, ha explicado a SER Catalunya Gemma Moncunill, una de las coautoras del estudio del ISGlobal, centro impulsado por La Caixa.<\/p>\n<p style=\"text-align: justify;\">El estudio se ha realizado con personal sanitario que a\u00fan no se hab\u00eda vacunado cuando se infect\u00f3 y que present\u00f3 s\u00edntomas. \u00abHay algunas variantes para tener en cuenta, una de las cuales estamos hablando de personas relativamente j\u00f3venes y mayoritariamente sanas. Por tanto, estos resultados no se pueden extrapolar a colectivos como la gente mayor o enfermos cr\u00f3nicos o inmunosuprimidos, porque su respuesta inmunitaria suele ser m\u00e1s d\u00e9bil. Lo mismo ocurre con las personas contagiadas que han sido asintom\u00e1ticas, que generan menos inmunidad que las sintom\u00e1ticas\u00bb.<\/p>\n<p style=\"text-align: justify;\">La investigaci\u00f3n se ha basado en personas infectadas con las variantes Alfa y Delta del SARS-COVD-2, NO con las variantes dominantes ahora mismo en Catalu\u00f1a, que son diferentes linajes de \u00d2micron. \u00abSabemos que las subvariantes de \u00d2micron escapan mejor a la inmunidad que las anteriores. Por tanto, es probable que los anticuerpos que genera duren menos\u00bb, matiza Moncunill. \u00abPero tambi\u00e9n es verdad que en nuestro pa\u00eds tenemos un volumen de personas vacunadas muy grande, y las vacunas refuerzan la inmunidad, la hacen m\u00e1s robusta y, en principio, duradera\u00bb. La investigadora del ISGlobal confirma que la combinaci\u00f3n de infecci\u00f3n natural y vacunas es la que genera la protecci\u00f3n m\u00e1s completa.<\/p>\n<p style=\"text-align: justify;\">El ensayo concluye tambi\u00e9n qu\u00e9 factores como la obesidad, la edad alta y el tabaquismo se asocian a una menor respuesta de anticuerpos.<\/p>\n<div class=\"cnt-data-art\">\n<div class=\"c-i\">\n<div class=\"lead-art\">\n<figure><figcaption class=\"fc\">\n<p style=\"text-align: justify;\"><a class=\"au-wb\" title=\"Susanna Ruiz\" href=\"https:\/\/cadenaser.com\/autor\/susana_ruiz_solano\/a\/\"><strong>Susanna Ruiz<\/strong><\/a><\/p>\n<p>FOTO: TEST Covid \/ AIMPLAS \/CHARO PASCUAL (EUROPA PRESS)<\/p>\n<\/figcaption><\/figure>\n<\/div>\n<\/div>\n<\/div>\n<div class=\"cnt-txt\">\n<p>https:\/\/cadenaser.com\/cataluna\/2022\/10\/14\/dos-anos-de-proteccion-contra-la-covid-sercat\/<\/p>\n<\/div>\n","protected":false},"excerpt":{"rendered":"<p>Un estudio del Instituto de Salud Global de BCN demuestra que los anticuerpos generados contra&#8230;<\/p>\n","protected":false},"author":1,"featured_media":56796,"comment_status":"closed","ping_status":"closed","sticky":false,"template":"","format":"standard","meta":{"_coblocks_attr":"","_coblocks_dimensions":"","_coblocks_responsive_height":"","_coblocks_accordion_ie_support":"","jetpack_post_was_ever_published":false,"_jetpack_newsletter_access":"","_jetpack_dont_email_post_to_subs":false,"_jetpack_newsletter_tier_id":0,"_jetpack_memberships_contains_paywalled_content":false,"_jetpack_memberships_contains_paid_content":false,"footnotes":"","jetpack_publicize_message":"","jetpack_publicize_feature_enabled":true,"jetpack_social_post_already_shared":true,"jetpack_social_options":{"image_generator_settings":{"template":"highway","default_image_id":0,"enabled":false},"version":2}},"categories":[1161,7149,44,15,10],"tags":[7396,7990,408],"class_list":["post-56794","post","type-post","status-publish","format-standard","has-post-thumbnail","hentry","category-ciudadania","category-coronavirus","category-noticias-de-hoy","category-ultimas-noticias","category-salud","tag-anticuerpos","tag-covid","tag-medicina"],"jetpack_publicize_connections":[],"jetpack_featured_media_url":"https:\/\/i0.wp.com\/miradordeatarfe.es\/wp-content\/uploads\/2022\/10\/11.jpg?fit=650%2C488&ssl=1","jetpack_likes_enabled":true,"jetpack_sharing_enabled":true,"_links":{"self":[{"href":"https:\/\/miradordeatarfe.es\/index.php?rest_route=\/wp\/v2\/posts\/56794","targetHints":{"allow":["GET"]}}],"collection":[{"href":"https:\/\/miradordeatarfe.es\/index.php?rest_route=\/wp\/v2\/posts"}],"about":[{"href":"https:\/\/miradordeatarfe.es\/index.php?rest_route=\/wp\/v2\/types\/post"}],"author":[{"embeddable":true,"href":"https:\/\/miradordeatarfe.es\/index.php?rest_route=\/wp\/v2\/users\/1"}],"replies":[{"embeddable":true,"href":"https:\/\/miradordeatarfe.es\/index.php?rest_route=%2Fwp%2Fv2%2Fcomments&post=56794"}],"version-history":[{"count":1,"href":"https:\/\/miradordeatarfe.es\/index.php?rest_route=\/wp\/v2\/posts\/56794\/revisions"}],"predecessor-version":[{"id":56797,"href":"https:\/\/miradordeatarfe.es\/index.php?rest_route=\/wp\/v2\/posts\/56794\/revisions\/56797"}],"wp:featuredmedia":[{"embeddable":true,"href":"https:\/\/miradordeatarfe.es\/index.php?rest_route=\/wp\/v2\/media\/56796"}],"wp:attachment":[{"href":"https:\/\/miradordeatarfe.es\/index.php?rest_route=%2Fwp%2Fv2%2Fmedia&parent=56794"}],"wp:term":[{"taxonomy":"category","embeddable":true,"href":"https:\/\/miradordeatarfe.es\/index.php?rest_route=%2Fwp%2Fv2%2Fcategories&post=56794"},{"taxonomy":"post_tag","embeddable":true,"href":"https:\/\/miradordeatarfe.es\/index.php?rest_route=%2Fwp%2Fv2%2Ftags&post=56794"}],"curies":[{"name":"wp","href":"https:\/\/api.w.org\/{rel}","templated":true}]}}