{"id":56806,"date":"2022-10-22T11:00:33","date_gmt":"2022-10-22T09:00:33","guid":{"rendered":"https:\/\/miradordeatarfe.es\/?p=56806"},"modified":"2022-10-18T19:53:05","modified_gmt":"2022-10-18T17:53:05","slug":"metro-viene-de-metropolitano","status":"publish","type":"post","link":"https:\/\/miradordeatarfe.es\/?p=56806","title":{"rendered":"Metro viene de metropolitano"},"content":{"rendered":"<div class=\"voc-area-container voc-area-container--wxs-sm voc-area-container--pad-top\">\n<div class=\"voc-grid voc-grid--ab-c voc-grid--tablet-like-mobile voc-grid--col-2-hidden-sm\">\n<div class=\"voc-grid__col\">\n<div class=\"voc-detail\" data-voc-share-selection=\"\">\n<h3 class=\"voc-paragraph\" style=\"text-align: justify;\">No se ha terminado de apagar el eco de la pol\u00e9mica del metro por el centro de Churriana cuando ha estallado la de otro centro m\u00e9trico. En este caso, el de Granada.<\/h3>\n<p class=\"voc-paragraph\" style=\"text-align: justify;\">Que el metropolitano acabar\u00e1 pasando por ah\u00ed es m\u00e1s que probable, a la vista del \u00e9xito cosechado por la infraestructura. Que no habr\u00e1 tuneladora capaz de profundizar por debajo del Darro, pienso que tambi\u00e9n es incuestionable: ir\u00e1 por superficie. La pregunta es cu\u00e1ndo.<\/p>\n<p class=\"voc-paragraph\" style=\"text-align: justify;\">IDEAL ha publicado los planes de la Junta de Andaluc\u00eda en este sentido, con dos puntos particularmente calientes: Reyes Cat\u00f3licos, tan estrecha y con el r\u00edo por debajo; y el bulevar de Avda. de la Constituci\u00f3n. \u00a1La de comentarios que est\u00e1 provocando el tema!<\/p>\n<p class=\"voc-paragraph\" style=\"text-align: justify;\">Paco Cuenca se ha encendido y al grito de \u00ab\u00a1Sevilla no me manda!\u00bb apela al consenso, dejando caer que la ampliaci\u00f3n por la Chana y Genil es prioritaria dado que, sobre todo este ramal, abrir\u00eda las puertas viarias a La Zubia, Hu\u00e9tor Vega y C\u00e1jar.<\/p>\n<p class=\"voc-paragraph\" style=\"text-align: justify;\">Efectivamente, como sostiene el regidor granadino, la vocaci\u00f3n del Metropolitano, como su propio nombre indica, es\u2026 \u00a1eso! \u00a1Metropolitana! Y antes que empezar a pelearse por la capital, habr\u00eda que mirar a municipios como Vegas del Genil, Atarfe, Santa Fe, Fuente Vaqueros, Chauchina y, por supuesto, el aeropuerto.<\/p>\n<p class=\"voc-paragraph\" style=\"text-align: justify;\">La anunciada ampliaci\u00f3n llegar\u00eda precisamente hasta Atarfe por su ramal norte, pero es insuficiente. Lo escrib\u00eda en esta misma secci\u00f3n hace unos meses: \u00abHay que pensar la Granada del futuro inmediato en clave metropolitana, s\u00ed o tambi\u00e9n. Por ejemplo, resulta mucho m\u00e1s perentorio llevar el Metro a los pueblos de la Vega que encastrarlo en el centro de la ciudad\u00bb.<\/p>\n<p class=\"voc-paragraph\" style=\"text-align: justify;\">Recordaba entonces los pasos que se estaban dando en ese sentido. \u00abUn goteo de informaciones que lo mismo hablan del taxi metropolitano, con 600 veh\u00edculos que unir\u00e1n 10 pueblos y prestar\u00e1n servicio a 340.000 vecinos, al refuerzo de las l\u00edneas de autobuses que conectan la capital granadina con los pueblos del cintur\u00f3n. O la nueva v\u00eda peatonal que unir\u00e1 el Zaid\u00edn y el PTS con Armilla. Una Granada m\u00e1s ambiciosa y unida. La Granada de pasado ma\u00f1ana\u00bb.<\/p>\n<p class=\"voc-paragraph\" style=\"text-align: justify;\">Esperemos que la sangre no llegue al r\u00edo y que las diferentes administraciones se sienten a dialogar. Como granadino del Zaid\u00edn, nada me vendr\u00eda mejor que dos ramales del metro, uno por el Camino de Ronda y otro por Puerta Real. Pero entiendo que son otras las necesidades m\u00e1s urgentes.<\/p>\n<p class=\"voc-paragraph\" style=\"text-align: justify;\">El objetivo de las pol\u00edticas metropolitanas, que exigen alturas de miras, es evitar que la gente coja el coche, combatir los atascos en la circunvalaci\u00f3n y reducir los niveles de contaminaci\u00f3n. Para eso, cuantos m\u00e1s pueblos, incluyendo los pol\u00edgonos industriales, tengan parada de metro, mejor para todos. Ahora, y en el futuro.<\/p>\n<div class=\"voc-author-timesocial__signature\">\n<div class=\"voc-author-timesocial__info\">\n<div class=\"voc-author-info\" style=\"text-align: justify;\"><strong><a class=\"voc-author\" title=\"JES\u00daS LENS\">JES\u00daS LENS\u00a0<\/a><\/strong><\/div>\n<div style=\"text-align: justify;\">\u00a0<\/div>\n<\/div>\n<\/div>\n<\/div>\n<div class=\"voc-author-timesocial__social\">https:\/\/www.ideal.es\/opinion\/metro-viene-metropolitano-20221014201521-nt.html<\/div>\n<div>\u00a0<\/div>\n<div>FOTO:<\/div>\n<\/div>\n<\/div>\n<\/div>\n","protected":false},"excerpt":{"rendered":"<p>No se ha terminado de apagar el eco de la pol\u00e9mica del metro por el&#8230;<\/p>\n","protected":false},"author":1,"featured_media":56807,"comment_status":"closed","ping_status":"closed","sticky":false,"template":"","format":"standard","meta":{"_coblocks_attr":"","_coblocks_dimensions":"","_coblocks_responsive_height":"","_coblocks_accordion_ie_support":"","jetpack_post_was_ever_published":false,"_jetpack_newsletter_access":"","_jetpack_dont_email_post_to_subs":false,"_jetpack_newsletter_tier_id":0,"_jetpack_memberships_contains_paywalled_content":false,"_jetpack_memberships_contains_paid_content":false,"footnotes":"","jetpack_publicize_message":"","jetpack_publicize_feature_enabled":true,"jetpack_social_post_already_shared":true,"jetpack_social_options":{"image_generator_settings":{"template":"highway","default_image_id":0,"enabled":false},"version":2}},"categories":[2,1161,186,44,6937,15],"tags":[81,2136,5183,1354],"class_list":["post-56806","post","type-post","status-publish","format-standard","has-post-thumbnail","hentry","category-atarfe","category-ciudadania","category-instituciones","category-noticias-de-hoy","category-sociedad","category-ultimas-noticias","tag-atarfe","tag-metro","tag-metropolitano","tag-pueblos"],"jetpack_publicize_connections":[],"jetpack_featured_media_url":"https:\/\/i0.wp.com\/miradordeatarfe.es\/wp-content\/uploads\/2022\/10\/metro-marca-agua-ReHjLSSjohRcb79ZE80YElO-1248x770%40Diario-Sur.jpeg?fit=1248%2C770&ssl=1","jetpack_likes_enabled":true,"jetpack_sharing_enabled":true,"_links":{"self":[{"href":"https:\/\/miradordeatarfe.es\/index.php?rest_route=\/wp\/v2\/posts\/56806","targetHints":{"allow":["GET"]}}],"collection":[{"href":"https:\/\/miradordeatarfe.es\/index.php?rest_route=\/wp\/v2\/posts"}],"about":[{"href":"https:\/\/miradordeatarfe.es\/index.php?rest_route=\/wp\/v2\/types\/post"}],"author":[{"embeddable":true,"href":"https:\/\/miradordeatarfe.es\/index.php?rest_route=\/wp\/v2\/users\/1"}],"replies":[{"embeddable":true,"href":"https:\/\/miradordeatarfe.es\/index.php?rest_route=%2Fwp%2Fv2%2Fcomments&post=56806"}],"version-history":[{"count":1,"href":"https:\/\/miradordeatarfe.es\/index.php?rest_route=\/wp\/v2\/posts\/56806\/revisions"}],"predecessor-version":[{"id":56808,"href":"https:\/\/miradordeatarfe.es\/index.php?rest_route=\/wp\/v2\/posts\/56806\/revisions\/56808"}],"wp:featuredmedia":[{"embeddable":true,"href":"https:\/\/miradordeatarfe.es\/index.php?rest_route=\/wp\/v2\/media\/56807"}],"wp:attachment":[{"href":"https:\/\/miradordeatarfe.es\/index.php?rest_route=%2Fwp%2Fv2%2Fmedia&parent=56806"}],"wp:term":[{"taxonomy":"category","embeddable":true,"href":"https:\/\/miradordeatarfe.es\/index.php?rest_route=%2Fwp%2Fv2%2Fcategories&post=56806"},{"taxonomy":"post_tag","embeddable":true,"href":"https:\/\/miradordeatarfe.es\/index.php?rest_route=%2Fwp%2Fv2%2Ftags&post=56806"}],"curies":[{"name":"wp","href":"https:\/\/api.w.org\/{rel}","templated":true}]}}