{"id":56849,"date":"2022-10-24T09:00:28","date_gmt":"2022-10-24T07:00:28","guid":{"rendered":"https:\/\/miradordeatarfe.es\/?p=56849"},"modified":"2022-10-17T20:00:03","modified_gmt":"2022-10-17T18:00:03","slug":"caos-en-la-izquierda-los-datos-demuestran-que-los-gobiernos-de-derecha-son-mas-inestables","status":"publish","type":"post","link":"https:\/\/miradordeatarfe.es\/?p=56849","title":{"rendered":"\u00bfCaos en la izquierda? Los datos demuestran que los gobiernos de derecha son m\u00e1s inestables"},"content":{"rendered":"<div class=\"td-post-header td-image-gradient-style8\">\n<div class=\"td-post-header-holder\">\n<header class=\"td-post-title\">\n<h3 class=\"td-post-sub-title\" style=\"text-align: justify;\">Al contrario de lo que nos quieren hacer creer, los progresistas han forjado gobiernos m\u00e1s estables que los conservadores<\/h3>\n<div class=\"td-module-meta-info\" style=\"text-align: justify;\">\n<div class=\"td-post-author-name\">\u00a0<\/div>\n<\/div>\n<\/header>\n<\/div>\n<\/div>\n<div class=\"td-post-template-8-box\">\n<div class=\"td-container\">\n<div class=\"td-pb-row\">\n<div class=\"td-pb-span8 td-main-content\" role=\"main\">\n<div class=\"td-ss-main-content\">\n<div class=\"td-post-content\">\n<p style=\"text-align: justify;\">Los gobiernos de izquierdas est\u00e1n asociados a una imagen de caos, diferencias, inestabilidad y divisi\u00f3n, algo que no se corresponde con la realidad en Espa\u00f1a, donde los gobiernos progresistas son m\u00e1s estables que los conservadores.<\/p>\n<p style=\"text-align: justify;\">Un ejemplo de ello es el propio Gobierno de coalici\u00f3n de PSOE y de Unidas Podemos, que parec\u00eda amenazado con romperse y, sin embargo, lleva tres Presupuestos Generales desde su puesta en marcha.<\/p>\n<p style=\"text-align: justify;\">Los gobiernos m\u00e1s inestables y que acabaron rompi\u00e9ndose para ir a elecciones adelantadas estaban conformados por la derecha como es el caso de Madrid, Murcia, Castilla y Le\u00f3n y Andaluc\u00eda. Tambi\u00e9n hizo aguas el catal\u00e1n, con ERC y Junts.<\/p>\n<p style=\"text-align: justify;\">Tras las elecciones de 2019, los gobiernos que surgieron entre PP y Ciudadanos, resultaron ser demasiado fr\u00e1giles y el PP los ha utilizado con el fin de forzar un nuevo ciclo electoral y fagocitar a Ciudadanos, intentando mayor\u00edas absolutas o quedando en brazos de la ultraderecha. De hecho, en Castilla y Le\u00f3n, hubo un acuerdo entre PP y Vox para gobernar en coalici\u00f3n, a pesar de que los roces son constantes.<\/p>\n<p style=\"text-align: justify;\">Esto contrasta con los gobiernos progresistas, liderados por el PSOE con partidos a su izquierda y de corte nacionalista, que no han visto romperse sus ejecutivos e ir a las urnas, como es el caso de Baleares, Navarra, La Rioja, Canarias y Asturias. Extremadura y Castilla-La Mancha gobiernan con mayor\u00eda socialista.<\/p>\n<p style=\"text-align: justify;\">Lo que s\u00ed reconocen en la izquierda es que el ruido es mayor que en la derecha y las tensiones internas tienen repercusi\u00f3n en los medios, unos choques que, al ser aireados,\u00a0 hacen que salgan adelante diferentes medidas como el Ingreso M\u00ednimo Vital o el impuesto a las grandes fortunas.<\/p>\n<p style=\"text-align: justify;\">Durante estos tres a\u00f1os y, a pesar de esos choques, el PSOE y UP han sacado adelante hasta 169 iniciativas con rango de ley y han ganado todas las votaciones, con mucha labor detr\u00e1s de F\u00e9lix Bola\u00f1os.<\/p>\n<h3 style=\"text-align: justify;\"><strong>El PP s\u00f3lo ha conseguido acabar una legislatura cuando no ha tenido mayor\u00eda absoluta<\/strong><\/h3>\n<p style=\"text-align: justify;\">Por su parte, el PP solo ha conseguido acabar una legislatura cuando no ha tenido mayor\u00eda absoluta. De este problema son muy conscientes en G\u00e9nova 13, que se ve en La Moncloa dependiendo de Vox. Por eso, ronda a otras fuerzas para intentar armar una mayor\u00eda futura, como el PNV, UPN, Coalici\u00f3n Canaria o partidos regionalistas.<\/p>\n<h3 style=\"text-align: justify;\"><strong>Ver\u00f3nica Fumanal: \u00abLos \u00fanicos gobiernos que han anticipado elecciones por inestabilidad y desencuentro han sido los de derechas\u00bb<\/strong><\/h3>\n<p style=\"text-align: justify;\">Tal y como recoge <a href=\"https:\/\/www.infolibre.es\/politica\/falsa-imagen-caos-izquierda-gobiernos-derechas-son-estables-espana_1_1339562.html\" rel=\"external noopener noreferrer\" data-wpel-link=\"external\"><em>infoLibre<\/em><\/a>, la polit\u00f3loga Ver\u00f3nica Fumanal ha se\u00f1alado que: \u00abSe habla mucho de la precariedad del Gobierno central, pero lo cierto es que en este ciclo electoral los \u00fanicos gobiernos que han anticipado elecciones por inestabilidad y desencuentro han sido los de derechas, como Madrid, Murcia y Castilla y Le\u00f3n. Andaluc\u00eda no es la misma situaci\u00f3n porque fue m\u00e1s un adelanto t\u00e9cnico\u00bb.<\/p>\n<p style=\"text-align: justify;\">Fumanal ha recordado adem\u00e1s que el Ejecutivo central lleva tres presupuestos presentados en tiempo y forma, algo que no consigui\u00f3, por ejemplo, Isabel D\u00edaz Ayuso cuando estaba con Ciudadanos.<\/p>\n<h3 style=\"text-align: justify;\"><strong>F\u00e9lix Arrieta: \u00abLa ruptura de los gobiernos de derechas responde a la estrategia del Partido Popular de ampliar sus bases, frente a un Ciudadanos con una tendencia a la desaparici\u00f3n\u00bb<\/strong><\/h3>\n<p style=\"text-align: justify;\">F\u00e9lix Arrieta, polit\u00f3logo y profesor de la Universidad de Deusto, tambi\u00e9n ha dado su opini\u00f3n al respecto y ha indicado que el Gobierno del PSOE y de UP ha sabido coaligarse, algunas veces por \u00abhabilidad propia\u00bb y otras porque sabe que no hay m\u00e1s alternativas.<\/p>\n<p style=\"text-align: justify;\">\u00abLa ruptura de los gobiernos de derechas responde a la estrategia del Partido Popular de ampliar sus bases, frente a un Ciudadanos con una tendencia a la desaparici\u00f3n\u00bb, ha a\u00f1adido el profesor.<\/p>\n<p style=\"text-align: justify;\">En cuanto al ruido interno de la izquierda, Arrieta explica que es \u00abporque hay m\u00e1s diversidad, a pesar de que se ha mantenido muy cohesionada\u00bb. \u00abDentro del PSOE hay tradici\u00f3n de debate interno mayor que en el PP. UP es una coalici\u00f3n de partidos y son mucho m\u00e1s j\u00f3venes. Todo eso m\u00e1s el altavoz de la derecha de ese ruido. Parece que haya una dispersi\u00f3n, pero es un Gobierno que ha aprobado tres presupuestos en el contexto m\u00e1s dif\u00edcil para un Ejecutivo en democracia\u00bb.<\/p>\n<p style=\"text-align: justify;\">Para Arrieta, la cultura de coalici\u00f3n est\u00e1 muy asentada en las autonom\u00edas, pero todav\u00eda queda mucho a nivel nacional y ve aventurado decir que habr\u00eda un Gobierno de PP y Vox. \u00abNo me atrever\u00eda a decir que la coalici\u00f3n ser\u00e1 ya un camino siempre\u00bb, ha zanjado.<\/p>\n<div class=\"td-post-header td-image-gradient-style8\">\n<div class=\"td-post-header-holder\">\n<header class=\"td-post-title\">\n<div class=\"td-module-meta-info\">\n<div class=\"td-post-author-name\">\n<div class=\"td-author-by\">Por<\/div>\n<p><a href=\"https:\/\/contrainformacion.es\/author\/luna-izquierdo\/\" data-wpel-link=\"internal\">Luna Izquierdo<\/a><\/p>\n<\/div>\n<\/div>\n<\/header>\n<\/div>\n<\/div>\n<div class=\"td-post-template-8-box\">\n<div class=\"td-container\">\n<div class=\"td-pb-row\">\n<div class=\"td-pb-span8 td-main-content\" role=\"main\">\n<div class=\"td-ss-main-content\">\n<div class=\"clearfix\">FOTO: \u00bfCaos en la izquierda? Los datos demuestran que los gobiernos de derecha son m\u00e1s inestables \/ Imagen: EFE<\/div>\n<div class=\"code-block code-block-3\">https:\/\/contrainformacion.es\/caos-en-la-izquierda-datos-demuestran-gobiernos-de-derecha-son-mas-inestables\/?utm_source=mailpoet&amp;utm_medium=email&amp;utm_campaign=boletin-contrainformacion_1<\/div>\n<div class=\"td-post-content\">\n<div class=\"social-rocket-inline-buttons\">\n<div class=\"social-rocket-buttons\">\n<div class=\"social-rocket-button social-rocket-button-square social-rocket-facebook \" data-network=\"facebook\">\u00a0<\/div>\n<div class=\"social-rocket-button social-rocket-button-square social-rocket-twitter \" data-network=\"twitter\">\u00a0<\/div>\n<\/div>\n<\/div>\n<\/div>\n<\/div>\n<\/div>\n<\/div>\n<\/div>\n<\/div>\n<\/div>\n<\/div>\n<\/div>\n<\/div>\n<\/div>\n<\/div>\n","protected":false},"excerpt":{"rendered":"<p>Al contrario de lo que nos quieren hacer creer, los progresistas han forjado gobiernos m\u00e1s&#8230;<\/p>\n","protected":false},"author":1,"featured_media":56850,"comment_status":"closed","ping_status":"closed","sticky":false,"template":"","format":"standard","meta":{"_coblocks_attr":"","_coblocks_dimensions":"","_coblocks_responsive_height":"","_coblocks_accordion_ie_support":"","jetpack_post_was_ever_published":false,"_jetpack_newsletter_access":"","_jetpack_dont_email_post_to_subs":false,"_jetpack_newsletter_tier_id":0,"_jetpack_memberships_contains_paywalled_content":false,"_jetpack_memberships_contains_paid_content":false,"footnotes":"","jetpack_publicize_message":"","jetpack_publicize_feature_enabled":true,"jetpack_social_post_already_shared":true,"jetpack_social_options":{"image_generator_settings":{"template":"highway","default_image_id":0,"enabled":false},"version":2}},"categories":[1161,44,7671,15],"tags":[5504,4549,1895],"class_list":["post-56849","post","type-post","status-publish","format-standard","has-post-thumbnail","hentry","category-ciudadania","category-noticias-de-hoy","category-politica","category-ultimas-noticias","tag-derechas","tag-inestabilidad","tag-izquierdas"],"jetpack_publicize_connections":[],"jetpack_featured_media_url":"https:\/\/i0.wp.com\/miradordeatarfe.es\/wp-content\/uploads\/2022\/10\/8-32.jpg?fit=768%2C432&ssl=1","jetpack_likes_enabled":true,"jetpack_sharing_enabled":true,"_links":{"self":[{"href":"https:\/\/miradordeatarfe.es\/index.php?rest_route=\/wp\/v2\/posts\/56849","targetHints":{"allow":["GET"]}}],"collection":[{"href":"https:\/\/miradordeatarfe.es\/index.php?rest_route=\/wp\/v2\/posts"}],"about":[{"href":"https:\/\/miradordeatarfe.es\/index.php?rest_route=\/wp\/v2\/types\/post"}],"author":[{"embeddable":true,"href":"https:\/\/miradordeatarfe.es\/index.php?rest_route=\/wp\/v2\/users\/1"}],"replies":[{"embeddable":true,"href":"https:\/\/miradordeatarfe.es\/index.php?rest_route=%2Fwp%2Fv2%2Fcomments&post=56849"}],"version-history":[{"count":2,"href":"https:\/\/miradordeatarfe.es\/index.php?rest_route=\/wp\/v2\/posts\/56849\/revisions"}],"predecessor-version":[{"id":56852,"href":"https:\/\/miradordeatarfe.es\/index.php?rest_route=\/wp\/v2\/posts\/56849\/revisions\/56852"}],"wp:featuredmedia":[{"embeddable":true,"href":"https:\/\/miradordeatarfe.es\/index.php?rest_route=\/wp\/v2\/media\/56850"}],"wp:attachment":[{"href":"https:\/\/miradordeatarfe.es\/index.php?rest_route=%2Fwp%2Fv2%2Fmedia&parent=56849"}],"wp:term":[{"taxonomy":"category","embeddable":true,"href":"https:\/\/miradordeatarfe.es\/index.php?rest_route=%2Fwp%2Fv2%2Fcategories&post=56849"},{"taxonomy":"post_tag","embeddable":true,"href":"https:\/\/miradordeatarfe.es\/index.php?rest_route=%2Fwp%2Fv2%2Ftags&post=56849"}],"curies":[{"name":"wp","href":"https:\/\/api.w.org\/{rel}","templated":true}]}}