{"id":56860,"date":"2022-10-19T11:30:36","date_gmt":"2022-10-19T09:30:36","guid":{"rendered":"https:\/\/miradordeatarfe.es\/?p=56860"},"modified":"2022-10-17T20:22:23","modified_gmt":"2022-10-17T18:22:23","slug":"las-consecuencias-de-una-pesima-educacion-por-francisco-l-rajoy-varela","status":"publish","type":"post","link":"https:\/\/miradordeatarfe.es\/?p=56860","title":{"rendered":"\u00abLAS CONSECUENCIAS DE UNA P\u00c9SIMA EDUCACI\u00d3N\u00bb por Francisco L, Rajoy Varela"},"content":{"rendered":"<h3 style=\"text-align: justify;\">Cuando el otro d\u00eda observaba las im\u00e1genes de un colegio mayor de Madrid, repetidas hasta la saciedad, incido en este aspecto porque inicialmente uno piensa que debe de tratarse de un montaje o una broma tendente a provocar la hilaridad colectiva. Pero no, aquello suced\u00eda en serio, era real.<\/h3>\n<p style=\"text-align: justify;\">Un grupo de energ\u00famenos, de ga\u00f1anes de taberna, groseros y zafios, berreando como ciervos en\u00a0 \u00e9poca de celo llamando a las hembras en este caso a la capea. No hay que ser un lince ni un mal pensado para imaginar en qu\u00e9 consiste dicha capea que no es precisamente acompa\u00f1ar al santo de turno en procesi\u00f3n devota y silenciosa.<\/p>\n<p style=\"text-align: justify;\">Seg\u00fan ellos esta actitud entraba dentro del programa de novatadas que anualmente tienen a bien celebrar y en vez de recurrir al ingenio, a tirar de imaginaci\u00f3n, a la diversi\u00f3n sana, se recurre al mal gusto y a la falta de sensibilidad. Lo peor de esta actitud, absolutamente inadmisible y lamentable es que haya chicas, mujeres que venga a bien con estas actitudes y despu\u00e9s se sumen a las manifestaciones en pro de la igualdad. Y que conste, bajo ning\u00fan concepto pretendo generalizar.<\/p>\n<p style=\"text-align: justify;\">Afortunadamente, hay mucha gente que a\u00fan tiene educaci\u00f3n y sensibilidad y que rechaza frontalmente estas actitudes. Pertenezo a esa generaci\u00f3n que sin ser llamados a santos a canonizar, tambi\u00e9n exist\u00edan cafres y malas bestias, respet\u00e1bamos a las mujeres pero tambi\u00e9n he de decir que ellas se hac\u00edan respetar. Pero cuando uno no se respeta a s\u00ed mismo dif\u00edcilmente es capaz de respetar a los dem\u00e1s.<\/p>\n<p style=\"text-align: justify;\">Cuando se emiten estas im\u00e1genes, el comentario generalizado es que bueno tampoco hay que sacar las cosas de contexto. \u00bfC\u00f3mo?, este hecho es un eslab\u00f3n de una cadena preocupante que est\u00e1 encadenando hecho lamentables de actitudes violentas tanto verbales como f\u00edsicas por parte de una gran mayor\u00eda de j\u00f3venes que cada fin de semana pierden el control de sus actos por el consumo excesivo de alcohol y sustancias t\u00f3xicas. Cabe preguntarse, \u00bfqu\u00e9 est\u00e1 ocurriendo?<\/p>\n<p style=\"text-align: justify;\">Por una parte y en el \u00e1mbito familiar, se confude la tolerancia con la permisividad. Todo vale y a cualquier precio. No se fijan unos referentes en cuanto a una educaci\u00f3n basada en potenciar los valores humanos y la cultura del esfuerzo. No se educa a los hijos en los principios b\u00e1sicos de su desarrollo, disciplina-orden-respeto. A veces cuando uno observa las actitudes de algunos padres, est\u00e1 uno tentado a decirles que si no son capaces de sacrificar su tiempo y su esfuerzo en educar a un hijo que no sean irresponsables en tenerlo\/s. Un hijo no es un animal de compa\u00f1\u00eda.<\/p>\n<p style=\"text-align: justify;\">A veces en mis paseos observo sentados en la terraza de una cafeter\u00eda a parejas con su hijo de corta edad, cada uno mirando la pantalla de un m\u00f3vil. En vez de aprovechar ese momento para hacer familia, para dialogar, se convierte ese momento en compartir soledades. Desde peque\u00f1o, \u00bfqu\u00e9 se le est\u00e1 ense\u00f1ando a ese hijo? A vivir aislado en su mundo, en una especie de autismo social. Un hijo, como cualquier persona necesita sentirse querido y escuchado, pero con darle comida y ropa el expediente est\u00e1 cubierto. Se confunde el control o inter\u00e9s que un padre debe tener por sus hijos menores con el atosigamiento o intromisi\u00f3n en su espacio vital, se confude una colleja bien dada y a su momento con el maltrato f\u00edsico. Llegaron los sic\u00f3logos con sus disparatadas teor\u00edas y pusieron la plaza boca abajo, diciendo que a los hijos no hay que ponerles obst\u00e1culo, que no hay que reprimirlos, que se han de criar a monte, libres y salvajes, ya que en caso contrario se les puede ocasionar a futuro unos traumas irreparables. Esas opiniones como dogma de fe y previo pago de la consulta pertinente. La madre que los pari\u00f3. Yo pertenezo a otra generaci\u00f3n que no tuvimos aprendices de brujos en forma de sic\u00f3logos y doy fe que como yo y hay muchos, no estamos ni traumatizados ni tarados.<\/p>\n<p style=\"text-align: justify;\">\u00bfD\u00f3nde est\u00e1n esos momentos de juegos con vecinos y conocidos? Uno tiene esa sensaci\u00f3n de infancia robada, de vivir conectado a un mundo virtual fr\u00edo e irreal cuando vivir es sentir y recordar las vivencias, la magia de ser ni\u00f1o y joven, la ilusi\u00f3n y los sue\u00f1os. Si a la vida le quitas el romanticismo, \u00bfqu\u00e9 queda?<\/p>\n<p style=\"text-align: justify;\">Es triste, muy triste, que hoy en d\u00eda apenas han abandonado la infancia se metan de lleno en el mundo descontrolado del botell\u00f3n, casos de ni\u00f1os con comas et\u00edlicos y no es exagerar, algo muy grave est\u00e1 ocurriendo en el seno familiar con tanta irresponsabilidad y desidia en la educaci\u00f3n y el cuidado de los hijos. Y si trasladamos esa p\u00e9sima educaci\u00f3n familiar al mundo escolar, no es raro que la autoridad moral que deben tener los docentes brille por su ausencia si no son apoyados por los padres. Este caos, este descontrol lo perciben los hijos, ni\u00f1os y adolescentes y el comportamiento salta a la vista, falta de respeto a padres, profesores y compa\u00f1eros, violencia f\u00edsica y verbal. Este caos es la consecuencia de una educaci\u00f3n sin disciplina y sin normas. \u00bfY estas generaciones han de gestionar la pol\u00edtica y la econom\u00eda de un pa\u00eds a medio y largo plazo? Si es as\u00ed que el \u00faltimo apague la luz.<\/p>\n<p style=\"text-align: justify;\">Por otra parte, la pol\u00edtica social que se ha venido implantando en los \u00faltimos a\u00f1os por las clases pol\u00edticas de uno u otro signo no han contribuido precisamente a aportar m\u00e1s luz, m\u00e1s bien al contrario y han sembrado la ceremonia de la confusi\u00f3n. Una pol\u00edtica populista basada en la demagogia y la libertad entendida como libertinaje, una pol\u00edtica\u00a0 de pan y circo, de contaminaci\u00f3n ideol\u00f3gica y de adoctrinamiento y aborregamiento de la masa. La actitudes corruptas de los pol\u00edticos, su enriquecimiento il\u00edcito no es el mejor caldo de cultivo, el mejor ejemplo para fomentar la cultura del esfuerzo y los valores \u00e9ticos y morales. No resulta extra\u00f1o pues que en la reciente ley de educaci\u00f3n se eliminen las calificaciones que en el fondo son un reconocimiento y un plus de motivaci\u00f3n para aquellos estudiantes que se esfuerzan en lograr unos objetivos, m\u00e1s bien al contrario se penalizan esas notas por cuestiones discriminatorias y el que no se esfuerza y no se interesa en saber no tenga razones para sentirse humillado. As\u00ed como pasar de un curso a otro sin haber superado el anterior. Y qu\u00e9 decir de la eliminaci\u00f3n de asignaturas encuadradas en Humanidades, tales como Filosof\u00eda, \u00c9tica, Historia, \u00a1qu\u00e9 aberraci\u00f3n, qu\u00e9 desprop\u00f3sito!<\/p>\n<p style=\"text-align: justify;\">Tampoco ha de extra\u00f1ar esto teniendo en cuenta que para aspirar a entrar en pol\u00edtica basta con ser mayor de edad y saber leer y escribir. O sea, ni una m\u00ednima formaci\u00f3n cultural ni moral. Cuando si usted aspira a entrar en una empresa privada, de entrada se le exige un curriculum y una experiencia demostrable y en funci\u00f3n de su val\u00eda se le asigna un cargo de relevancia y responsabilidad, En cambio en pol\u00edtica mezclamos churras con merinas y as\u00ed est\u00e1 el panorama. En un pa\u00eds con una juventud sin orden, sin disciplina, sin cultura, sin valores, sin sensibilidad, cabe preguntarse, \u00bfhacia d\u00f3nde va?<\/p>\n<p><strong>Francisco L, Rajoy Varela<\/strong><\/p>\n","protected":false},"excerpt":{"rendered":"<p>Cuando el otro d\u00eda observaba las im\u00e1genes de un colegio mayor de Madrid, repetidas hasta&#8230;<\/p>\n","protected":false},"author":1,"featured_media":56861,"comment_status":"closed","ping_status":"closed","sticky":false,"template":"","format":"standard","meta":{"_coblocks_attr":"","_coblocks_dimensions":"","_coblocks_responsive_height":"","_coblocks_accordion_ie_support":"","jetpack_post_was_ever_published":false,"_jetpack_newsletter_access":"","_jetpack_dont_email_post_to_subs":false,"_jetpack_newsletter_tier_id":0,"_jetpack_memberships_contains_paywalled_content":false,"_jetpack_memberships_contains_paid_content":false,"footnotes":"","jetpack_publicize_message":"","jetpack_publicize_feature_enabled":true,"jetpack_social_post_already_shared":true,"jetpack_social_options":{"image_generator_settings":{"template":"highway","default_image_id":0,"enabled":false},"version":2}},"categories":[187,1161,7167,14,186,44,7671,6937,15],"tags":[1258,27,9656],"class_list":["post-56860","post","type-post","status-publish","format-standard","has-post-thumbnail","hentry","category-centros-educativos","category-ciudadania","category-opinion-de-fco-luis-rajoy","category-feminismo","category-instituciones","category-noticias-de-hoy","category-politica","category-sociedad","category-ultimas-noticias","tag-asignaturas","tag-educacion","tag-politica-social"],"jetpack_publicize_connections":[],"jetpack_featured_media_url":"https:\/\/i0.wp.com\/miradordeatarfe.es\/wp-content\/uploads\/2022\/10\/0d6560af-1d67-472d-805d-940c1d13d65e_twitter-watermarked-aspect-ratio_default_0.jpg?fit=1200%2C628&ssl=1","jetpack_likes_enabled":true,"jetpack_sharing_enabled":true,"_links":{"self":[{"href":"https:\/\/miradordeatarfe.es\/index.php?rest_route=\/wp\/v2\/posts\/56860","targetHints":{"allow":["GET"]}}],"collection":[{"href":"https:\/\/miradordeatarfe.es\/index.php?rest_route=\/wp\/v2\/posts"}],"about":[{"href":"https:\/\/miradordeatarfe.es\/index.php?rest_route=\/wp\/v2\/types\/post"}],"author":[{"embeddable":true,"href":"https:\/\/miradordeatarfe.es\/index.php?rest_route=\/wp\/v2\/users\/1"}],"replies":[{"embeddable":true,"href":"https:\/\/miradordeatarfe.es\/index.php?rest_route=%2Fwp%2Fv2%2Fcomments&post=56860"}],"version-history":[{"count":1,"href":"https:\/\/miradordeatarfe.es\/index.php?rest_route=\/wp\/v2\/posts\/56860\/revisions"}],"predecessor-version":[{"id":56862,"href":"https:\/\/miradordeatarfe.es\/index.php?rest_route=\/wp\/v2\/posts\/56860\/revisions\/56862"}],"wp:featuredmedia":[{"embeddable":true,"href":"https:\/\/miradordeatarfe.es\/index.php?rest_route=\/wp\/v2\/media\/56861"}],"wp:attachment":[{"href":"https:\/\/miradordeatarfe.es\/index.php?rest_route=%2Fwp%2Fv2%2Fmedia&parent=56860"}],"wp:term":[{"taxonomy":"category","embeddable":true,"href":"https:\/\/miradordeatarfe.es\/index.php?rest_route=%2Fwp%2Fv2%2Fcategories&post=56860"},{"taxonomy":"post_tag","embeddable":true,"href":"https:\/\/miradordeatarfe.es\/index.php?rest_route=%2Fwp%2Fv2%2Ftags&post=56860"}],"curies":[{"name":"wp","href":"https:\/\/api.w.org\/{rel}","templated":true}]}}