{"id":56863,"date":"2022-10-20T11:12:13","date_gmt":"2022-10-20T09:12:13","guid":{"rendered":"https:\/\/miradordeatarfe.es\/?p=56863"},"modified":"2022-10-17T20:21:56","modified_gmt":"2022-10-17T18:21:56","slug":"asma-asmaton-un-desgarro-musical-por-alberto-granados","status":"publish","type":"post","link":"https:\/\/miradordeatarfe.es\/?p=56863","title":{"rendered":"\u00abASMA ASMAT\u00d3N: Un desgarro musical\u00bb por Alberto Granados"},"content":{"rendered":"<h3 style=\"text-align: justify;\">Algo que ignoran los seguidores de este blog es el hecho de que soy un consumidor compulsivo de cine y literatura relacionados con los nazis.<\/h3>\n<p style=\"text-align: justify;\">Cada libro y cada pel\u00edcula que veo sobre los totalitarismos del s. XX me provocan una reacci\u00f3n de rabia, de impotencia ante tama\u00f1a injusticia que obtengo un torrente de mala baba, de rechazo total y absoluto frente a los Stalin, Mussolini, Hitler, Franco y otros de menor calado. Es como un chute de racionalismo frente a la depravaci\u00f3n moral de los camisas negras, los SS, los falangistas valerosos de gatillo f\u00e1cil y dem\u00e1s indeseables, de esos que despu\u00e9s se acercan a misa y comulgan como inocentes benefactores de la moral p\u00fablica y la rectitud ideol\u00f3gica. De esos que hemos conocido tan de cerca en Espa\u00f1a y que ahora se est\u00e9n haciendo hueco en las instituciones, como si el juego democr\u00e1tico les hubiera interesado de verdad alguna vez.<\/p>\n<p style=\"text-align: justify;\">Al hilo de la idea anterior, hace unos meses encontr\u00e9 en YouTube una canci\u00f3n que al momento reconoc\u00ed como trascedente, pese a estar cantada en griego, y sobre la que posteriormente me inform\u00e9. Hoy la traigo a este blog, en el que existe una categor\u00eda dedicada a M\u00fasica, que hace tiempo que no visito.<\/p>\n<p style=\"text-align: justify;\">\u00a0\u00a0\u00a0\u00a0\u00a0\u00a0\u00a0\u00a0\u00a0 Se trata de <em>Asma asmat\u00f3n<\/em>, t\u00edtulo que equivale al salom\u00f3nico <em>Cantar de los cantares<\/em>, cuya historia quiero exponer para todos ustedes.<\/p>\n<p style=\"text-align: justify;\">\u00a0\u00a0\u00a0\u00a0\u00a0\u00a0\u00a0\u00a0\u00a0 Iakovos Kambanellis fue un conocido escritor greco-jud\u00edo, encerrado en el campo de exterminio de Mauthausen, en Austria. Fue testigo directo de todas las formas de la crueldad, pero consigui\u00f3 sobrevivir, aunque nunca olvid\u00f3 el horror, al que dio forma po\u00e9tica en su ciclo <em>Mauthausen<\/em>, que primero fue apareciendo en los suplementos literarios del diario griego <em>Elephteria<\/em>, y tras el consiguiente \u00e9xito, publicados en la editorial Themelios. Mientras se preparaba la edici\u00f3n, el autor eligi\u00f3 cuatro cap\u00edtulos, fundamentalmente narrativos, y los reconvirti\u00f3 en poemas, destinados a aparecer en el libro. Fue una sugerencia del editor que esos poemas los musicara el conocid\u00edsimo Mikis Theodorakis. Y el popular compositor supo darle tal profundidad a los textos que su <em>Balada de<\/em> <em>Mauthausen<\/em> se convirti\u00f3 pronto en un paradigma de m\u00fasica popular que trasciende su categor\u00eda para convertirse en algo mucho m\u00e1s serio.<\/p>\n<p style=\"text-align: justify;\"><img decoding=\"async\" class=\"CToWUd a6T\" tabindex=\"0\" src=\"https:\/\/ci6.googleusercontent.com\/proxy\/CqD6mmGsgDv2_5bLAGoIbdLcJAnA5hlMHlR9UNJit25AhFoHQnd1jmyUxV8SJjFLZYrTFC3KejgUejNAdcve8CCK8JJRudzLEbHHOe4fABTe-UZGbp-CeHs_4Zvp49Xtt0jOlWNdvVbjUw=s0-d-e1-ft#https:\/\/albertogranados.files.wordpress.com\/2022\/10\/the-ballade-of-mauthausen.jpg?w=560\" alt=\"\" data-bit=\"iit\" \/><\/p>\n<p style=\"text-align: justify;\">\u00a0\u00a0\u00a0\u00a0\u00a0\u00a0\u00a0\u00a0\u00a0 La <em>Balada de<\/em> <em>Mauthausen<\/em> tuvo un \u00e9xito inmediato y un recorrido glorioso con el paso del tiempo. As\u00ed, en 1988, la m\u00fasica de Theodorakis fue interpretada en un auditorio improvisado en el propio campo de Mauthausen por decisi\u00f3n del entonces canciller austriaco Franz Vranitzky. Las cuatro arias fueron interpretadas en griego (por Maria Farandouri), en hebreo (por Elinor Moav) y en alem\u00e1n (por Gisela Mayel).\u00a0 El mismo concierto se repiti\u00f3 en el campo al cumplirse 50 a\u00f1os de la liberaci\u00f3n. Y la Orquesta Filarm\u00f3nica de Israel hizo su versi\u00f3n, dirigida por Zubin Mehta en el Festival de Atenas. La Balada pronto apareci\u00f3 como grabaci\u00f3n musical, con lo que su difusi\u00f3n se multiplic\u00f3 exponencialmente, sobre todo en pa\u00edses donde los migrantes de origen hel\u00e9nico tienen amplia representaci\u00f3n.<\/p>\n<p style=\"text-align: justify;\">Iakovos Kambanellis conoci\u00f3 a una pareja de prisioneros que esperaban el momento para verse a trav\u00e9s de las alambradas que separaban a hombres y mujeres. Ve\u00eda las miradas expectantes, la alegr\u00eda del reencuentro, la pena de saberse tan fr\u00e1giles que en cualquier momento podr\u00eda ser ejecutado alguno de los dos. Y lleg\u00f3 el momento en que aquel prisionero de la sinraz\u00f3n sinti\u00f3 el amargo peso de la ausencia definitiva.<\/p>\n<p style=\"text-align: justify;\">Kambanellis les dedic\u00f3 su <em>Asma asmaton<\/em>, una par\u00e1frasis de un pasaje del <em>Cantar de los Cantares<\/em>, adaptada a la dram\u00e1tica situaci\u00f3n. Theodorakis, siempre comprometido, supo darle la profundidad que el nuevo texto requer\u00eda y consigui\u00f3 una canci\u00f3n bastante simple en su estructura musical, pero de una intensidad emocional deslumbrante. He encontrado varias traducciones, que he reelaborado para llegar a la que sigue:<\/p>\n<p><a href=\"https:\/\/www.youtube.com\/watch?v=eNgVdj4M4KM\" target=\"_blank\" rel=\"noopener\" data-saferedirecturl=\"https:\/\/www.google.com\/url?q=https:\/\/www.youtube.com\/watch?v%3DeNgVdj4M4KM&amp;source=gmail&amp;ust=1666079620882000&amp;usg=AOvVaw3zOLl_jFSLH1xj7yGR_I4Y\"><img decoding=\"async\" class=\"CToWUd\" src=\"https:\/\/ci6.googleusercontent.com\/proxy\/b7UU5zv0ItyyC27KHNcwEuLqByi8zwC3LxZ4VrzR2bPfSAQOnDEezkeISFtFz5JYsTxvwYFRd6dL2oWeRZE=s0-d-e1-ft#http:\/\/img.youtube.com\/vi\/eNgVdj4M4KM\/0.jpg\" data-bit=\"iit\" \/><\/a><\/p>\n<p><strong>\u00a1Qu\u00e9 hermosa era mi amada<\/strong><\/p>\n<p><strong>con su vestido de diario<\/strong><\/p>\n<p><strong>y una peineta en el pelo!<\/strong><\/p>\n<p><strong>Nadie supo que era tan hermosa.<\/strong><\/p>\n<p><strong>Muchachas de Auswitz,<\/strong><\/p>\n<p><strong>muchachas de Dachau,<\/strong><\/p>\n<p><strong>\u00bfhab\u00e9is visto a mi amante?<\/strong><\/p>\n<p><strong>La hemos visto en un viaje lejano,<\/strong><\/p>\n<p><strong>No ten\u00eda ya su vestido<\/strong><\/p>\n<p><strong>ni la peineta luc\u00eda en su pelo.<\/strong><\/p>\n<p><strong>\u00a1Qu\u00e9 hermosa era mi amada<\/strong>,<\/p>\n<p><strong>la mimada de su madre<\/strong><\/p>\n<p><strong>y llena de los besos de su hermano!<\/strong><\/p>\n<p><strong>Nadie supo que era tan hermosa.<\/strong><\/p>\n<p><strong>Muchachas de Mauthausen,<\/strong><\/p>\n<p><strong>muchachas de Belsen,<\/strong><\/p>\n<p><strong>\u00bfhab\u00e9is visto mi amor?<\/strong><\/p>\n<p><strong>La hemos visto en la plaza congelada<\/strong><\/p>\n<p><strong>con un n\u00famero en su mano blanca,<\/strong><\/p>\n<p><strong>y una estrella amarilla en el coraz\u00f3n.<\/strong><\/p>\n<p><strong>\u00a1Qu\u00e9 hermosa era mi amada<\/strong>,<\/p>\n<p><strong>la mimada de su madre<\/strong><\/p>\n<p><strong>y llena de los besos de su hermano!<\/strong><\/p>\n<p><strong>Nadie supo que era tan hermosa.<\/strong><\/p>\n<p>Unos simples versos llenos de sencillez, repetitivos, casi de canci\u00f3n infantil, una voz y la m\u00fasica de Mikis Theodorakis pueden crear un cl\u00edmax obsesivo de dolor, soledad y desgarro provocados por la barbarie. Nunca deber\u00edamos ser testigos de estas simples tragedias.<\/p>\n<p><strong>Alberto Granados<\/strong><\/p>\n<p>foto: https:\/\/hmong.es\/wiki\/Mauthausen_Trilogy<\/p>\n","protected":false},"excerpt":{"rendered":"<p>Algo que ignoran los seguidores de este blog es el hecho de que soy un&#8230;<\/p>\n","protected":false},"author":1,"featured_media":56864,"comment_status":"closed","ping_status":"closed","sticky":false,"template":"","format":"standard","meta":{"_coblocks_attr":"","_coblocks_dimensions":"","_coblocks_responsive_height":"","_coblocks_accordion_ie_support":"","jetpack_post_was_ever_published":false,"_jetpack_newsletter_access":"","_jetpack_dont_email_post_to_subs":false,"_jetpack_newsletter_tier_id":0,"_jetpack_memberships_contains_paywalled_content":false,"_jetpack_memberships_contains_paid_content":false,"footnotes":"","jetpack_publicize_message":"","jetpack_publicize_feature_enabled":true,"jetpack_social_post_already_shared":true,"jetpack_social_options":{"image_generator_settings":{"template":"highway","default_image_id":0,"enabled":false},"version":2}},"categories":[39,1161,44,7671,6937,15],"tags":[9657,7603],"class_list":["post-56863","post","type-post","status-publish","format-standard","has-post-thumbnail","hentry","category-opinion-de-alberto-granados","category-ciudadania","category-noticias-de-hoy","category-politica","category-sociedad","category-ultimas-noticias","tag-balada","tag-nazis"],"jetpack_publicize_connections":[],"jetpack_featured_media_url":"https:\/\/i0.wp.com\/miradordeatarfe.es\/wp-content\/uploads\/2022\/10\/440px-Mauthausen_Trilogy_cover.jpg?fit=440%2C390&ssl=1","jetpack_likes_enabled":true,"jetpack_sharing_enabled":true,"_links":{"self":[{"href":"https:\/\/miradordeatarfe.es\/index.php?rest_route=\/wp\/v2\/posts\/56863","targetHints":{"allow":["GET"]}}],"collection":[{"href":"https:\/\/miradordeatarfe.es\/index.php?rest_route=\/wp\/v2\/posts"}],"about":[{"href":"https:\/\/miradordeatarfe.es\/index.php?rest_route=\/wp\/v2\/types\/post"}],"author":[{"embeddable":true,"href":"https:\/\/miradordeatarfe.es\/index.php?rest_route=\/wp\/v2\/users\/1"}],"replies":[{"embeddable":true,"href":"https:\/\/miradordeatarfe.es\/index.php?rest_route=%2Fwp%2Fv2%2Fcomments&post=56863"}],"version-history":[{"count":2,"href":"https:\/\/miradordeatarfe.es\/index.php?rest_route=\/wp\/v2\/posts\/56863\/revisions"}],"predecessor-version":[{"id":56866,"href":"https:\/\/miradordeatarfe.es\/index.php?rest_route=\/wp\/v2\/posts\/56863\/revisions\/56866"}],"wp:featuredmedia":[{"embeddable":true,"href":"https:\/\/miradordeatarfe.es\/index.php?rest_route=\/wp\/v2\/media\/56864"}],"wp:attachment":[{"href":"https:\/\/miradordeatarfe.es\/index.php?rest_route=%2Fwp%2Fv2%2Fmedia&parent=56863"}],"wp:term":[{"taxonomy":"category","embeddable":true,"href":"https:\/\/miradordeatarfe.es\/index.php?rest_route=%2Fwp%2Fv2%2Fcategories&post=56863"},{"taxonomy":"post_tag","embeddable":true,"href":"https:\/\/miradordeatarfe.es\/index.php?rest_route=%2Fwp%2Fv2%2Ftags&post=56863"}],"curies":[{"name":"wp","href":"https:\/\/api.w.org\/{rel}","templated":true}]}}