{"id":56868,"date":"2022-10-21T10:59:53","date_gmt":"2022-10-21T08:59:53","guid":{"rendered":"https:\/\/miradordeatarfe.es\/?p=56868"},"modified":"2022-10-20T12:14:40","modified_gmt":"2022-10-20T10:14:40","slug":"atarfe-celebraciones-de-halloween","status":"publish","type":"post","link":"https:\/\/miradordeatarfe.es\/?p=56868","title":{"rendered":"ATARFE: CELEBRACIONES DE HALLOWEEN"},"content":{"rendered":"<p style=\"text-align: justify;\"><b>Halloween<\/b> o <b>Hallowe&#8217;en<\/b> (contracci\u00f3n de <i>All Hallows\u2019 evening<\/i>; literalmente en espa\u00f1ol, \u00abv\u00edspera de Todos los Santos\u00bb), tambi\u00e9n conocido como <b>V\u00edspera de Todos los Santos<\/b>,\u200b <b>Noche de los Muertos<\/b>, <b>Noche de Brujas<\/b> o <b>Allhalloween<\/b>, es una celebraci\u00f3n internacional que se celebra el 31 de octubre, v\u00edspera de la fiesta cristiana occidental del D\u00eda de Todos los Santos. Coincide con el primero de los tres d\u00edas que componen Allhallowtide, el tiempo del a\u00f1o lit\u00fargico dedicado a recordar a los muertos, incluidos los santos (a trav\u00e9s de sus reliquias), m\u00e1rtires y todos los fieles difuntos.<sup id=\"cite_ref-9\" class=\"reference separada\"><\/sup><\/p>\n<p style=\"text-align: justify;\">Las actividades de Halloween incluyen el <a title=\"Dulce o truco\" href=\"https:\/\/es.wikipedia.org\/wiki\/Dulce_o_truco\">dulce o truco<\/a> (o el disfraz y el alma relacionados), asistir a fiestas de disfraces de Halloween, tallar calabazas en jack-o&#8217;-lanterns, encender hogueras, menear manzanas, juegos de adivinaci\u00f3n, hacer bromas, visitar atracciones embrujadas, contar historias que producen miedo, adem\u00e1s de ver pel\u00edculas de terror.<sup id=\"cite_ref-Fieldhouse2017p256_21-0\" class=\"reference separada\"><\/sup><\/p>\n<p style=\"text-align: justify;\">Este a\u00f1o ATARFE celebra\u00a0 el pasaje del terror que viene cargado de sorpresas. \u00bfSer\u00e1s capaz de salir por tu propio pie? No te lo pierdas, <strong>el 29 de Octubre en el Coliseo de Atarfe.<\/strong> Inscripciones al n\u00famero <strong>676484703.<\/strong> Recuerda que es <strong>a partir de 14 a\u00f1os<\/strong><\/p>\n<p style=\"text-align: justify;\"><a href=\"https:\/\/i0.wp.com\/miradordeatarfe.es\/wp-content\/uploads\/2022\/10\/cartel-whatsapp-image-2022-10-14-at-12-32-16-pm-3.jpg?ssl=1\"><img data-recalc-dims=\"1\" loading=\"lazy\" decoding=\"async\" class=\"alignnone wp-image-56869 size-full\" src=\"https:\/\/i0.wp.com\/miradordeatarfe.es\/wp-content\/uploads\/2022\/10\/cartel-whatsapp-image-2022-10-14-at-12-32-16-pm-3.jpg?resize=600%2C849&#038;ssl=1\" alt=\"\" width=\"600\" height=\"849\" srcset=\"https:\/\/i0.wp.com\/miradordeatarfe.es\/wp-content\/uploads\/2022\/10\/cartel-whatsapp-image-2022-10-14-at-12-32-16-pm-3.jpg?w=600&amp;ssl=1 600w, https:\/\/i0.wp.com\/miradordeatarfe.es\/wp-content\/uploads\/2022\/10\/cartel-whatsapp-image-2022-10-14-at-12-32-16-pm-3.jpg?resize=212%2C300&amp;ssl=1 212w\" sizes=\"auto, (max-width: 600px) 100vw, 600px\" \/><\/a><\/p>\n<div class=\"\" dir=\"auto\">\n<div id=\"jsc_c_gy\" class=\"x1iorvi4 x1pi30zi x1l90r2v x1swvt13\" data-ad-comet-preview=\"message\" data-ad-preview=\"message\">\n<div class=\"x78zum5 xdt5ytf xz62fqu x16ldp7u\">\n<div class=\"xu06os2 x1ok221b\">\n<div class=\"xdj266r x11i5rnm xat24cr x1mh8g0r x1vvkbs x126k92a\" style=\"text-align: justify;\">\n<h3 dir=\"auto\">Y el lunes 31 por la tarde-noche&#8230;, CELEBRAMOS HALLOWEEN para toda la familia.<\/h3>\n<div dir=\"auto\">PASACALLES TERROR\u00cdFICO. Podr\u00e1s venir disfrazado\/a.<strong> Salida a las 18:00 horas desde la Plaza del Ayuntamiento hasta el Coliseo<\/strong> de Atarfe donde podr\u00e1s disfrutar de Talleres, Hinchables y un Pasaje del Terror para que los m\u00e1s peque\u00f1os puedan disfrutar en familia.<\/div>\n<div dir=\"auto\">\u00a0<\/div>\n<div dir=\"auto\"><a href=\"https:\/\/i0.wp.com\/miradordeatarfe.es\/wp-content\/uploads\/2022\/10\/NINOS.jpg?ssl=1\"><img data-recalc-dims=\"1\" loading=\"lazy\" decoding=\"async\" class=\"alignnone wp-image-56870 \" src=\"https:\/\/i0.wp.com\/miradordeatarfe.es\/wp-content\/uploads\/2022\/10\/NINOS.jpg?resize=612%2C866&#038;ssl=1\" alt=\"\" width=\"612\" height=\"866\" srcset=\"https:\/\/i0.wp.com\/miradordeatarfe.es\/wp-content\/uploads\/2022\/10\/NINOS.jpg?w=509&amp;ssl=1 509w, https:\/\/i0.wp.com\/miradordeatarfe.es\/wp-content\/uploads\/2022\/10\/NINOS.jpg?resize=212%2C300&amp;ssl=1 212w\" sizes=\"auto, (max-width: 612px) 100vw, 612px\" \/><\/a><\/div>\n<\/div>\n<div dir=\"auto\">\u00a0<\/div>\n<div dir=\"auto\" style=\"text-align: justify;\">\n<div class=\"\" dir=\"auto\">\n<div class=\"\" dir=\"auto\">\n<div class=\"x1iorvi4 x1pi30zi x1l90r2v x1swvt13\" data-ad-comet-preview=\"message\" data-ad-preview=\"message\">\n<div class=\"x78zum5 xdt5ytf xz62fqu x16ldp7u\">\n<div class=\"xu06os2 x1ok221b\">\n<div class=\"xdj266r x11i5rnm xat24cr x1mh8g0r x1vvkbs x126k92a\">\n<div dir=\"auto\">El\u00a0 CEIP Clara Campoamor de Atarfe invita a su Comunidad Educativa a colaborar en la jornada programada por el <strong>Equipo Biling\u00fce para la celebraci\u00f3n de HALLOWEEN<\/strong>.<\/div>\n<\/div>\n<div class=\"x11i5rnm xat24cr x1mh8g0r x1vvkbs xtlvy1s x126k92a\">\n<div dir=\"auto\">Animamos a nuestras familias a colaborar en la Exposici\u00f3n de manualidades TERROR\u00cdFICAS. El plazo de recepci\u00f3n de manualidades comienza el pr\u00f3ximo Lunes 17 y finaliza el Viernes 21. En funci\u00f3n del ciclo que curse el alumno\/a las categor\u00edas a participar son las siguientes:<\/div>\n<\/div>\n<div class=\"x11i5rnm xat24cr x1mh8g0r x1vvkbs xtlvy1s x126k92a\">\n<div dir=\"auto\">&#8211; Infantil: tarjetas terror\u00edficas<\/div>\n<div dir=\"auto\">&#8211; 1\u00ba Ciclo: melones y calabazas a modo de farolillos<\/div>\n<div dir=\"auto\">&#8211; 2\u00ba Ciclo: escobas voladoras divertidas<\/div>\n<div dir=\"auto\">&#8211; 3\u00ba Ciclo: gorros de brujas\/os<\/div>\n<\/div>\n<div class=\"x11i5rnm xat24cr x1mh8g0r x1vvkbs xtlvy1s x126k92a\">\n<div dir=\"auto\">\u00a0<\/div>\n<div dir=\"auto\">Adem\u00e1s el propio Viernes 28 de Octubre el alumnado podr\u00e1 venir disfrazado para participar en La pasarela de disfraces. Durante toda la semana el alumnado colaborar\u00e1 en la decoraci\u00f3n del centro.<\/div>\n<div dir=\"auto\">\u00a0<\/div>\n<div dir=\"auto\"><a href=\"https:\/\/i0.wp.com\/miradordeatarfe.es\/wp-content\/uploads\/2022\/10\/clara.jpg?ssl=1\"><img data-recalc-dims=\"1\" loading=\"lazy\" decoding=\"async\" class=\"alignnone wp-image-56899 \" src=\"https:\/\/i0.wp.com\/miradordeatarfe.es\/wp-content\/uploads\/2022\/10\/clara.jpg?resize=579%2C819&#038;ssl=1\" alt=\"\" width=\"579\" height=\"819\" srcset=\"https:\/\/i0.wp.com\/miradordeatarfe.es\/wp-content\/uploads\/2022\/10\/clara.jpg?w=509&amp;ssl=1 509w, https:\/\/i0.wp.com\/miradordeatarfe.es\/wp-content\/uploads\/2022\/10\/clara.jpg?resize=212%2C300&amp;ssl=1 212w\" sizes=\"auto, (max-width: 579px) 100vw, 579px\" \/><\/a><\/div>\n<\/div>\n<\/div>\n<\/div>\n<\/div>\n<\/div>\n<\/div>\n<\/div>\n<\/div>\n<\/div>\n<\/div>\n<\/div>\n","protected":false},"excerpt":{"rendered":"<p>Halloween o Hallowe&#8217;en (contracci\u00f3n de All Hallows\u2019 evening; literalmente en espa\u00f1ol, \u00abv\u00edspera de Todos los&#8230;<\/p>\n","protected":false},"author":1,"featured_media":56923,"comment_status":"closed","ping_status":"closed","sticky":false,"template":"","format":"standard","meta":{"_coblocks_attr":"","_coblocks_dimensions":"","_coblocks_responsive_height":"","_coblocks_accordion_ie_support":"","jetpack_post_was_ever_published":false,"_jetpack_newsletter_access":"","_jetpack_dont_email_post_to_subs":false,"_jetpack_newsletter_tier_id":0,"_jetpack_memberships_contains_paywalled_content":false,"_jetpack_memberships_contains_paid_content":false,"footnotes":"","jetpack_publicize_message":"","jetpack_publicize_feature_enabled":true,"jetpack_social_post_already_shared":true,"jetpack_social_options":{"image_generator_settings":{"template":"highway","default_image_id":0,"enabled":false},"version":2}},"categories":[2,6916,1161,44,6937,15],"tags":[],"class_list":["post-56868","post","type-post","status-publish","format-standard","has-post-thumbnail","hentry","category-atarfe","category-ayuntamiento-de-atarfe","category-ciudadania","category-noticias-de-hoy","category-sociedad","category-ultimas-noticias"],"jetpack_publicize_connections":[],"jetpack_featured_media_url":"https:\/\/i0.wp.com\/miradordeatarfe.es\/wp-content\/uploads\/2022\/10\/indice-1.jpg?fit=300%2C168&ssl=1","jetpack_likes_enabled":true,"jetpack_sharing_enabled":true,"_links":{"self":[{"href":"https:\/\/miradordeatarfe.es\/index.php?rest_route=\/wp\/v2\/posts\/56868","targetHints":{"allow":["GET"]}}],"collection":[{"href":"https:\/\/miradordeatarfe.es\/index.php?rest_route=\/wp\/v2\/posts"}],"about":[{"href":"https:\/\/miradordeatarfe.es\/index.php?rest_route=\/wp\/v2\/types\/post"}],"author":[{"embeddable":true,"href":"https:\/\/miradordeatarfe.es\/index.php?rest_route=\/wp\/v2\/users\/1"}],"replies":[{"embeddable":true,"href":"https:\/\/miradordeatarfe.es\/index.php?rest_route=%2Fwp%2Fv2%2Fcomments&post=56868"}],"version-history":[{"count":3,"href":"https:\/\/miradordeatarfe.es\/index.php?rest_route=\/wp\/v2\/posts\/56868\/revisions"}],"predecessor-version":[{"id":56898,"href":"https:\/\/miradordeatarfe.es\/index.php?rest_route=\/wp\/v2\/posts\/56868\/revisions\/56898"}],"wp:featuredmedia":[{"embeddable":true,"href":"https:\/\/miradordeatarfe.es\/index.php?rest_route=\/wp\/v2\/media\/56923"}],"wp:attachment":[{"href":"https:\/\/miradordeatarfe.es\/index.php?rest_route=%2Fwp%2Fv2%2Fmedia&parent=56868"}],"wp:term":[{"taxonomy":"category","embeddable":true,"href":"https:\/\/miradordeatarfe.es\/index.php?rest_route=%2Fwp%2Fv2%2Fcategories&post=56868"},{"taxonomy":"post_tag","embeddable":true,"href":"https:\/\/miradordeatarfe.es\/index.php?rest_route=%2Fwp%2Fv2%2Ftags&post=56868"}],"curies":[{"name":"wp","href":"https:\/\/api.w.org\/{rel}","templated":true}]}}